{"id":42992,"date":"2022-09-25T14:35:00","date_gmt":"2022-09-25T17:35:00","guid":{"rendered":"https:\/\/blogopara.com.br\/?p=42992"},"modified":"2022-09-25T12:25:50","modified_gmt":"2022-09-25T15:25:50","slug":"cercado-por-milhares-de-pessoas-joao-leao-afirma-que-ao-lado-de-caca-e-antonio-henrique-junior-angical-deixara-de-ser-fim-e-se-tornara-meio","status":"publish","type":"post","link":"https:\/\/blogopara.com.br\/index.php\/2022\/09\/25\/cercado-por-milhares-de-pessoas-joao-leao-afirma-que-ao-lado-de-caca-e-antonio-henrique-junior-angical-deixara-de-ser-fim-e-se-tornara-meio","title":{"rendered":"Cercado por milhares de pessoas Jo\u00e3o Le\u00e3o afirma que  \u201cao lado de Cac\u00e1 e Ant\u00f4nio Henrique J\u00fanior, Angical deixar\u00e1 de ser fim e se tornar\u00e1 meio\u201d"},"content":{"rendered":"<p style=\"text-align: justify;\">\u201c Um encontro memor\u00e1vel\u201d, classifica o candidato a deputado federal que ainda participou de uma carreata no munic\u00edpio.<\/p>\n<p style=\"text-align: justify;\">\u201cVivemos hoje aqui um momento hist\u00f3rico. Angical precisa e deve ser cuidada com carinho \u00e9 um cidade que tem tudo pra ter um crescimento cont\u00ednuo. Eu, Cac\u00e1 Le\u00e3o e Ant\u00f4nio Henrique J\u00fanior faremos uma transforma\u00e7\u00e3o: Angical deixar\u00e1 de ser &#8216;fim e ser\u00e1 meio\u2019. Angical ser\u00e1 uma cidade refer\u00eancia, o meio para o desenvolvimento\u201d, garantiu.<\/p>\n<p style=\"text-align: justify;\">Le\u00e3o afirmou ainda n\u00e3o esconder a emo\u00e7\u00e3o de ter visto centenas de carros e motos durante a carreata.<\/p>\n<p style=\"text-align: justify;\">\u201c\u00c9 emocionante ver essa multid\u00e3o nos acompanhando, pessoas que sa\u00edram de casa para mostrar apoio e a confian\u00e7a em um projeto que vai colocar a Bahia em lugar de destaque. Obrigado Angical, saio hoje daqui com a certeza da vit\u00f3ria e que faremos muito mais por nossa amada Bahia.<\/p>\n\n\n<p>Ascom Jo\u00e3o Le\u00e3o<\/p>\n","protected":false},"excerpt":{"rendered":"<p>\u201c Um encontro memor\u00e1vel\u201d, classifica o candidato a deputado federal que ainda participou de uma carreata no munic\u00edpio. \u201cVivemos hoje aqui um momento hist\u00f3rico. Angical precisa e deve ser cuidada com carinho \u00e9 um cidade que tem tudo pra ter um crescimento cont\u00ednuo. Eu, Cac\u00e1 Le\u00e3o e Ant\u00f4nio Henrique J\u00fanior faremos uma transforma\u00e7\u00e3o: Angical deixar\u00e1 [&hellip;]<\/p>\n","protected":false},"author":1,"featured_media":42993,"comment_status":"closed","ping_status":"open","sticky":false,"template":"","format":"standard","meta":{"_uag_custom_page_level_css":"","_monsterinsights_skip_tracking":false,"_monsterinsights_sitenote_active":false,"_monsterinsights_sitenote_note":"","_monsterinsights_sitenote_category":0,"jetpack_post_was_ever_published":false,"_jetpack_newsletter_access":"","_jetpack_dont_email_post_to_subs":false,"_jetpack_newsletter_tier_id":0,"_jetpack_memberships_contains_paywalled_content":false,"_jetpack_memberships_contains_paid_content":false,"footnotes":"","jetpack_publicize_message":"","jetpack_publicize_feature_enabled":true,"jetpack_social_post_already_shared":true,"jetpack_social_options":{"image_generator_settings":{"template":"highway","default_image_id":0,"font":"","enabled":false},"version":2}},"categories":[199,197],"tags":[],"class_list":["post-42992","post","type-post","status-publish","format-standard","has-post-thumbnail","hentry","category-bahia","category-politica"],"jetpack_publicize_connections":[],"jetpack_featured_media_url":"https:\/\/blogopara.com.br\/wp-content\/uploads\/2022\/09\/WhatsApp-Image-2022-09-25-at-10.39.01.jpg","uagb_featured_image_src":{"full":["https:\/\/blogopara.com.br\/wp-content\/uploads\/2022\/09\/WhatsApp-Image-2022-09-25-at-10.39.01.jpg",500,381,false],"thumbnail":["https:\/\/blogopara.com.br\/wp-content\/uploads\/2022\/09\/WhatsApp-Image-2022-09-25-at-10.39.01-150x150.jpg",150,150,true],"medium":["https:\/\/blogopara.com.br\/wp-content\/uploads\/2022\/09\/WhatsApp-Image-2022-09-25-at-10.39.01-300x229.jpg",300,229,true],"medium_large":["https:\/\/blogopara.com.br\/wp-content\/uploads\/2022\/09\/WhatsApp-Image-2022-09-25-at-10.39.01.jpg",500,381,false],"large":["https:\/\/blogopara.com.br\/wp-content\/uploads\/2022\/09\/WhatsApp-Image-2022-09-25-at-10.39.01.jpg",500,381,false],"1536x1536":["https:\/\/blogopara.com.br\/wp-content\/uploads\/2022\/09\/WhatsApp-Image-2022-09-25-at-10.39.01.jpg",500,381,false],"2048x2048":["https:\/\/blogopara.com.br\/wp-content\/uploads\/2022\/09\/WhatsApp-Image-2022-09-25-at-10.39.01.jpg",500,381,false],"mantranews-slider-large":["https:\/\/blogopara.com.br\/wp-content\/uploads\/2022\/09\/WhatsApp-Image-2022-09-25-at-10.39.01.jpg",500,381,false],"mantranews-featured-medium":["https:\/\/blogopara.com.br\/wp-content\/uploads\/2022\/09\/WhatsApp-Image-2022-09-25-at-10.39.01-420x307.jpg",420,307,true],"mantranews-featured-long":["https:\/\/blogopara.com.br\/wp-content\/uploads\/2022\/09\/WhatsApp-Image-2022-09-25-at-10.39.01-300x381.jpg",300,381,true],"mantranews-block-medium":["https:\/\/blogopara.com.br\/wp-content\/uploads\/2022\/09\/WhatsApp-Image-2022-09-25-at-10.39.01-464x290.jpg",464,290,true],"mantranews-carousel-image":["https:\/\/blogopara.com.br\/wp-content\/uploads\/2022\/09\/WhatsApp-Image-2022-09-25-at-10.39.01.jpg",500,381,false],"mantranews-block-thumb":["https:\/\/blogopara.com.br\/wp-content\/uploads\/2022\/09\/WhatsApp-Image-2022-09-25-at-10.39.01-322x230.jpg",322,230,true],"mantranews-single-large":["https:\/\/blogopara.com.br\/wp-content\/uploads\/2022\/09\/WhatsApp-Image-2022-09-25-at-10.39.01.jpg",500,381,false]},"uagb_author_info":{"display_name":"Reda\u00e7\u00e3o geral","author_link":"https:\/\/blogopara.com.br\/index.php\/author\/blogopara"},"uagb_comment_info":0,"uagb_excerpt":"\u201c Um encontro memor\u00e1vel\u201d, classifica o candidato a deputado federal que ainda participou de uma carreata no munic\u00edpio. \u201cVivemos hoje aqui um momento hist\u00f3rico. Angical precisa e deve ser cuidada com carinho \u00e9 um cidade que tem tudo pra ter um crescimento cont\u00ednuo. Eu, Cac\u00e1 Le\u00e3o e Ant\u00f4nio Henrique J\u00fanior faremos uma transforma\u00e7\u00e3o: Angical deixar\u00e1&hellip;","jetpack_sharing_enabled":true,"jetpack_likes_enabled":true,"_links":{"self":[{"href":"https:\/\/blogopara.com.br\/index.php\/wp-json\/wp\/v2\/posts\/42992","targetHints":{"allow":["GET"]}}],"collection":[{"href":"https:\/\/blogopara.com.br\/index.php\/wp-json\/wp\/v2\/posts"}],"about":[{"href":"https:\/\/blogopara.com.br\/index.php\/wp-json\/wp\/v2\/types\/post"}],"author":[{"embeddable":true,"href":"https:\/\/blogopara.com.br\/index.php\/wp-json\/wp\/v2\/users\/1"}],"replies":[{"embeddable":true,"href":"https:\/\/blogopara.com.br\/index.php\/wp-json\/wp\/v2\/comments?post=42992"}],"version-history":[{"count":1,"href":"https:\/\/blogopara.com.br\/index.php\/wp-json\/wp\/v2\/posts\/42992\/revisions"}],"predecessor-version":[{"id":42994,"href":"https:\/\/blogopara.com.br\/index.php\/wp-json\/wp\/v2\/posts\/42992\/revisions\/42994"}],"wp:featuredmedia":[{"embeddable":true,"href":"https:\/\/blogopara.com.br\/index.php\/wp-json\/wp\/v2\/media\/42993"}],"wp:attachment":[{"href":"https:\/\/blogopara.com.br\/index.php\/wp-json\/wp\/v2\/media?parent=42992"}],"wp:term":[{"taxonomy":"category","embeddable":true,"href":"https:\/\/blogopara.com.br\/index.php\/wp-json\/wp\/v2\/categories?post=42992"},{"taxonomy":"post_tag","embeddable":true,"href":"https:\/\/blogopara.com.br\/index.php\/wp-json\/wp\/v2\/tags?post=42992"}],"curies":[{"name":"wp","href":"https:\/\/api.w.org\/{rel}","templated":true}]}}