{"id":43219,"date":"2022-09-29T11:35:00","date_gmt":"2022-09-29T14:35:00","guid":{"rendered":"https:\/\/blogopara.com.br\/?p=43219"},"modified":"2022-09-28T21:23:17","modified_gmt":"2022-09-29T00:23:17","slug":"tse-abre-cadastro-para-o-centro-de-divulgacao-das-eleicoes-cde-2022-virtual","status":"publish","type":"post","link":"https:\/\/blogopara.com.br\/index.php\/2022\/09\/29\/tse-abre-cadastro-para-o-centro-de-divulgacao-das-eleicoes-cde-2022-virtual","title":{"rendered":"TSE abre cadastro para o Centro de Divulga\u00e7\u00e3o das Elei\u00e7\u00f5es (CDE 2022) Virtual"},"content":{"rendered":"<p style=\"text-align: justify;\">O Tribunal Superior Eleitoral (TSE) abre nesta quarta-feira (7), o credenciamento de ve\u00edculos de comunica\u00e7\u00e3o e de profissionais de imprensa que desejam receber, de forma virtual, informa\u00e7\u00f5es sobre as Elei\u00e7\u00f5es Gerais de 2022, que v\u00e3o acontecer nos dias 2 de outubro (primeiro turno) e 30 de outubro (segundo turno, onde houver).<\/p>\n<p style=\"text-align: justify;\">Os interessados devem acessar o formul\u00e1rio de inscri\u00e7\u00e3o \u2013 dispon\u00edvel no Portal do Tribunal \u2013 para requerer o acesso ao CDE Virtual, criado para facilitar a comunica\u00e7\u00e3o com os profissionais de todo o pa\u00eds. O credenciamento poder\u00e1 ser feito at\u00e9 o dia 30 de setembro pelo<a href=\"https:\/\/www.tse.jus.br\/comunicacao\/cde-virtual\"> portal do TSE<\/a>.<\/p>\n<p style=\"text-align: justify;\">Para divulgar as informa\u00e7\u00f5es de maneira r\u00e1pida e objetiva, a Secom&nbsp; do Tribunal vai criar &nbsp;grupos espec\u00edficos no aplicativo WhatsApp para cada tipo de m\u00eddia \u2013 r\u00e1dio, TV, foto e imprensa escrita. Todas as informa\u00e7\u00f5es produzidas ser\u00e3o encaminhadas para os grupos, no formato das respectivas m\u00eddias.<\/p>\n<p style=\"text-align: justify;\">Para o CDE Virtual, os cadastros podem ser feitos pelos pr\u00f3prios profissionais de imprensa.<\/p>\n<p style=\"text-align: justify;\">A aprova\u00e7\u00e3o do registro do jornalista para acesso ao CDE Virtual ser\u00e1 feita pela Secretaria de Comunica\u00e7\u00e3o Social e Multim\u00eddia (Secom\/TSE).&nbsp;Constatado o preenchimento correto do formul\u00e1rio, a Secom enviar\u00e1 um e-mail com as informa\u00e7\u00f5es de como vai funcionar o CDE Virtual.<\/p>\n<p style=\"text-align: justify;\">Mais informa\u00e7\u00f5es podem ser obtidas na <a href=\"https:\/\/www.justicaeleitoral.jus.br\/cde-2022\/\">p\u00e1gina do CDE 2022<\/a> ou diretamente na Secom do TSE, pelos telefones (61) 3030-7077 e (61) 3030-7080.<\/p>\n<p style=\"text-align: justify;\">TSE<\/p>\n","protected":false},"excerpt":{"rendered":"<p>O Tribunal Superior Eleitoral (TSE) abre nesta quarta-feira (7), o credenciamento de ve\u00edculos de comunica\u00e7\u00e3o e de profissionais de imprensa que desejam receber, de forma virtual, informa\u00e7\u00f5es sobre as Elei\u00e7\u00f5es Gerais de 2022, que v\u00e3o acontecer nos dias 2 de outubro (primeiro turno) e 30 de outubro (segundo turno, onde houver). Os interessados devem acessar [&hellip;]<\/p>\n","protected":false},"author":1,"featured_media":43220,"comment_status":"closed","ping_status":"open","sticky":false,"template":"","format":"standard","meta":{"_uag_custom_page_level_css":"","_monsterinsights_skip_tracking":false,"_monsterinsights_sitenote_active":false,"_monsterinsights_sitenote_note":"","_monsterinsights_sitenote_category":0,"jetpack_post_was_ever_published":false,"_jetpack_newsletter_access":"","_jetpack_dont_email_post_to_subs":false,"_jetpack_newsletter_tier_id":0,"_jetpack_memberships_contains_paywalled_content":false,"_jetpack_memberships_contains_paid_content":false,"footnotes":"","jetpack_publicize_message":"","jetpack_publicize_feature_enabled":true,"jetpack_social_post_already_shared":true,"jetpack_social_options":{"image_generator_settings":{"template":"highway","default_image_id":0,"font":"","enabled":false},"version":2}},"categories":[10109],"tags":[],"class_list":["post-43219","post","type-post","status-publish","format-standard","has-post-thumbnail","hentry","category-eleicoes-2022"],"jetpack_publicize_connections":[],"jetpack_featured_media_url":"https:\/\/blogopara.com.br\/wp-content\/uploads\/2022\/09\/99ac597a-fea3-4648-a7ba-0eea6cde2c64.jpg","uagb_featured_image_src":{"full":["https:\/\/blogopara.com.br\/wp-content\/uploads\/2022\/09\/99ac597a-fea3-4648-a7ba-0eea6cde2c64.jpg",500,241,false],"thumbnail":["https:\/\/blogopara.com.br\/wp-content\/uploads\/2022\/09\/99ac597a-fea3-4648-a7ba-0eea6cde2c64-150x150.jpg",150,150,true],"medium":["https:\/\/blogopara.com.br\/wp-content\/uploads\/2022\/09\/99ac597a-fea3-4648-a7ba-0eea6cde2c64-300x145.jpg",300,145,true],"medium_large":["https:\/\/blogopara.com.br\/wp-content\/uploads\/2022\/09\/99ac597a-fea3-4648-a7ba-0eea6cde2c64.jpg",500,241,false],"large":["https:\/\/blogopara.com.br\/wp-content\/uploads\/2022\/09\/99ac597a-fea3-4648-a7ba-0eea6cde2c64.jpg",500,241,false],"1536x1536":["https:\/\/blogopara.com.br\/wp-content\/uploads\/2022\/09\/99ac597a-fea3-4648-a7ba-0eea6cde2c64.jpg",500,241,false],"2048x2048":["https:\/\/blogopara.com.br\/wp-content\/uploads\/2022\/09\/99ac597a-fea3-4648-a7ba-0eea6cde2c64.jpg",500,241,false],"mantranews-slider-large":["https:\/\/blogopara.com.br\/wp-content\/uploads\/2022\/09\/99ac597a-fea3-4648-a7ba-0eea6cde2c64.jpg",500,241,false],"mantranews-featured-medium":["https:\/\/blogopara.com.br\/wp-content\/uploads\/2022\/09\/99ac597a-fea3-4648-a7ba-0eea6cde2c64-420x241.jpg",420,241,true],"mantranews-featured-long":["https:\/\/blogopara.com.br\/wp-content\/uploads\/2022\/09\/99ac597a-fea3-4648-a7ba-0eea6cde2c64-300x241.jpg",300,241,true],"mantranews-block-medium":["https:\/\/blogopara.com.br\/wp-content\/uploads\/2022\/09\/99ac597a-fea3-4648-a7ba-0eea6cde2c64-464x241.jpg",464,241,true],"mantranews-carousel-image":["https:\/\/blogopara.com.br\/wp-content\/uploads\/2022\/09\/99ac597a-fea3-4648-a7ba-0eea6cde2c64.jpg",500,241,false],"mantranews-block-thumb":["https:\/\/blogopara.com.br\/wp-content\/uploads\/2022\/09\/99ac597a-fea3-4648-a7ba-0eea6cde2c64-322x230.jpg",322,230,true],"mantranews-single-large":["https:\/\/blogopara.com.br\/wp-content\/uploads\/2022\/09\/99ac597a-fea3-4648-a7ba-0eea6cde2c64.jpg",500,241,false]},"uagb_author_info":{"display_name":"Reda\u00e7\u00e3o geral","author_link":"https:\/\/blogopara.com.br\/index.php\/author\/blogopara"},"uagb_comment_info":0,"uagb_excerpt":"O Tribunal Superior Eleitoral (TSE) abre nesta quarta-feira (7), o credenciamento de ve\u00edculos de comunica\u00e7\u00e3o e de profissionais de imprensa que desejam receber, de forma virtual, informa\u00e7\u00f5es sobre as Elei\u00e7\u00f5es Gerais de 2022, que v\u00e3o acontecer nos dias 2 de outubro (primeiro turno) e 30 de outubro (segundo turno, onde houver). Os interessados devem acessar&hellip;","jetpack_sharing_enabled":true,"jetpack_likes_enabled":true,"_links":{"self":[{"href":"https:\/\/blogopara.com.br\/index.php\/wp-json\/wp\/v2\/posts\/43219","targetHints":{"allow":["GET"]}}],"collection":[{"href":"https:\/\/blogopara.com.br\/index.php\/wp-json\/wp\/v2\/posts"}],"about":[{"href":"https:\/\/blogopara.com.br\/index.php\/wp-json\/wp\/v2\/types\/post"}],"author":[{"embeddable":true,"href":"https:\/\/blogopara.com.br\/index.php\/wp-json\/wp\/v2\/users\/1"}],"replies":[{"embeddable":true,"href":"https:\/\/blogopara.com.br\/index.php\/wp-json\/wp\/v2\/comments?post=43219"}],"version-history":[{"count":2,"href":"https:\/\/blogopara.com.br\/index.php\/wp-json\/wp\/v2\/posts\/43219\/revisions"}],"predecessor-version":[{"id":43222,"href":"https:\/\/blogopara.com.br\/index.php\/wp-json\/wp\/v2\/posts\/43219\/revisions\/43222"}],"wp:featuredmedia":[{"embeddable":true,"href":"https:\/\/blogopara.com.br\/index.php\/wp-json\/wp\/v2\/media\/43220"}],"wp:attachment":[{"href":"https:\/\/blogopara.com.br\/index.php\/wp-json\/wp\/v2\/media?parent=43219"}],"wp:term":[{"taxonomy":"category","embeddable":true,"href":"https:\/\/blogopara.com.br\/index.php\/wp-json\/wp\/v2\/categories?post=43219"},{"taxonomy":"post_tag","embeddable":true,"href":"https:\/\/blogopara.com.br\/index.php\/wp-json\/wp\/v2\/tags?post=43219"}],"curies":[{"name":"wp","href":"https:\/\/api.w.org\/{rel}","templated":true}]}}