{"id":43228,"date":"2022-09-29T12:12:50","date_gmt":"2022-09-29T15:12:50","guid":{"rendered":"https:\/\/blogopara.com.br\/?p=43228"},"modified":"2022-09-29T12:12:52","modified_gmt":"2022-09-29T15:12:52","slug":"sms-de-juazeiro-presta-contas-na-camara-de-vereadores","status":"publish","type":"post","link":"https:\/\/blogopara.com.br\/index.php\/2022\/09\/29\/sms-de-juazeiro-presta-contas-na-camara-de-vereadores","title":{"rendered":"SMS de Juazeiro presta contas na C\u00e2mara de Vereadores"},"content":{"rendered":"<p style=\"text-align: justify;\">A C\u00e2mara Municipal de Juazeiro abriu espa\u00e7o na \u00faltima quarta-feira (28), para a presta\u00e7\u00e3o de contas da Secretaria Municipal de Sa\u00fade. A segunda presta\u00e7\u00e3o de contas da SESAU do ano ocorreu ap\u00f3s a sess\u00e3o ordin\u00e1ria, onde foi aprovado por unanimidade o Projeto de Lei n\u00ba 3.771\/2022, do executivo municipal.<\/p>\n<p style=\"text-align: justify;\">O secret\u00e1rio de Sa\u00fade de Juazeiro, Fernando Costa, apresentou \u00e0 C\u00e2mara de Vereadores o balan\u00e7o do segundo quadrimestre de 2022 das a\u00e7\u00f5es realizadas na pasta. O secret\u00e1rio pontuou a entrega de Unidades B\u00e1sicas de Sa\u00fade reformadas; o avan\u00e7o na informatiza\u00e7\u00e3o das UBS\u2019s; a entrega da Policl\u00ednica Municipal totalmente reformada e com novos servi\u00e7os para a popula\u00e7\u00e3o; a reestrutura\u00e7\u00e3o nos servi\u00e7os de sa\u00fade mental e instala\u00e7\u00e3o da usina de oxig\u00eanio da UPA que abastece toda a rede de sa\u00fade municipal, como avan\u00e7os dos servi\u00e7os oferecidos para a popula\u00e7\u00e3o juazeirense. Falou tamb\u00e9m, sobre os investimentos relativos aos \u00faltimos quatro meses deste ano.<\/p>\n<p style=\"text-align: justify;\">Durante a sess\u00e3o especial, tamb\u00e9m foi apresentado, pelo representante da empresa ECONTAP Assessoria Cont\u00e1bil, Leandro Souza, o Relat\u00f3rio de Gest\u00e3o Fiscal (RGF) referente ao exerc\u00edcio do 2\u00ba quadrimestre de 2022, onde foram divulgados dados sobre receitas, despesas e aplica\u00e7\u00e3o dos recursos do munic\u00edpio aos parlamentares municipais, com destaque principalmente, entre outras \u00e1reas, para os repasses \u00e0 Sa\u00fade e a Educa\u00e7\u00e3o.<\/p>\n<p>O secret\u00e1rio de Finan\u00e7as, Gilson Dantas, argumentou que, \u201cat\u00e9 o momento a prefeitura est\u00e1 conseguindo equilibrar as contas, gra\u00e7as ao planejamento que a equipe da Secretaria de Finan\u00e7as fez desde o in\u00edcio da gest\u00e3o e gra\u00e7as tamb\u00e9m ao empenho da prefeita Suzana, que tem muita vontade e tem trabalhado de maneira correta e com transpar\u00eancia\u201d.<\/p>\n<p>A presta\u00e7\u00e3o de contas contou com a participa\u00e7\u00e3o do secret\u00e1rio de Finan\u00e7as, Gilson Dantas, do Controlador do Munic\u00edpio, Andr\u00e9 Felipe Carvalho, do secret\u00e1rio de Sa\u00fade, Fernando Costa, e do representante da empresa ECONTAP Assessoria Cont\u00e1bil, Leandro Souza.<\/p>\n<p>Aprova\u00e7\u00e3o do PL<\/p>\n<p>O PL n\u00ba 3.771\/2022 foi aprovado por unanimidade concedendo ao Executivo o direito de solicitar um cr\u00e9dito Adicional Especial destinado a cria\u00e7\u00e3o de uma a\u00e7\u00e3o or\u00e7ament\u00e1ria a ser incorporada ao Programa de Financiamento das A\u00e7\u00f5es de Alimenta\u00e7\u00e3o e Nutri\u00e7\u00e3o e para a constru\u00e7\u00e3o de Unidades B\u00e1sicas de Sa\u00fade no munic\u00edpio.<\/p>\n<p>M\u00f4nia Ramos \u2013 Jornalista<br \/>\nFoto: presta\u00e7\u00e3o de contas Sesau 2 de Jo\u00e3o Pedro Soares<br \/>\nFotos sess\u00e3o: F\u00e1bio Martins<br \/>\nASCOM CMJ<\/p>\n","protected":false},"excerpt":{"rendered":"<p>A C\u00e2mara Municipal de Juazeiro abriu espa\u00e7o na \u00faltima quarta-feira (28), para a presta\u00e7\u00e3o de contas da Secretaria Municipal de Sa\u00fade. A segunda presta\u00e7\u00e3o de contas da SESAU do ano ocorreu ap\u00f3s a sess\u00e3o ordin\u00e1ria, onde foi aprovado por unanimidade o Projeto de Lei n\u00ba 3.771\/2022, do executivo municipal. O secret\u00e1rio de Sa\u00fade de Juazeiro, [&hellip;]<\/p>\n","protected":false},"author":1,"featured_media":43229,"comment_status":"closed","ping_status":"open","sticky":false,"template":"","format":"standard","meta":{"_uag_custom_page_level_css":"","_monsterinsights_skip_tracking":false,"_monsterinsights_sitenote_active":false,"_monsterinsights_sitenote_note":"","_monsterinsights_sitenote_category":0,"jetpack_post_was_ever_published":false,"_jetpack_newsletter_access":"","_jetpack_dont_email_post_to_subs":false,"_jetpack_newsletter_tier_id":0,"_jetpack_memberships_contains_paywalled_content":false,"_jetpack_memberships_contains_paid_content":false,"footnotes":"","jetpack_publicize_message":"","jetpack_publicize_feature_enabled":true,"jetpack_social_post_already_shared":true,"jetpack_social_options":{"image_generator_settings":{"template":"highway","default_image_id":0,"font":"","enabled":false},"version":2}},"categories":[203,205],"tags":[],"class_list":["post-43228","post","type-post","status-publish","format-standard","has-post-thumbnail","hentry","category-juazeiro","category-saude"],"jetpack_publicize_connections":[],"jetpack_featured_media_url":"https:\/\/blogopara.com.br\/wp-content\/uploads\/2022\/09\/1e58f117-1db6-4989-b643-c7a8e3ff1921.jpg","uagb_featured_image_src":{"full":["https:\/\/blogopara.com.br\/wp-content\/uploads\/2022\/09\/1e58f117-1db6-4989-b643-c7a8e3ff1921.jpg",500,333,false],"thumbnail":["https:\/\/blogopara.com.br\/wp-content\/uploads\/2022\/09\/1e58f117-1db6-4989-b643-c7a8e3ff1921-150x150.jpg",150,150,true],"medium":["https:\/\/blogopara.com.br\/wp-content\/uploads\/2022\/09\/1e58f117-1db6-4989-b643-c7a8e3ff1921-300x200.jpg",300,200,true],"medium_large":["https:\/\/blogopara.com.br\/wp-content\/uploads\/2022\/09\/1e58f117-1db6-4989-b643-c7a8e3ff1921.jpg",500,333,false],"large":["https:\/\/blogopara.com.br\/wp-content\/uploads\/2022\/09\/1e58f117-1db6-4989-b643-c7a8e3ff1921.jpg",500,333,false],"1536x1536":["https:\/\/blogopara.com.br\/wp-content\/uploads\/2022\/09\/1e58f117-1db6-4989-b643-c7a8e3ff1921.jpg",500,333,false],"2048x2048":["https:\/\/blogopara.com.br\/wp-content\/uploads\/2022\/09\/1e58f117-1db6-4989-b643-c7a8e3ff1921.jpg",500,333,false],"mantranews-slider-large":["https:\/\/blogopara.com.br\/wp-content\/uploads\/2022\/09\/1e58f117-1db6-4989-b643-c7a8e3ff1921.jpg",500,333,false],"mantranews-featured-medium":["https:\/\/blogopara.com.br\/wp-content\/uploads\/2022\/09\/1e58f117-1db6-4989-b643-c7a8e3ff1921-420x307.jpg",420,307,true],"mantranews-featured-long":["https:\/\/blogopara.com.br\/wp-content\/uploads\/2022\/09\/1e58f117-1db6-4989-b643-c7a8e3ff1921-300x333.jpg",300,333,true],"mantranews-block-medium":["https:\/\/blogopara.com.br\/wp-content\/uploads\/2022\/09\/1e58f117-1db6-4989-b643-c7a8e3ff1921-464x290.jpg",464,290,true],"mantranews-carousel-image":["https:\/\/blogopara.com.br\/wp-content\/uploads\/2022\/09\/1e58f117-1db6-4989-b643-c7a8e3ff1921.jpg",500,333,false],"mantranews-block-thumb":["https:\/\/blogopara.com.br\/wp-content\/uploads\/2022\/09\/1e58f117-1db6-4989-b643-c7a8e3ff1921-322x230.jpg",322,230,true],"mantranews-single-large":["https:\/\/blogopara.com.br\/wp-content\/uploads\/2022\/09\/1e58f117-1db6-4989-b643-c7a8e3ff1921.jpg",500,333,false]},"uagb_author_info":{"display_name":"Reda\u00e7\u00e3o geral","author_link":"https:\/\/blogopara.com.br\/index.php\/author\/blogopara"},"uagb_comment_info":0,"uagb_excerpt":"A C\u00e2mara Municipal de Juazeiro abriu espa\u00e7o na \u00faltima quarta-feira (28), para a presta\u00e7\u00e3o de contas da Secretaria Municipal de Sa\u00fade. A segunda presta\u00e7\u00e3o de contas da SESAU do ano ocorreu ap\u00f3s a sess\u00e3o ordin\u00e1ria, onde foi aprovado por unanimidade o Projeto de Lei n\u00ba 3.771\/2022, do executivo municipal. O secret\u00e1rio de Sa\u00fade de Juazeiro,&hellip;","jetpack_sharing_enabled":true,"jetpack_likes_enabled":true,"_links":{"self":[{"href":"https:\/\/blogopara.com.br\/index.php\/wp-json\/wp\/v2\/posts\/43228","targetHints":{"allow":["GET"]}}],"collection":[{"href":"https:\/\/blogopara.com.br\/index.php\/wp-json\/wp\/v2\/posts"}],"about":[{"href":"https:\/\/blogopara.com.br\/index.php\/wp-json\/wp\/v2\/types\/post"}],"author":[{"embeddable":true,"href":"https:\/\/blogopara.com.br\/index.php\/wp-json\/wp\/v2\/users\/1"}],"replies":[{"embeddable":true,"href":"https:\/\/blogopara.com.br\/index.php\/wp-json\/wp\/v2\/comments?post=43228"}],"version-history":[{"count":1,"href":"https:\/\/blogopara.com.br\/index.php\/wp-json\/wp\/v2\/posts\/43228\/revisions"}],"predecessor-version":[{"id":43230,"href":"https:\/\/blogopara.com.br\/index.php\/wp-json\/wp\/v2\/posts\/43228\/revisions\/43230"}],"wp:featuredmedia":[{"embeddable":true,"href":"https:\/\/blogopara.com.br\/index.php\/wp-json\/wp\/v2\/media\/43229"}],"wp:attachment":[{"href":"https:\/\/blogopara.com.br\/index.php\/wp-json\/wp\/v2\/media?parent=43228"}],"wp:term":[{"taxonomy":"category","embeddable":true,"href":"https:\/\/blogopara.com.br\/index.php\/wp-json\/wp\/v2\/categories?post=43228"},{"taxonomy":"post_tag","embeddable":true,"href":"https:\/\/blogopara.com.br\/index.php\/wp-json\/wp\/v2\/tags?post=43228"}],"curies":[{"name":"wp","href":"https:\/\/api.w.org\/{rel}","templated":true}]}}