{"id":43237,"date":"2022-09-30T07:45:00","date_gmt":"2022-09-30T10:45:00","guid":{"rendered":"https:\/\/blogopara.com.br\/?p=43237"},"modified":"2022-09-29T15:28:41","modified_gmt":"2022-09-29T18:28:41","slug":"rui-costa-paga-precatorios-sem-juros-e-irrita-os-professores","status":"publish","type":"post","link":"https:\/\/blogopara.com.br\/index.php\/2022\/09\/30\/rui-costa-paga-precatorios-sem-juros-e-irrita-os-professores","title":{"rendered":"Rui Costa paga precat\u00f3rios sem juros, e irrita os professores"},"content":{"rendered":"<p class=\"bodytext\" style=\"text-align: justify;\">\u00c0s v\u00e9speras das elei\u00e7\u00f5es, a Bahia pagou nesta quinta-feira (29) R$ 1,041 bilh\u00e3o dos precat\u00f3rios do Fundo de Desenvolvimento da Educa\u00e7\u00e3o Fundamental (Fundef) a 57 mil profissionais da educa\u00e7\u00e3o. Os educadores beneficiados v\u00e3o receber 90% do valor total a que t\u00eam direito, neste primeiro cr\u00e9dito. Ao todo 84 mil profissionais devem receber o abono. Para acessar a lista, consulte <a href=\"https:\/\/www.correio24horas.com.br\/fileadmin\/user_upload\/correio24horas\/2022\/09\/25\/doe_2022-09-25_completo.pdf\" target=\"_blank\" rel=\"noopener\">neste link<\/a>.<\/p>\n<p style=\"text-align: justify;\">Mas os professores n\u00e3o est\u00e3o nada satisfeitos com o governador Rui Costa, isso porque o estado n\u00e3o vai pagar os juros. Segundo uma professora, o governador deu um calote na categoria: \u201cEstamos aqui lutando pelos nossos juros que o Governador n\u00e3o quer pagar. Esse projeto, ele fugiu \u00e0 nossa recomenda\u00e7\u00e3o. Ent\u00e3o estamos aqui lutando por esses juros, que representa quase 55% do valor\u201d.<\/p>\n<p style=\"text-align: justify;\">Segundo o governador Rui Costa, o impeditivo para que o governo pagasse os juros do precat\u00f3rio do Fundef foram as leis de responsabilidade fiscal e eleitoral.<\/p>\n<p style=\"text-align: justify;\">\u201cTem a lei de responsabilidade fiscal e a lei eleitoral que impedem que eu fa\u00e7a qualquer pagamento adicional que n\u00e3o esteja em decis\u00e3o judicial, e que eu n\u00e3o seja obrigado a pagar. A lei prev\u00ea que nos \u00faltimos seis meses de mandato n\u00e3o se pode fazer gasto extra. A lei eleitoral tamb\u00e9m se refere. Eu estava impedido legalmente de fazer diferente\u201d, explicou o governador, em entrevista \u00e0 R\u00e1dio Metr\u00f3pole.<\/p>\n<p style=\"text-align: justify;\">Pernambuco \u00e9 um estado, pagou precat\u00f3rio com juros e corre\u00e7\u00e3o monet\u00e1ria. Por que a Bahia quer fazer diferente? N\u00e3o d\u00e1 pra acreditar nisso! Precisamos intensificar a luta! E se voc\u00eas puderem discutir, n\u00f3s acatamos dois dias de paralisa\u00e7\u00e3o\u201d, disse o Rui Oliveira, 1\u00ba Secretario do Sindicato dos Trabalhadores em Educa\u00e7\u00e3o do Estado da Bahia.<\/p>\n<p style=\"text-align: justify;\">Ter\u00e3o direito a distribui\u00e7\u00e3o dos precat\u00f3rios os profissionais do magist\u00e9rio em cargo p\u00fablico, emprego p\u00fablico, cargo comissionado, contratado pelo Reda que se encontrava em efetivo exerc\u00edcio na rede b\u00e1sica de ensino entre janeiro de 1998 a dezembro de 2006.<\/p>\n","protected":false},"excerpt":{"rendered":"<p>\u00c0s v\u00e9speras das elei\u00e7\u00f5es, a Bahia pagou nesta quinta-feira (29) R$ 1,041 bilh\u00e3o dos precat\u00f3rios do Fundo de Desenvolvimento da Educa\u00e7\u00e3o Fundamental (Fundef) a 57 mil profissionais da educa\u00e7\u00e3o. Os educadores beneficiados v\u00e3o receber 90% do valor total a que t\u00eam direito, neste primeiro cr\u00e9dito. Ao todo 84 mil profissionais devem receber o abono. Para [&hellip;]<\/p>\n","protected":false},"author":1,"featured_media":43238,"comment_status":"closed","ping_status":"open","sticky":false,"template":"","format":"standard","meta":{"_uag_custom_page_level_css":"","_monsterinsights_skip_tracking":false,"_monsterinsights_sitenote_active":false,"_monsterinsights_sitenote_note":"","_monsterinsights_sitenote_category":0,"jetpack_post_was_ever_published":false,"_jetpack_newsletter_access":"","_jetpack_dont_email_post_to_subs":false,"_jetpack_newsletter_tier_id":0,"_jetpack_memberships_contains_paywalled_content":false,"_jetpack_memberships_contains_paid_content":false,"footnotes":"","jetpack_publicize_message":"","jetpack_publicize_feature_enabled":true,"jetpack_social_post_already_shared":true,"jetpack_social_options":{"image_generator_settings":{"template":"highway","default_image_id":0,"font":"","enabled":false},"version":2}},"categories":[199,209],"tags":[290,25,10149],"class_list":["post-43237","post","type-post","status-publish","format-standard","has-post-thumbnail","hentry","category-bahia","category-educacao","tag-pt-bahia","tag-rui-costa","tag-traicao"],"jetpack_publicize_connections":[],"jetpack_featured_media_url":"https:\/\/blogopara.com.br\/wp-content\/uploads\/2022\/09\/Artigo-Destaque_01206017_00.jpg","uagb_featured_image_src":{"full":["https:\/\/blogopara.com.br\/wp-content\/uploads\/2022\/09\/Artigo-Destaque_01206017_00.jpg",500,375,false],"thumbnail":["https:\/\/blogopara.com.br\/wp-content\/uploads\/2022\/09\/Artigo-Destaque_01206017_00-150x150.jpg",150,150,true],"medium":["https:\/\/blogopara.com.br\/wp-content\/uploads\/2022\/09\/Artigo-Destaque_01206017_00-300x225.jpg",300,225,true],"medium_large":["https:\/\/blogopara.com.br\/wp-content\/uploads\/2022\/09\/Artigo-Destaque_01206017_00.jpg",500,375,false],"large":["https:\/\/blogopara.com.br\/wp-content\/uploads\/2022\/09\/Artigo-Destaque_01206017_00.jpg",500,375,false],"1536x1536":["https:\/\/blogopara.com.br\/wp-content\/uploads\/2022\/09\/Artigo-Destaque_01206017_00.jpg",500,375,false],"2048x2048":["https:\/\/blogopara.com.br\/wp-content\/uploads\/2022\/09\/Artigo-Destaque_01206017_00.jpg",500,375,false],"mantranews-slider-large":["https:\/\/blogopara.com.br\/wp-content\/uploads\/2022\/09\/Artigo-Destaque_01206017_00.jpg",500,375,false],"mantranews-featured-medium":["https:\/\/blogopara.com.br\/wp-content\/uploads\/2022\/09\/Artigo-Destaque_01206017_00-420x307.jpg",420,307,true],"mantranews-featured-long":["https:\/\/blogopara.com.br\/wp-content\/uploads\/2022\/09\/Artigo-Destaque_01206017_00-300x375.jpg",300,375,true],"mantranews-block-medium":["https:\/\/blogopara.com.br\/wp-content\/uploads\/2022\/09\/Artigo-Destaque_01206017_00-464x290.jpg",464,290,true],"mantranews-carousel-image":["https:\/\/blogopara.com.br\/wp-content\/uploads\/2022\/09\/Artigo-Destaque_01206017_00.jpg",500,375,false],"mantranews-block-thumb":["https:\/\/blogopara.com.br\/wp-content\/uploads\/2022\/09\/Artigo-Destaque_01206017_00-322x230.jpg",322,230,true],"mantranews-single-large":["https:\/\/blogopara.com.br\/wp-content\/uploads\/2022\/09\/Artigo-Destaque_01206017_00.jpg",500,375,false]},"uagb_author_info":{"display_name":"Reda\u00e7\u00e3o geral","author_link":"https:\/\/blogopara.com.br\/index.php\/author\/blogopara"},"uagb_comment_info":0,"uagb_excerpt":"\u00c0s v\u00e9speras das elei\u00e7\u00f5es, a Bahia pagou nesta quinta-feira (29) R$ 1,041 bilh\u00e3o dos precat\u00f3rios do Fundo de Desenvolvimento da Educa\u00e7\u00e3o Fundamental (Fundef) a 57 mil profissionais da educa\u00e7\u00e3o. Os educadores beneficiados v\u00e3o receber 90% do valor total a que t\u00eam direito, neste primeiro cr\u00e9dito. Ao todo 84 mil profissionais devem receber o abono. Para&hellip;","jetpack_sharing_enabled":true,"jetpack_likes_enabled":true,"_links":{"self":[{"href":"https:\/\/blogopara.com.br\/index.php\/wp-json\/wp\/v2\/posts\/43237","targetHints":{"allow":["GET"]}}],"collection":[{"href":"https:\/\/blogopara.com.br\/index.php\/wp-json\/wp\/v2\/posts"}],"about":[{"href":"https:\/\/blogopara.com.br\/index.php\/wp-json\/wp\/v2\/types\/post"}],"author":[{"embeddable":true,"href":"https:\/\/blogopara.com.br\/index.php\/wp-json\/wp\/v2\/users\/1"}],"replies":[{"embeddable":true,"href":"https:\/\/blogopara.com.br\/index.php\/wp-json\/wp\/v2\/comments?post=43237"}],"version-history":[{"count":1,"href":"https:\/\/blogopara.com.br\/index.php\/wp-json\/wp\/v2\/posts\/43237\/revisions"}],"predecessor-version":[{"id":43239,"href":"https:\/\/blogopara.com.br\/index.php\/wp-json\/wp\/v2\/posts\/43237\/revisions\/43239"}],"wp:featuredmedia":[{"embeddable":true,"href":"https:\/\/blogopara.com.br\/index.php\/wp-json\/wp\/v2\/media\/43238"}],"wp:attachment":[{"href":"https:\/\/blogopara.com.br\/index.php\/wp-json\/wp\/v2\/media?parent=43237"}],"wp:term":[{"taxonomy":"category","embeddable":true,"href":"https:\/\/blogopara.com.br\/index.php\/wp-json\/wp\/v2\/categories?post=43237"},{"taxonomy":"post_tag","embeddable":true,"href":"https:\/\/blogopara.com.br\/index.php\/wp-json\/wp\/v2\/tags?post=43237"}],"curies":[{"name":"wp","href":"https:\/\/api.w.org\/{rel}","templated":true}]}}