{"id":43367,"date":"2022-10-02T15:47:00","date_gmt":"2022-10-02T18:47:00","guid":{"rendered":"https:\/\/blogopara.com.br\/?p=43367"},"modified":"2022-10-02T10:23:25","modified_gmt":"2022-10-02T13:23:25","slug":"pfizer-apresenta-pedido-de-vacina-mais-forte-contra-variante-omicron","status":"publish","type":"post","link":"https:\/\/blogopara.com.br\/index.php\/2022\/10\/02\/pfizer-apresenta-pedido-de-vacina-mais-forte-contra-variante-omicron","title":{"rendered":"Pfizer apresenta pedido de vacina mais forte contra variante \u00d4micron"},"content":{"rendered":"<div class=\"post-item-wrap\">\n<p style=\"text-align: justify;\">A multinacional farmac\u00eautica Pfizer apresentou \u00e0 Ag\u00eancia Nacional de Vigil\u00e2ncia Sanit\u00e1ria (Anvisa), ontem (30), um pedido de autoriza\u00e7\u00e3o tempor\u00e1ria de uso emergencial para uma nova vers\u00e3o a vacina bivalente contra a covid-19. Segundo a empresa, a nova vacina cont\u00e9m uma mistura de cepas do v\u00edrus SarsCov-2 e promete maior prote\u00e7\u00e3o frente \u00e0 \u00d4micron, variante de preocupa\u00e7\u00e3o no pa\u00eds, respons\u00e1vel pelo maior n\u00famero de \u00f3bitos, especialmente no primeiro semestre de 2021, no pior momento da pandemia at\u00e9 agora.<img decoding=\"async\" src=\"https:\/\/agenciabrasil.ebc.com.br\/ebc.png?id=1485531&amp;o=node\"><img decoding=\"async\" src=\"https:\/\/agenciabrasil.ebc.com.br\/ebc.gif?id=1485531&amp;o=node\"><\/p>\n<p style=\"text-align: justify;\">De acordo com a Anvisa, a Pfizer j\u00e1 havia apresentado pedido semelhante, em agosto, para uma vers\u00e3o bivalente que cont\u00e9m a subvariante omciron BA.1. Este pedido encontra-se em an\u00e1lise pela Anvisa. Agora, a empresa solicita a avalia\u00e7\u00e3o da vers\u00e3o que cont\u00e9m a subvariante BA.4\/BA.5, em adi\u00e7\u00e3o \u00e0 cepa original da vacina Comirnaty, com indica\u00e7\u00e3o para aplica\u00e7\u00e3o como dose de refor\u00e7o na popula\u00e7\u00e3o acima de 12 anos de idade. A vacina monovalente Comirnaty foi registrada pela Anvisa em fevereiro de 2021 e est\u00e1 autorizada para uso a partir de 6 meses de idade.<\/p>\n<p style=\"text-align: justify;\">Ap\u00f3s o pedido na Anvisa, a ag\u00eancia tem 30 dias para concluir a avalia\u00e7\u00e3o, mas este prazo \u00e9 interrompido sempre que for necess\u00e1ria a solicita\u00e7\u00e3o \u00e0 empresa de complementa\u00e7\u00e3o de informa\u00e7\u00f5es ou esclarecimentos sobre os dados de qualidade, de efic\u00e1cia e de seguran\u00e7a apresentados.<\/p>\n<\/div>\n","protected":false},"excerpt":{"rendered":"<p>A multinacional farmac\u00eautica Pfizer apresentou \u00e0 Ag\u00eancia Nacional de Vigil\u00e2ncia Sanit\u00e1ria (Anvisa), ontem (30), um pedido de autoriza\u00e7\u00e3o tempor\u00e1ria de uso emergencial para uma nova vers\u00e3o a vacina bivalente contra a covid-19. Segundo a empresa, a nova vacina cont\u00e9m uma mistura de cepas do v\u00edrus SarsCov-2 e promete maior prote\u00e7\u00e3o frente \u00e0 \u00d4micron, variante de [&hellip;]<\/p>\n","protected":false},"author":1,"featured_media":43368,"comment_status":"closed","ping_status":"open","sticky":false,"template":"","format":"standard","meta":{"_uag_custom_page_level_css":"","_monsterinsights_skip_tracking":false,"_monsterinsights_sitenote_active":false,"_monsterinsights_sitenote_note":"","_monsterinsights_sitenote_category":0,"jetpack_post_was_ever_published":false,"_jetpack_newsletter_access":"","_jetpack_dont_email_post_to_subs":false,"_jetpack_newsletter_tier_id":0,"_jetpack_memberships_contains_paywalled_content":false,"_jetpack_memberships_contains_paid_content":false,"footnotes":"","jetpack_publicize_message":"","jetpack_publicize_feature_enabled":true,"jetpack_social_post_already_shared":true,"jetpack_social_options":{"image_generator_settings":{"template":"highway","default_image_id":0,"font":"","enabled":false},"version":2}},"categories":[205],"tags":[],"class_list":["post-43367","post","type-post","status-publish","format-standard","has-post-thumbnail","hentry","category-saude"],"jetpack_publicize_connections":[],"jetpack_featured_media_url":"https:\/\/blogopara.com.br\/wp-content\/uploads\/2022\/10\/2021-02-23t143503z_1_lynxmpeh1m0vt_rtroptp_4_saude-covid-pfizer-negociacao.jpg","uagb_featured_image_src":{"full":["https:\/\/blogopara.com.br\/wp-content\/uploads\/2022\/10\/2021-02-23t143503z_1_lynxmpeh1m0vt_rtroptp_4_saude-covid-pfizer-negociacao.jpg",500,299,false],"thumbnail":["https:\/\/blogopara.com.br\/wp-content\/uploads\/2022\/10\/2021-02-23t143503z_1_lynxmpeh1m0vt_rtroptp_4_saude-covid-pfizer-negociacao-150x150.jpg",150,150,true],"medium":["https:\/\/blogopara.com.br\/wp-content\/uploads\/2022\/10\/2021-02-23t143503z_1_lynxmpeh1m0vt_rtroptp_4_saude-covid-pfizer-negociacao-300x179.jpg",300,179,true],"medium_large":["https:\/\/blogopara.com.br\/wp-content\/uploads\/2022\/10\/2021-02-23t143503z_1_lynxmpeh1m0vt_rtroptp_4_saude-covid-pfizer-negociacao.jpg",500,299,false],"large":["https:\/\/blogopara.com.br\/wp-content\/uploads\/2022\/10\/2021-02-23t143503z_1_lynxmpeh1m0vt_rtroptp_4_saude-covid-pfizer-negociacao.jpg",500,299,false],"1536x1536":["https:\/\/blogopara.com.br\/wp-content\/uploads\/2022\/10\/2021-02-23t143503z_1_lynxmpeh1m0vt_rtroptp_4_saude-covid-pfizer-negociacao.jpg",500,299,false],"2048x2048":["https:\/\/blogopara.com.br\/wp-content\/uploads\/2022\/10\/2021-02-23t143503z_1_lynxmpeh1m0vt_rtroptp_4_saude-covid-pfizer-negociacao.jpg",500,299,false],"mantranews-slider-large":["https:\/\/blogopara.com.br\/wp-content\/uploads\/2022\/10\/2021-02-23t143503z_1_lynxmpeh1m0vt_rtroptp_4_saude-covid-pfizer-negociacao.jpg",500,299,false],"mantranews-featured-medium":["https:\/\/blogopara.com.br\/wp-content\/uploads\/2022\/10\/2021-02-23t143503z_1_lynxmpeh1m0vt_rtroptp_4_saude-covid-pfizer-negociacao-420x299.jpg",420,299,true],"mantranews-featured-long":["https:\/\/blogopara.com.br\/wp-content\/uploads\/2022\/10\/2021-02-23t143503z_1_lynxmpeh1m0vt_rtroptp_4_saude-covid-pfizer-negociacao-300x299.jpg",300,299,true],"mantranews-block-medium":["https:\/\/blogopara.com.br\/wp-content\/uploads\/2022\/10\/2021-02-23t143503z_1_lynxmpeh1m0vt_rtroptp_4_saude-covid-pfizer-negociacao-464x290.jpg",464,290,true],"mantranews-carousel-image":["https:\/\/blogopara.com.br\/wp-content\/uploads\/2022\/10\/2021-02-23t143503z_1_lynxmpeh1m0vt_rtroptp_4_saude-covid-pfizer-negociacao.jpg",500,299,false],"mantranews-block-thumb":["https:\/\/blogopara.com.br\/wp-content\/uploads\/2022\/10\/2021-02-23t143503z_1_lynxmpeh1m0vt_rtroptp_4_saude-covid-pfizer-negociacao-322x230.jpg",322,230,true],"mantranews-single-large":["https:\/\/blogopara.com.br\/wp-content\/uploads\/2022\/10\/2021-02-23t143503z_1_lynxmpeh1m0vt_rtroptp_4_saude-covid-pfizer-negociacao.jpg",500,299,false]},"uagb_author_info":{"display_name":"Reda\u00e7\u00e3o geral","author_link":"https:\/\/blogopara.com.br\/index.php\/author\/blogopara"},"uagb_comment_info":0,"uagb_excerpt":"A multinacional farmac\u00eautica Pfizer apresentou \u00e0 Ag\u00eancia Nacional de Vigil\u00e2ncia Sanit\u00e1ria (Anvisa), ontem (30), um pedido de autoriza\u00e7\u00e3o tempor\u00e1ria de uso emergencial para uma nova vers\u00e3o a vacina bivalente contra a covid-19. Segundo a empresa, a nova vacina cont\u00e9m uma mistura de cepas do v\u00edrus SarsCov-2 e promete maior prote\u00e7\u00e3o frente \u00e0 \u00d4micron, variante de&hellip;","jetpack_sharing_enabled":true,"jetpack_likes_enabled":true,"_links":{"self":[{"href":"https:\/\/blogopara.com.br\/index.php\/wp-json\/wp\/v2\/posts\/43367","targetHints":{"allow":["GET"]}}],"collection":[{"href":"https:\/\/blogopara.com.br\/index.php\/wp-json\/wp\/v2\/posts"}],"about":[{"href":"https:\/\/blogopara.com.br\/index.php\/wp-json\/wp\/v2\/types\/post"}],"author":[{"embeddable":true,"href":"https:\/\/blogopara.com.br\/index.php\/wp-json\/wp\/v2\/users\/1"}],"replies":[{"embeddable":true,"href":"https:\/\/blogopara.com.br\/index.php\/wp-json\/wp\/v2\/comments?post=43367"}],"version-history":[{"count":2,"href":"https:\/\/blogopara.com.br\/index.php\/wp-json\/wp\/v2\/posts\/43367\/revisions"}],"predecessor-version":[{"id":43389,"href":"https:\/\/blogopara.com.br\/index.php\/wp-json\/wp\/v2\/posts\/43367\/revisions\/43389"}],"wp:featuredmedia":[{"embeddable":true,"href":"https:\/\/blogopara.com.br\/index.php\/wp-json\/wp\/v2\/media\/43368"}],"wp:attachment":[{"href":"https:\/\/blogopara.com.br\/index.php\/wp-json\/wp\/v2\/media?parent=43367"}],"wp:term":[{"taxonomy":"category","embeddable":true,"href":"https:\/\/blogopara.com.br\/index.php\/wp-json\/wp\/v2\/categories?post=43367"},{"taxonomy":"post_tag","embeddable":true,"href":"https:\/\/blogopara.com.br\/index.php\/wp-json\/wp\/v2\/tags?post=43367"}],"curies":[{"name":"wp","href":"https:\/\/api.w.org\/{rel}","templated":true}]}}