{"id":43390,"date":"2022-10-02T16:37:00","date_gmt":"2022-10-02T19:37:00","guid":{"rendered":"https:\/\/blogopara.com.br\/?p=43390"},"modified":"2022-10-02T10:30:39","modified_gmt":"2022-10-02T13:30:39","slug":"bolsonaro-ou-lula-pais-chega-ao-1-o-turno-polarizado-e-com-dois-projetos-para-escolher","status":"publish","type":"post","link":"https:\/\/blogopara.com.br\/index.php\/2022\/10\/02\/bolsonaro-ou-lula-pais-chega-ao-1-o-turno-polarizado-e-com-dois-projetos-para-escolher","title":{"rendered":"Bolsonaro ou Lula? Pa\u00eds chega ao 1.\u00ba turno polarizado e com dois projetos para escolher"},"content":{"rendered":"<p style=\"text-align: justify;\">O Brasil chega ao primeiro turno da elei\u00e7\u00e3o presidencial de 2022, neste domingo (2), com 11 op\u00e7\u00f5es na urna, mas \u00e9 quase certo que o resultado caminha para duas possibilidades: a volta ao poder do ex-presidente Luiz In\u00e1cio Lula da Silva (PT) ou a reelei\u00e7\u00e3o de Jair Bolsonaro (PL).<\/p>\n<p style=\"text-align: justify;\">H\u00e1 seis anos, em mar\u00e7o de 2016, o atual presidente viajou a Curitiba e, em manifesta\u00e7\u00e3o perto da sede da Pol\u00edcia Federal, soltou foguetes para comemorar a condu\u00e7\u00e3o coercitiva de Lula, que prestaria seu primeiro depoimento \u00e0 Opera\u00e7\u00e3o Lava Jato. J\u00e1 naquela data, Bolsonaro falava como candidato \u00e0 Presid\u00eancia da Rep\u00fablica: \u201cPela primeira vez a direita vai mostrar sua cara. Temos propostas e temos voz. O processo da roubalheira do PT era um projeto pol\u00edtico, que gra\u00e7as a Deus est\u00e1 acabando\u201d, afirmou, em declara\u00e7\u00e3o \u00e0 Gazeta do Povo.<\/p>\n<p style=\"text-align: justify;\">Dois anos depois, em 2018, Lula come\u00e7aria a cumprir a sua pena de 12 anos e um m\u00eas de pris\u00e3o por corrup\u00e7\u00e3o passiva e lavagem de dinheiro, e Bolsonaro seria eleito presidente da Rep\u00fablica. O petista nunca recebeu um veredito de absolvi\u00e7\u00e3o \u2013 como tenta insistentemente sugerir ao longo desta campanha \u2013, e as provas de sua participa\u00e7\u00e3o em um megaesquema de corrup\u00e7\u00e3o com o objetivo de perpetuar o PT no poder continuam sendo robustas; mas, em uma sequ\u00eancia de decis\u00f5es controversas com ineg\u00e1vel teor pol\u00edtico, o Supremo Tribunal Federal (STF) anulou a condena\u00e7\u00e3o dele em 2021 e definiu que Lula poderia se candidatar.<\/p>\n<p style=\"text-align: justify;\">No meio-tempo das decis\u00f5es do Supremo que recolocaram Lula no jogo, a pandemia da Covid-19 criou problemas inesperados para Bolsonaro. O presidente precisou lidar com os efeitos socioecon\u00f4micos das medidas de isolamento social, ao mesmo tempo em que entrava em intenso conflito com pol\u00edticos de dentro e fora do governo, formadores de opini\u00e3o influentes e o pr\u00f3prio STF por conta de seus posicionamentos pol\u00eamicos sobre lockdown, vacinas e tratamento para a Covid.<\/p>\n<p style=\"text-align: justify;\">Mesmo ap\u00f3s a passagem de Lula pela pris\u00e3o e os efeitos negativos da pandemia sobre a imagem de Bolsonaro, a sensa\u00e7\u00e3o de que a elei\u00e7\u00e3o estaria polarizada entre os dois cresceu progressivamente no pa\u00eds, seja pela falta de apelo popular dos v\u00e1rios pol\u00edticos que se apresentaram como potenciais alternativas \u2013 a chamada \u201cterceira via\u201d \u2013, seja pelo carisma das duas figuras que chegam como favoritas \u00e0 disputa deste domingo.<\/p>\n<p style=\"text-align: justify;\">A vota\u00e7\u00e3o para as elei\u00e7\u00f5es de 2022, que ocorrer\u00e1 de forma simult\u00e2nea em todo o Brasil, come\u00e7a \u00e0s 8h do hor\u00e1rio de Bras\u00edlia e vai at\u00e9 as 17h deste domingo.<\/p>\n<p style=\"text-align: justify;\">\n","protected":false},"excerpt":{"rendered":"<p>O Brasil chega ao primeiro turno da elei\u00e7\u00e3o presidencial de 2022, neste domingo (2), com 11 op\u00e7\u00f5es na urna, mas \u00e9 quase certo que o resultado caminha para duas possibilidades: a volta ao poder do ex-presidente Luiz In\u00e1cio Lula da Silva (PT) ou a reelei\u00e7\u00e3o de Jair Bolsonaro (PL). H\u00e1 seis anos, em mar\u00e7o de [&hellip;]<\/p>\n","protected":false},"author":1,"featured_media":33441,"comment_status":"closed","ping_status":"open","sticky":false,"template":"","format":"standard","meta":{"_uag_custom_page_level_css":"","_monsterinsights_skip_tracking":false,"_monsterinsights_sitenote_active":false,"_monsterinsights_sitenote_note":"","_monsterinsights_sitenote_category":0,"jetpack_post_was_ever_published":false,"_jetpack_newsletter_access":"","_jetpack_dont_email_post_to_subs":false,"_jetpack_newsletter_tier_id":0,"_jetpack_memberships_contains_paywalled_content":false,"_jetpack_memberships_contains_paid_content":false,"footnotes":"","jetpack_publicize_message":"","jetpack_publicize_feature_enabled":true,"jetpack_social_post_already_shared":true,"jetpack_social_options":{"image_generator_settings":{"template":"highway","default_image_id":0,"font":"","enabled":false},"version":2}},"categories":[10109],"tags":[],"class_list":["post-43390","post","type-post","status-publish","format-standard","has-post-thumbnail","hentry","category-eleicoes-2022"],"jetpack_publicize_connections":[],"jetpack_featured_media_url":"https:\/\/blogopara.com.br\/wp-content\/uploads\/2022\/02\/Lula-e-Jair-Bolsonaro.jpg","uagb_featured_image_src":{"full":["https:\/\/blogopara.com.br\/wp-content\/uploads\/2022\/02\/Lula-e-Jair-Bolsonaro.jpg",500,281,false],"thumbnail":["https:\/\/blogopara.com.br\/wp-content\/uploads\/2022\/02\/Lula-e-Jair-Bolsonaro-150x150.jpg",150,150,true],"medium":["https:\/\/blogopara.com.br\/wp-content\/uploads\/2022\/02\/Lula-e-Jair-Bolsonaro-300x169.jpg",300,169,true],"medium_large":["https:\/\/blogopara.com.br\/wp-content\/uploads\/2022\/02\/Lula-e-Jair-Bolsonaro.jpg",500,281,false],"large":["https:\/\/blogopara.com.br\/wp-content\/uploads\/2022\/02\/Lula-e-Jair-Bolsonaro.jpg",500,281,false],"1536x1536":["https:\/\/blogopara.com.br\/wp-content\/uploads\/2022\/02\/Lula-e-Jair-Bolsonaro.jpg",500,281,false],"2048x2048":["https:\/\/blogopara.com.br\/wp-content\/uploads\/2022\/02\/Lula-e-Jair-Bolsonaro.jpg",500,281,false],"mantranews-slider-large":["https:\/\/blogopara.com.br\/wp-content\/uploads\/2022\/02\/Lula-e-Jair-Bolsonaro.jpg",500,281,false],"mantranews-featured-medium":["https:\/\/blogopara.com.br\/wp-content\/uploads\/2022\/02\/Lula-e-Jair-Bolsonaro-420x281.jpg",420,281,true],"mantranews-featured-long":["https:\/\/blogopara.com.br\/wp-content\/uploads\/2022\/02\/Lula-e-Jair-Bolsonaro-300x281.jpg",300,281,true],"mantranews-block-medium":["https:\/\/blogopara.com.br\/wp-content\/uploads\/2022\/02\/Lula-e-Jair-Bolsonaro-464x281.jpg",464,281,true],"mantranews-carousel-image":["https:\/\/blogopara.com.br\/wp-content\/uploads\/2022\/02\/Lula-e-Jair-Bolsonaro.jpg",500,281,false],"mantranews-block-thumb":["https:\/\/blogopara.com.br\/wp-content\/uploads\/2022\/02\/Lula-e-Jair-Bolsonaro-322x230.jpg",322,230,true],"mantranews-single-large":["https:\/\/blogopara.com.br\/wp-content\/uploads\/2022\/02\/Lula-e-Jair-Bolsonaro.jpg",500,281,false]},"uagb_author_info":{"display_name":"Reda\u00e7\u00e3o geral","author_link":"https:\/\/blogopara.com.br\/index.php\/author\/blogopara"},"uagb_comment_info":0,"uagb_excerpt":"O Brasil chega ao primeiro turno da elei\u00e7\u00e3o presidencial de 2022, neste domingo (2), com 11 op\u00e7\u00f5es na urna, mas \u00e9 quase certo que o resultado caminha para duas possibilidades: a volta ao poder do ex-presidente Luiz In\u00e1cio Lula da Silva (PT) ou a reelei\u00e7\u00e3o de Jair Bolsonaro (PL). H\u00e1 seis anos, em mar\u00e7o de&hellip;","jetpack_sharing_enabled":true,"jetpack_likes_enabled":true,"_links":{"self":[{"href":"https:\/\/blogopara.com.br\/index.php\/wp-json\/wp\/v2\/posts\/43390","targetHints":{"allow":["GET"]}}],"collection":[{"href":"https:\/\/blogopara.com.br\/index.php\/wp-json\/wp\/v2\/posts"}],"about":[{"href":"https:\/\/blogopara.com.br\/index.php\/wp-json\/wp\/v2\/types\/post"}],"author":[{"embeddable":true,"href":"https:\/\/blogopara.com.br\/index.php\/wp-json\/wp\/v2\/users\/1"}],"replies":[{"embeddable":true,"href":"https:\/\/blogopara.com.br\/index.php\/wp-json\/wp\/v2\/comments?post=43390"}],"version-history":[{"count":1,"href":"https:\/\/blogopara.com.br\/index.php\/wp-json\/wp\/v2\/posts\/43390\/revisions"}],"predecessor-version":[{"id":43391,"href":"https:\/\/blogopara.com.br\/index.php\/wp-json\/wp\/v2\/posts\/43390\/revisions\/43391"}],"wp:featuredmedia":[{"embeddable":true,"href":"https:\/\/blogopara.com.br\/index.php\/wp-json\/wp\/v2\/media\/33441"}],"wp:attachment":[{"href":"https:\/\/blogopara.com.br\/index.php\/wp-json\/wp\/v2\/media?parent=43390"}],"wp:term":[{"taxonomy":"category","embeddable":true,"href":"https:\/\/blogopara.com.br\/index.php\/wp-json\/wp\/v2\/categories?post=43390"},{"taxonomy":"post_tag","embeddable":true,"href":"https:\/\/blogopara.com.br\/index.php\/wp-json\/wp\/v2\/tags?post=43390"}],"curies":[{"name":"wp","href":"https:\/\/api.w.org\/{rel}","templated":true}]}}