{"id":43412,"date":"2022-10-03T07:45:00","date_gmt":"2022-10-03T10:45:00","guid":{"rendered":"https:\/\/blogopara.com.br\/?p=43412"},"modified":"2022-10-03T12:07:17","modified_gmt":"2022-10-03T15:07:17","slug":"lula-e-bolsonaro-disputarao-segundo-turno-nas-eleicoes-presidenciais","status":"publish","type":"post","link":"https:\/\/blogopara.com.br\/index.php\/2022\/10\/03\/lula-e-bolsonaro-disputarao-segundo-turno-nas-eleicoes-presidenciais","title":{"rendered":"Lula e Bolsonaro disputar\u00e3o segundo turno nas elei\u00e7\u00f5es presidenciais"},"content":{"rendered":"<p class=\"bodytext\" style=\"text-align: justify;\">A elei\u00e7\u00e3o presidencial ser\u00e1 decidida em um segundo turno entre o ex-presidente Luiz In\u00e1cio Lula da Silva (PT) e o presidente Jair Bolsonaro (PL), de acordo com dados do TSE. Com cerca de 79% das urnas apuradas at\u00e9 20h21, Lula havia recebido 43,08 milh\u00f5es de votos v\u00e1lidos, ou 46,03% do total contabilizado pela Justi\u00e7a Eleitoral at\u00e9 aquele momento. O presidente e candidato \u00e0 reelei\u00e7\u00e3o havia recebido 41,9 milh\u00f5es de votos, ou 45%% do total.<\/p>\n<p class=\"bodytext\" style=\"text-align: justify;\">O segundo turno ocorre quando nenhum candidato consegue atingir a maioria da soma total dos votos computados.<\/p>\n<div class=\"single-publicidade\">\n<div id=\"brasilemundo_300x250_01\" data-google-query-id=\"CInvr8bpwvoCFRkyuQYdxF0CPw\">\n<p class=\"bodytext\" style=\"text-align: justify;\">O encontro entre os dois principais rivais est\u00e1 marcado para o dia 30 de outubro, \u00faltimo domingo deste m\u00eas. A realiza\u00e7\u00e3o da segunda etapa do pleito frustra principalmente a campanha do petista, que, na reta final do primeiro turno, investiu na defesa pelo voto \u00fatil na inten\u00e7\u00e3o de encerrar a disputa neste domingo, 2.<\/p>\n<p class=\"bodytext\" style=\"text-align: justify;\">Em ret\u00f3rica de contesta\u00e7\u00e3o das pesquisas eleitorais &#8211; cujos resultados v\u00e3o se confirmando nas urnas -, Bolsonaro dizia que a elei\u00e7\u00e3o se encerraria na primeira fase e seria ele o vencedor. Como mostravam as sondagens, e agora os n\u00fameros oficiais, o progn\u00f3stico n\u00e3o se realizou. O presidente reiteradamente colocou em xeque o sistema eleitoral.<\/p>\n<p class=\"bodytext\" style=\"text-align: justify;\">Mais de 156 milh\u00f5es de brasileiros estavam aptos a votar e, de novo, colocaram entre os dois primeiros colocados um petista e Bolsonaro. Neste ano, Lula chegou \u00e0 frente e \u00e9 apontado, segundo pesquisas de inten\u00e7\u00e3o de voto, como o favorito para voltar \u00e0 Presid\u00eancia. Em 2018, Bolsonaro liderou a corrida e venceu Fernando Haddad (PT), que substituiu Lula nas urnas em raz\u00e3o de o ex-presidente cumprir pena na Pol\u00edcia Federal, em Curitiba.<\/p>\n<p class=\"bodytext\" style=\"text-align: justify;\">O petista havia sido condenado pelo ex-juiz S\u00e9rgio Moro no caso do triplex do Guaruj\u00e1 (SP) no \u00e2mbito da Lava Jato. A opera\u00e7\u00e3o revelou o esquema de desvios na Petrobras. Lula passou 580 dias na cadeia, e o tema corrup\u00e7\u00e3o se torno espinhoso para o petista na atual campanha.<\/p>\n<p class=\"bodytext\" style=\"text-align: justify;\">Em 2021, o ministro Edson Fachin, do Supremo Tribunal Federal (STF), anulou todas as condena\u00e7\u00f5es impostas pela Justi\u00e7a Federal do Paran\u00e1. O plen\u00e1rio referendou, por oito votos a tr\u00eas, a decis\u00e3o de Fachin. Neste domingo, o petista relembrou o tempo na cela.<\/p>\n<p class=\"bodytext\" style=\"text-align: justify;\">&#8220;H\u00e1 quatro anos atr\u00e1s eu n\u00e3o pude votar porque eu tinha sido v\u00edtima de uma mentira neste pa\u00eds e eu estava detido na Pol\u00edcia Federal exatamente no dia da elei\u00e7\u00e3o&#8221;, disse Lula ao votar em S\u00e3o Bernardo do Campo, no ABC paulista. &#8220;Tentei fazer com que a urna fosse at\u00e9 a cela para eu votar, n\u00e3o levaram. E quatro anos depois eu estou aqui, votando com reconhecimento da minha total liberdade e com a possibilidade de voltar a ser presidente da Rep\u00fablica deste Pa\u00eds&#8221;, afirmou o petista, que se disse &#8220;muito feliz&#8221;.<\/p>\n<p class=\"bodytext\" style=\"text-align: justify;\">J\u00e1 Bolsonaro se mostrou confiante neste domingo e voltou a dizer que seria reeleito ao apelar a uma narrativa baseada na d\u00favida das informa\u00e7\u00f5es. &#8220;Tenho certeza de que, em uma elei\u00e7\u00e3o limpa, ganharemos com no m\u00ednimo 60% dos votos&#8221;, afirmou o presidente ao votar no Rio. Ele tamb\u00e9m afirmou que a elei\u00e7\u00e3o representa uma &#8220;luta do bem contra o mal&#8221; e disse que, &#8220;com elei\u00e7\u00f5es limpas, tudo bem, que ven\u00e7a o melhor&#8221;.<\/p>\n<p class=\"bodytext\" style=\"text-align: justify;\">Nesse contexto, a radicaliza\u00e7\u00e3o &#8211; de ambos os lados &#8211; foi a marca desta elei\u00e7\u00e3o presidencial, com viol\u00eancia, agress\u00f5es e mortes. Al\u00e9m do clima tenso nas ruas e nas redes sociais, os embates assumiram o protagonismo, o que colocou de lado os projetos de Pa\u00eds dos candidatos. Lula, por exemplo, n\u00e3o apresentou vers\u00e3o final do programa de governo ao Tribunal Superior Eleitoral (TSE) sob a justificativa de n\u00e3o criar desconforto com aliados.<\/p>\n<p class=\"bodytext\" style=\"text-align: justify;\">O centro pol\u00edtico n\u00e3o logrou \u00eaxito, apesar de a chamada terceira via ter apresentado ao Pa\u00eds a candidatura da senadora Simone Tebet (MDB-MS), em coliga\u00e7\u00e3o com PSDB e Cidadania. Isolado, Ciro Gomes (PDT), em sua quarta disputa, fala em deixar a cena pol\u00edtica.<\/p>\n<\/div>\n<\/div>\n","protected":false},"excerpt":{"rendered":"<p>A elei\u00e7\u00e3o presidencial ser\u00e1 decidida em um segundo turno entre o ex-presidente Luiz In\u00e1cio Lula da Silva (PT) e o presidente Jair Bolsonaro (PL), de acordo com dados do TSE. Com cerca de 79% das urnas apuradas at\u00e9 20h21, Lula havia recebido 43,08 milh\u00f5es de votos v\u00e1lidos, ou 46,03% do total contabilizado pela Justi\u00e7a Eleitoral [&hellip;]<\/p>\n","protected":false},"author":1,"featured_media":31153,"comment_status":"closed","ping_status":"open","sticky":false,"template":"","format":"standard","meta":{"_uag_custom_page_level_css":"","_monsterinsights_skip_tracking":false,"_monsterinsights_sitenote_active":false,"_monsterinsights_sitenote_note":"","_monsterinsights_sitenote_category":0,"jetpack_post_was_ever_published":false,"_jetpack_newsletter_access":"","_jetpack_dont_email_post_to_subs":false,"_jetpack_newsletter_tier_id":0,"_jetpack_memberships_contains_paywalled_content":false,"_jetpack_memberships_contains_paid_content":false,"footnotes":"","jetpack_publicize_message":"","jetpack_publicize_feature_enabled":true,"jetpack_social_post_already_shared":true,"jetpack_social_options":{"image_generator_settings":{"template":"highway","default_image_id":0,"font":"","enabled":false},"version":2}},"categories":[10109],"tags":[],"class_list":["post-43412","post","type-post","status-publish","format-standard","has-post-thumbnail","hentry","category-eleicoes-2022"],"jetpack_publicize_connections":[],"jetpack_featured_media_url":"https:\/\/blogopara.com.br\/wp-content\/uploads\/2021\/12\/lula_e_bolsonaro_widelg.jpg","uagb_featured_image_src":{"full":["https:\/\/blogopara.com.br\/wp-content\/uploads\/2021\/12\/lula_e_bolsonaro_widelg.jpg",500,267,false],"thumbnail":["https:\/\/blogopara.com.br\/wp-content\/uploads\/2021\/12\/lula_e_bolsonaro_widelg-150x150.jpg",150,150,true],"medium":["https:\/\/blogopara.com.br\/wp-content\/uploads\/2021\/12\/lula_e_bolsonaro_widelg-300x160.jpg",300,160,true],"medium_large":["https:\/\/blogopara.com.br\/wp-content\/uploads\/2021\/12\/lula_e_bolsonaro_widelg.jpg",500,267,false],"large":["https:\/\/blogopara.com.br\/wp-content\/uploads\/2021\/12\/lula_e_bolsonaro_widelg.jpg",500,267,false],"1536x1536":["https:\/\/blogopara.com.br\/wp-content\/uploads\/2021\/12\/lula_e_bolsonaro_widelg.jpg",500,267,false],"2048x2048":["https:\/\/blogopara.com.br\/wp-content\/uploads\/2021\/12\/lula_e_bolsonaro_widelg.jpg",500,267,false],"mantranews-slider-large":["https:\/\/blogopara.com.br\/wp-content\/uploads\/2021\/12\/lula_e_bolsonaro_widelg.jpg",500,267,false],"mantranews-featured-medium":["https:\/\/blogopara.com.br\/wp-content\/uploads\/2021\/12\/lula_e_bolsonaro_widelg-420x267.jpg",420,267,true],"mantranews-featured-long":["https:\/\/blogopara.com.br\/wp-content\/uploads\/2021\/12\/lula_e_bolsonaro_widelg-300x267.jpg",300,267,true],"mantranews-block-medium":["https:\/\/blogopara.com.br\/wp-content\/uploads\/2021\/12\/lula_e_bolsonaro_widelg-464x267.jpg",464,267,true],"mantranews-carousel-image":["https:\/\/blogopara.com.br\/wp-content\/uploads\/2021\/12\/lula_e_bolsonaro_widelg.jpg",500,267,false],"mantranews-block-thumb":["https:\/\/blogopara.com.br\/wp-content\/uploads\/2021\/12\/lula_e_bolsonaro_widelg-322x230.jpg",322,230,true],"mantranews-single-large":["https:\/\/blogopara.com.br\/wp-content\/uploads\/2021\/12\/lula_e_bolsonaro_widelg.jpg",500,267,false]},"uagb_author_info":{"display_name":"Reda\u00e7\u00e3o geral","author_link":"https:\/\/blogopara.com.br\/index.php\/author\/blogopara"},"uagb_comment_info":0,"uagb_excerpt":"A elei\u00e7\u00e3o presidencial ser\u00e1 decidida em um segundo turno entre o ex-presidente Luiz In\u00e1cio Lula da Silva (PT) e o presidente Jair Bolsonaro (PL), de acordo com dados do TSE. Com cerca de 79% das urnas apuradas at\u00e9 20h21, Lula havia recebido 43,08 milh\u00f5es de votos v\u00e1lidos, ou 46,03% do total contabilizado pela Justi\u00e7a Eleitoral&hellip;","jetpack_sharing_enabled":true,"jetpack_likes_enabled":true,"_links":{"self":[{"href":"https:\/\/blogopara.com.br\/index.php\/wp-json\/wp\/v2\/posts\/43412","targetHints":{"allow":["GET"]}}],"collection":[{"href":"https:\/\/blogopara.com.br\/index.php\/wp-json\/wp\/v2\/posts"}],"about":[{"href":"https:\/\/blogopara.com.br\/index.php\/wp-json\/wp\/v2\/types\/post"}],"author":[{"embeddable":true,"href":"https:\/\/blogopara.com.br\/index.php\/wp-json\/wp\/v2\/users\/1"}],"replies":[{"embeddable":true,"href":"https:\/\/blogopara.com.br\/index.php\/wp-json\/wp\/v2\/comments?post=43412"}],"version-history":[{"count":1,"href":"https:\/\/blogopara.com.br\/index.php\/wp-json\/wp\/v2\/posts\/43412\/revisions"}],"predecessor-version":[{"id":43413,"href":"https:\/\/blogopara.com.br\/index.php\/wp-json\/wp\/v2\/posts\/43412\/revisions\/43413"}],"wp:featuredmedia":[{"embeddable":true,"href":"https:\/\/blogopara.com.br\/index.php\/wp-json\/wp\/v2\/media\/31153"}],"wp:attachment":[{"href":"https:\/\/blogopara.com.br\/index.php\/wp-json\/wp\/v2\/media?parent=43412"}],"wp:term":[{"taxonomy":"category","embeddable":true,"href":"https:\/\/blogopara.com.br\/index.php\/wp-json\/wp\/v2\/categories?post=43412"},{"taxonomy":"post_tag","embeddable":true,"href":"https:\/\/blogopara.com.br\/index.php\/wp-json\/wp\/v2\/tags?post=43412"}],"curies":[{"name":"wp","href":"https:\/\/api.w.org\/{rel}","templated":true}]}}