{"id":43441,"date":"2022-10-03T15:45:00","date_gmt":"2022-10-03T18:45:00","guid":{"rendered":"https:\/\/blogopara.com.br\/?p=43441"},"modified":"2022-10-03T12:21:35","modified_gmt":"2022-10-03T15:21:35","slug":"entre-os-dez-mais-votados-leo-prates-e-eleito-deputado-federal-e-vai-representar-a-bahia-no-congresso","status":"publish","type":"post","link":"https:\/\/blogopara.com.br\/index.php\/2022\/10\/03\/entre-os-dez-mais-votados-leo-prates-e-eleito-deputado-federal-e-vai-representar-a-bahia-no-congresso","title":{"rendered":"Entre os dez mais votados, Leo Prates \u00e9 eleito deputado federal e vai representar a Bahia no Congresso"},"content":{"rendered":"<div class=\"td_block_wrap tdb_single_content tdi_96 td-pb-border-top td_block_template_8 td-post-content tagdiv-type\" data-td-block-uid=\"tdi_96\">\n<div class=\"tdb-block-inner td-fix-index\">\n<p style=\"text-align: justify;\">O ex-secret\u00e1rio municipal da Sa\u00fade e de Promo\u00e7\u00e3o Social de Salvador, e atualmente deputado estadual Leo Prates (PDT), foi um dos dez deputados federais baianos eleitos com a maior prefer\u00eancia dos eleitores, com 143.763 votos que o consagraram como um dos representantes da Bahia no Congresso Federal, em Bras\u00edlia, a partir de 2023. Ele ficou em 9\u00ba lugar dentre os trinta e nove congressistas do Estado.<\/p>\n<p style=\"text-align: justify;\">\u201cEu n\u00e3o tenho palavras para agradecer a cada baiano e a cada baiana que confiou a mim represent\u00e1-los no Congresso Nacional. Podem ter certeza que farei por merecer cada voto, trabalhando incansavelmente pela melhoria da Sa\u00fade no Estado, e para a amplia\u00e7\u00e3o das quest\u00f5es sociais in\u00fameras que precisamos investir na Bahia. Essa \u00e9 uma vit\u00f3ria coletiva e me faz ter a certeza de que todos os esfor\u00e7os e abdica\u00e7\u00f5es valeram \u00e0 pena. Gratid\u00e3o! \u201d, agradeceu a Prates.<\/p>\n<p style=\"text-align: justify;\">A expressiva vota\u00e7\u00e3o de Prates corroborou, ainda, para a elei\u00e7\u00e3o de mais um deputado pela legenda brizolista.<\/p>\n<h2 style=\"text-align: justify;\">Quem \u00e9 Leo Prates?<\/h2>\n<p style=\"text-align: justify;\">Leonardo Silva Prates nasceu em Salvador, Bahia e tem 44 anos. \u00c9 Engenheiro Eletricista e P\u00f3s-Graduado em Administra\u00e7\u00e3o P\u00fablica, ambos pela UFBA. Casado com a sanitarista Ana Paula Pitanga, ele fez parte dos gr\u00eamios dos col\u00e9gios Marista e M\u00f3dulo, seguindo o mesmo caminho na Universidade. Fundou, com ACM Neto, o PFL Jovem e segui como seu assessor parlamentar e coordenador de campanha durante oito anos e tamb\u00e9m assessor especial da Prefeitura de Salvador durante tr\u00eas anos, ainda nesse per\u00edodo. Assumiu o primeiro mandato de vereador na C\u00e2mara Municipal de Salvador, em 2013, com 6.787 votos pelo Democratas, na coliga\u00e7\u00e3o Pra Defender Salvador e foi reeleito em 2016 com 12.549 votos, tamb\u00e9m pelo Democratas. Em 2017, tomou posse concorrendo e sendo eleito \u00e0 Presid\u00eancia do Legislativo Soteropolitano.<\/p>\n<p style=\"text-align: justify;\">Em 2018, Leo Prates disputou uma vaga na Assembleia Legislativa do Estado da Bahia, sendo eleito deputado estadual no dia 7 de outubro, com 55.018 votos (0,79% dos votos v\u00e1lidos). O rec\u00e9m-eleito deputado federal, segue agora para Bras\u00edlia, onde ir\u00e1 defender um novo mandato por quatro anos.<\/p>\n<\/div>\n<\/div>\n<div class=\"vc_row_inner tdi_98  vc_row vc_inner wpb_row td-pb-row\" style=\"text-align: justify;\">\n<div class=\"vc_column_inner tdi_100  wpb_column vc_column_container tdc-inner-column td-pb-span12 td-is-sticky\">\n<div class=\"vc_column-inner\">\n<div class=\"wpb_wrapper\"><\/div>\n<\/div>\n<\/div>\n<\/div>\n<div class=\"vc_row_inner tdi_103  vc_row vc_inner wpb_row td-pb-row\">\n<div class=\"vc_column_inner tdi_105  wpb_column vc_column_container tdc-inner-column td-pb-span12\">\n<div class=\"vc_column-inner\">\n<div class=\"wpb_wrapper\">\n<div class=\"td-block td-a-rec td-a-rec-id-custom-spot tdi_106 td_block_template_8\">\n<div class=\"g g-13\">\n<div class=\"g-single a-27\" style=\"text-align: justify;\"><\/div>\n<\/div>\n<\/div>\n<\/div>\n<\/div>\n<\/div>\n<\/div>\n","protected":false},"excerpt":{"rendered":"<p>O ex-secret\u00e1rio municipal da Sa\u00fade e de Promo\u00e7\u00e3o Social de Salvador, e atualmente deputado estadual Leo Prates (PDT), foi um dos dez deputados federais baianos eleitos com a maior prefer\u00eancia dos eleitores, com 143.763 votos que o consagraram como um dos representantes da Bahia no Congresso Federal, em Bras\u00edlia, a partir de 2023. Ele ficou [&hellip;]<\/p>\n","protected":false},"author":1,"featured_media":43442,"comment_status":"closed","ping_status":"open","sticky":false,"template":"","format":"standard","meta":{"_uag_custom_page_level_css":"","_monsterinsights_skip_tracking":false,"_monsterinsights_sitenote_active":false,"_monsterinsights_sitenote_note":"","_monsterinsights_sitenote_category":0,"jetpack_post_was_ever_published":false,"_jetpack_newsletter_access":"","_jetpack_dont_email_post_to_subs":false,"_jetpack_newsletter_tier_id":0,"_jetpack_memberships_contains_paywalled_content":false,"_jetpack_memberships_contains_paid_content":false,"footnotes":"","jetpack_publicize_message":"","jetpack_publicize_feature_enabled":true,"jetpack_social_post_already_shared":true,"jetpack_social_options":{"image_generator_settings":{"template":"highway","default_image_id":0,"font":"","enabled":false},"version":2}},"categories":[10109],"tags":[],"class_list":["post-43441","post","type-post","status-publish","format-standard","has-post-thumbnail","hentry","category-eleicoes-2022"],"jetpack_publicize_connections":[],"jetpack_featured_media_url":"https:\/\/blogopara.com.br\/wp-content\/uploads\/2022\/10\/WhatsApp-Image-2022-10-03-at-11.02.11.jpg","uagb_featured_image_src":{"full":["https:\/\/blogopara.com.br\/wp-content\/uploads\/2022\/10\/WhatsApp-Image-2022-10-03-at-11.02.11.jpg",500,484,false],"thumbnail":["https:\/\/blogopara.com.br\/wp-content\/uploads\/2022\/10\/WhatsApp-Image-2022-10-03-at-11.02.11-150x150.jpg",150,150,true],"medium":["https:\/\/blogopara.com.br\/wp-content\/uploads\/2022\/10\/WhatsApp-Image-2022-10-03-at-11.02.11-300x290.jpg",300,290,true],"medium_large":["https:\/\/blogopara.com.br\/wp-content\/uploads\/2022\/10\/WhatsApp-Image-2022-10-03-at-11.02.11.jpg",500,484,false],"large":["https:\/\/blogopara.com.br\/wp-content\/uploads\/2022\/10\/WhatsApp-Image-2022-10-03-at-11.02.11.jpg",500,484,false],"1536x1536":["https:\/\/blogopara.com.br\/wp-content\/uploads\/2022\/10\/WhatsApp-Image-2022-10-03-at-11.02.11.jpg",500,484,false],"2048x2048":["https:\/\/blogopara.com.br\/wp-content\/uploads\/2022\/10\/WhatsApp-Image-2022-10-03-at-11.02.11.jpg",500,484,false],"mantranews-slider-large":["https:\/\/blogopara.com.br\/wp-content\/uploads\/2022\/10\/WhatsApp-Image-2022-10-03-at-11.02.11.jpg",500,484,false],"mantranews-featured-medium":["https:\/\/blogopara.com.br\/wp-content\/uploads\/2022\/10\/WhatsApp-Image-2022-10-03-at-11.02.11-420x307.jpg",420,307,true],"mantranews-featured-long":["https:\/\/blogopara.com.br\/wp-content\/uploads\/2022\/10\/WhatsApp-Image-2022-10-03-at-11.02.11-300x443.jpg",300,443,true],"mantranews-block-medium":["https:\/\/blogopara.com.br\/wp-content\/uploads\/2022\/10\/WhatsApp-Image-2022-10-03-at-11.02.11-464x290.jpg",464,290,true],"mantranews-carousel-image":["https:\/\/blogopara.com.br\/wp-content\/uploads\/2022\/10\/WhatsApp-Image-2022-10-03-at-11.02.11.jpg",500,484,false],"mantranews-block-thumb":["https:\/\/blogopara.com.br\/wp-content\/uploads\/2022\/10\/WhatsApp-Image-2022-10-03-at-11.02.11-322x230.jpg",322,230,true],"mantranews-single-large":["https:\/\/blogopara.com.br\/wp-content\/uploads\/2022\/10\/WhatsApp-Image-2022-10-03-at-11.02.11.jpg",500,484,false]},"uagb_author_info":{"display_name":"Reda\u00e7\u00e3o geral","author_link":"https:\/\/blogopara.com.br\/index.php\/author\/blogopara"},"uagb_comment_info":0,"uagb_excerpt":"O ex-secret\u00e1rio municipal da Sa\u00fade e de Promo\u00e7\u00e3o Social de Salvador, e atualmente deputado estadual Leo Prates (PDT), foi um dos dez deputados federais baianos eleitos com a maior prefer\u00eancia dos eleitores, com 143.763 votos que o consagraram como um dos representantes da Bahia no Congresso Federal, em Bras\u00edlia, a partir de 2023. Ele ficou&hellip;","jetpack_sharing_enabled":true,"jetpack_likes_enabled":true,"_links":{"self":[{"href":"https:\/\/blogopara.com.br\/index.php\/wp-json\/wp\/v2\/posts\/43441","targetHints":{"allow":["GET"]}}],"collection":[{"href":"https:\/\/blogopara.com.br\/index.php\/wp-json\/wp\/v2\/posts"}],"about":[{"href":"https:\/\/blogopara.com.br\/index.php\/wp-json\/wp\/v2\/types\/post"}],"author":[{"embeddable":true,"href":"https:\/\/blogopara.com.br\/index.php\/wp-json\/wp\/v2\/users\/1"}],"replies":[{"embeddable":true,"href":"https:\/\/blogopara.com.br\/index.php\/wp-json\/wp\/v2\/comments?post=43441"}],"version-history":[{"count":1,"href":"https:\/\/blogopara.com.br\/index.php\/wp-json\/wp\/v2\/posts\/43441\/revisions"}],"predecessor-version":[{"id":43443,"href":"https:\/\/blogopara.com.br\/index.php\/wp-json\/wp\/v2\/posts\/43441\/revisions\/43443"}],"wp:featuredmedia":[{"embeddable":true,"href":"https:\/\/blogopara.com.br\/index.php\/wp-json\/wp\/v2\/media\/43442"}],"wp:attachment":[{"href":"https:\/\/blogopara.com.br\/index.php\/wp-json\/wp\/v2\/media?parent=43441"}],"wp:term":[{"taxonomy":"category","embeddable":true,"href":"https:\/\/blogopara.com.br\/index.php\/wp-json\/wp\/v2\/categories?post=43441"},{"taxonomy":"post_tag","embeddable":true,"href":"https:\/\/blogopara.com.br\/index.php\/wp-json\/wp\/v2\/tags?post=43441"}],"curies":[{"name":"wp","href":"https:\/\/api.w.org\/{rel}","templated":true}]}}