{"id":43444,"date":"2022-10-03T17:35:00","date_gmt":"2022-10-03T20:35:00","guid":{"rendered":"https:\/\/blogopara.com.br\/?p=43444"},"modified":"2022-10-03T12:25:38","modified_gmt":"2022-10-03T15:25:38","slug":"prazo-de-inscricoes-para-o-concurso-do-inss-termina-hoje","status":"publish","type":"post","link":"https:\/\/blogopara.com.br\/index.php\/2022\/10\/03\/prazo-de-inscricoes-para-o-concurso-do-inss-termina-hoje","title":{"rendered":"Prazo de inscri\u00e7\u00f5es para o concurso do INSS termina hoje"},"content":{"rendered":"<div class=\"post-item-wrap\">\n<p style=\"text-align: justify;\">As inscri\u00e7\u00f5es para o concurso do Instituto Nacional do Seguro Social (INSS), com mil vagas para o cargo de t\u00e9cnico do seguro social, ser\u00e3o encerradas nesta segunda-feira (3). O prazo vai at\u00e9 as 18h (hor\u00e1rio de Bras\u00edlia), de acordo com edital publicado no\u00a0<a href=\"http:\/\/in.gov.br\/en\/web\/dou\/-\/edital-n-1-inss-de-12-de-setembro-de-2022-429587147\" target=\"_blank\" rel=\"noopener\"><em>Di\u00e1rio Oficial da Uni\u00e3o<\/em><\/a>\u00a0do dia 15 de setembro. A remunera\u00e7\u00e3o bruta inicial \u00e9 at\u00e9 R$ 5.905,79.<img decoding=\"async\" src=\"https:\/\/agenciabrasil.ebc.com.br\/ebc.png?id=1486058&amp;o=node\" \/><img decoding=\"async\" src=\"https:\/\/agenciabrasil.ebc.com.br\/ebc.gif?id=1486058&amp;o=node\" \/><\/p>\n<p style=\"text-align: justify;\">Segundo o INSS, o objetivo \u00e9 refor\u00e7ar o quadro de pessoal e melhorar os servi\u00e7os prestados \u00e0 popula\u00e7\u00e3o. Para participar do concurso, o candidato dever\u00e1 ter ensino m\u00e9dio ou curso t\u00e9cnico equivalente, conclu\u00eddo at\u00e9 a data da posse e com diploma expedido por institui\u00e7\u00e3o de ensino reconhecida pelo Minist\u00e9rio da Educa\u00e7\u00e3o (MEC).<\/p>\n<p style=\"text-align: justify;\">O respons\u00e1vel pela realiza\u00e7\u00e3o do concurso ser\u00e1 o Centro Brasileiro de Pesquisa em Avalia\u00e7\u00e3o e Sele\u00e7\u00e3o e de Promo\u00e7\u00e3o de Eventos\u00a0<a href=\"https:\/\/www.cebraspe.org.br\/concursos\/INSS_22\" target=\"_blank\" rel=\"noopener\">(Cebraspe)<\/a>.<\/p>\n<p style=\"text-align: justify;\">Das mil vagas oferecidas, 708 s\u00e3o para ampla concorr\u00eancia, 90 para pessoas com defici\u00eancia e 202 destinadas a pessoas negras. O valor da taxa de inscri\u00e7\u00e3o \u00e9 R$ 85 e poder\u00e1 ser pago at\u00e9 o dia 21 de outubro.<\/p>\n<h2 style=\"text-align: justify;\">Como ser\u00e1<\/h2>\n<p style=\"text-align: justify;\">O concurso ser\u00e1 realizado em duas etapas: provas objetivas, de car\u00e1ter eliminat\u00f3rio e classificat\u00f3rio, e curso de forma\u00e7\u00e3o, de car\u00e1ter eliminat\u00f3rio e classificat\u00f3rio. A aplica\u00e7\u00e3o das provas objetivas est\u00e1 prevista para o dia 27 de novembro.<\/p>\n<p style=\"text-align: justify;\">Al\u00e9m de conhecimentos espec\u00edficos da legisla\u00e7\u00e3o da seguridade social, a prova contar\u00e1 com as disciplinas de L\u00edngua Portuguesa, \u00c9tica no Servi\u00e7o P\u00fablico, no\u00e7\u00f5es de Direito Constitucional, no\u00e7\u00f5es de Direito Administrativo e no\u00e7\u00f5es de Inform\u00e1tica e Racioc\u00ednio L\u00f3gico-Matem\u00e1tico. O curso de forma\u00e7\u00e3o ser\u00e1 realizado em Bel\u00e9m, Belo Horizonte, Bras\u00edlia, Florian\u00f3polis, Fortaleza, Jo\u00e3o Pessoa, Manaus, Rio de Janeiro e S\u00e3o Paulo.<\/p>\n<p style=\"text-align: justify;\">Os candidatos nomeados estar\u00e3o subordinados ao Regime Jur\u00eddico \u00danico dos Servidores Civis da Uni\u00e3o, das Autarquias e das Funda\u00e7\u00f5es P\u00fablicas Federais (<a href=\"http:\/\/www.planalto.gov.br\/ccivil_03\/leis\/l8112cons.htm\" target=\"_blank\" rel=\"noopener\">Lei n\u00ba 8.112\/1990<\/a>).<\/p>\n<p style=\"text-align: justify;\">As lota\u00e7\u00f5es ser\u00e3o feitas em qualquer Ag\u00eancia da Previd\u00eancia Social pertencente \u00e0 Ger\u00eancia Executiva do INSS a qual o candidato optou por concorrer. H\u00e1 vagas para ger\u00eancias nos 26 estados e no Distrito Federal.<\/p>\n<p style=\"text-align: justify;\">Entre as atividades que ser\u00e3o executadas pelos novos servidores, est\u00e3o o atendimento ao p\u00fablico; orienta\u00e7\u00e3o, informa\u00e7\u00e3o e conscientiza\u00e7\u00e3o previdenci\u00e1ria; e a\u00e7\u00f5es relacionadas ao reconhecimento de direitos previdenci\u00e1rios.<\/p>\n<p style=\"text-align: justify;\">\n<\/div>\n","protected":false},"excerpt":{"rendered":"<p>As inscri\u00e7\u00f5es para o concurso do Instituto Nacional do Seguro Social (INSS), com mil vagas para o cargo de t\u00e9cnico do seguro social, ser\u00e3o encerradas nesta segunda-feira (3). O prazo vai at\u00e9 as 18h (hor\u00e1rio de Bras\u00edlia), de acordo com edital publicado no\u00a0Di\u00e1rio Oficial da Uni\u00e3o\u00a0do dia 15 de setembro. A remunera\u00e7\u00e3o bruta inicial \u00e9 [&hellip;]<\/p>\n","protected":false},"author":1,"featured_media":24017,"comment_status":"closed","ping_status":"open","sticky":false,"template":"","format":"standard","meta":{"_uag_custom_page_level_css":"","_monsterinsights_skip_tracking":false,"_monsterinsights_sitenote_active":false,"_monsterinsights_sitenote_note":"","_monsterinsights_sitenote_category":0,"jetpack_post_was_ever_published":false,"_jetpack_newsletter_access":"","_jetpack_dont_email_post_to_subs":false,"_jetpack_newsletter_tier_id":0,"_jetpack_memberships_contains_paywalled_content":false,"_jetpack_memberships_contains_paid_content":false,"footnotes":"","jetpack_publicize_message":"","jetpack_publicize_feature_enabled":true,"jetpack_social_post_already_shared":true,"jetpack_social_options":{"image_generator_settings":{"template":"highway","default_image_id":0,"font":"","enabled":false},"version":2}},"categories":[211],"tags":[],"class_list":["post-43444","post","type-post","status-publish","format-standard","has-post-thumbnail","hentry","category-concurso"],"jetpack_publicize_connections":[],"jetpack_featured_media_url":"https:\/\/blogopara.com.br\/wp-content\/uploads\/2021\/06\/edit_previdencia_socialsantos_fc231082200890-696x416-1.jpg","uagb_featured_image_src":{"full":["https:\/\/blogopara.com.br\/wp-content\/uploads\/2021\/06\/edit_previdencia_socialsantos_fc231082200890-696x416-1.jpg",696,416,false],"thumbnail":["https:\/\/blogopara.com.br\/wp-content\/uploads\/2021\/06\/edit_previdencia_socialsantos_fc231082200890-696x416-1-150x150.jpg",150,150,true],"medium":["https:\/\/blogopara.com.br\/wp-content\/uploads\/2021\/06\/edit_previdencia_socialsantos_fc231082200890-696x416-1-300x179.jpg",300,179,true],"medium_large":["https:\/\/blogopara.com.br\/wp-content\/uploads\/2021\/06\/edit_previdencia_socialsantos_fc231082200890-696x416-1.jpg",640,383,false],"large":["https:\/\/blogopara.com.br\/wp-content\/uploads\/2021\/06\/edit_previdencia_socialsantos_fc231082200890-696x416-1.jpg",640,383,false],"1536x1536":["https:\/\/blogopara.com.br\/wp-content\/uploads\/2021\/06\/edit_previdencia_socialsantos_fc231082200890-696x416-1.jpg",696,416,false],"2048x2048":["https:\/\/blogopara.com.br\/wp-content\/uploads\/2021\/06\/edit_previdencia_socialsantos_fc231082200890-696x416-1.jpg",696,416,false],"mantranews-slider-large":["https:\/\/blogopara.com.br\/wp-content\/uploads\/2021\/06\/edit_previdencia_socialsantos_fc231082200890-696x416-1.jpg",696,416,false],"mantranews-featured-medium":["https:\/\/blogopara.com.br\/wp-content\/uploads\/2021\/06\/edit_previdencia_socialsantos_fc231082200890-696x416-1-420x307.jpg",420,307,true],"mantranews-featured-long":["https:\/\/blogopara.com.br\/wp-content\/uploads\/2021\/06\/edit_previdencia_socialsantos_fc231082200890-696x416-1-300x416.jpg",300,416,true],"mantranews-block-medium":["https:\/\/blogopara.com.br\/wp-content\/uploads\/2021\/06\/edit_previdencia_socialsantos_fc231082200890-696x416-1-464x290.jpg",464,290,true],"mantranews-carousel-image":["https:\/\/blogopara.com.br\/wp-content\/uploads\/2021\/06\/edit_previdencia_socialsantos_fc231082200890-696x416-1-600x416.jpg",600,416,true],"mantranews-block-thumb":["https:\/\/blogopara.com.br\/wp-content\/uploads\/2021\/06\/edit_previdencia_socialsantos_fc231082200890-696x416-1-322x230.jpg",322,230,true],"mantranews-single-large":["https:\/\/blogopara.com.br\/wp-content\/uploads\/2021\/06\/edit_previdencia_socialsantos_fc231082200890-696x416-1.jpg",696,416,false]},"uagb_author_info":{"display_name":"Reda\u00e7\u00e3o geral","author_link":"https:\/\/blogopara.com.br\/index.php\/author\/blogopara"},"uagb_comment_info":0,"uagb_excerpt":"As inscri\u00e7\u00f5es para o concurso do Instituto Nacional do Seguro Social (INSS), com mil vagas para o cargo de t\u00e9cnico do seguro social, ser\u00e3o encerradas nesta segunda-feira (3). O prazo vai at\u00e9 as 18h (hor\u00e1rio de Bras\u00edlia), de acordo com edital publicado no\u00a0Di\u00e1rio Oficial da Uni\u00e3o\u00a0do dia 15 de setembro. A remunera\u00e7\u00e3o bruta inicial \u00e9&hellip;","jetpack_sharing_enabled":true,"jetpack_likes_enabled":true,"_links":{"self":[{"href":"https:\/\/blogopara.com.br\/index.php\/wp-json\/wp\/v2\/posts\/43444","targetHints":{"allow":["GET"]}}],"collection":[{"href":"https:\/\/blogopara.com.br\/index.php\/wp-json\/wp\/v2\/posts"}],"about":[{"href":"https:\/\/blogopara.com.br\/index.php\/wp-json\/wp\/v2\/types\/post"}],"author":[{"embeddable":true,"href":"https:\/\/blogopara.com.br\/index.php\/wp-json\/wp\/v2\/users\/1"}],"replies":[{"embeddable":true,"href":"https:\/\/blogopara.com.br\/index.php\/wp-json\/wp\/v2\/comments?post=43444"}],"version-history":[{"count":1,"href":"https:\/\/blogopara.com.br\/index.php\/wp-json\/wp\/v2\/posts\/43444\/revisions"}],"predecessor-version":[{"id":43445,"href":"https:\/\/blogopara.com.br\/index.php\/wp-json\/wp\/v2\/posts\/43444\/revisions\/43445"}],"wp:featuredmedia":[{"embeddable":true,"href":"https:\/\/blogopara.com.br\/index.php\/wp-json\/wp\/v2\/media\/24017"}],"wp:attachment":[{"href":"https:\/\/blogopara.com.br\/index.php\/wp-json\/wp\/v2\/media?parent=43444"}],"wp:term":[{"taxonomy":"category","embeddable":true,"href":"https:\/\/blogopara.com.br\/index.php\/wp-json\/wp\/v2\/categories?post=43444"},{"taxonomy":"post_tag","embeddable":true,"href":"https:\/\/blogopara.com.br\/index.php\/wp-json\/wp\/v2\/tags?post=43444"}],"curies":[{"name":"wp","href":"https:\/\/api.w.org\/{rel}","templated":true}]}}