{"id":43451,"date":"2022-10-03T20:25:00","date_gmt":"2022-10-03T23:25:00","guid":{"rendered":"https:\/\/blogopara.com.br\/?p=43451"},"modified":"2022-10-03T13:00:56","modified_gmt":"2022-10-03T16:00:56","slug":"a-justica-eleitoral-cumpriu-novamente-a-sua-missao-constitucional-de-garantir-seguranca-e-transparencia-as-eleicoes-diz-presidente-do-tse","status":"publish","type":"post","link":"https:\/\/blogopara.com.br\/index.php\/2022\/10\/03\/a-justica-eleitoral-cumpriu-novamente-a-sua-missao-constitucional-de-garantir-seguranca-e-transparencia-as-eleicoes-diz-presidente-do-tse","title":{"rendered":"&#8220;A Justi\u00e7a Eleitoral cumpriu novamente a sua miss\u00e3o constitucional de garantir seguran\u00e7a e transpar\u00eancia \u00e0s elei\u00e7\u00f5es\u201d, diz presidente do TSE"},"content":{"rendered":"<p style=\"text-align: justify;\">\u201cChegamos ao final deste dia com a certeza de que a Justi\u00e7a Eleitoral cumpriu novamente a sua miss\u00e3o constitucional de garantir seguran\u00e7a e transpar\u00eancia \u00e0s elei\u00e7\u00f5es\u201d. Com essas palavras, o presidente do Tribunal Superior Eleitoral (TSE), ministro Alexandre de Moraes, abriu a entrevista coletiva de encerramento do primeiro turno das Elei\u00e7\u00f5es Gerais de 2022, na noite deste domingo (2).<\/p>\n<p style=\"text-align: justify;\">Ele agradeceu a presen\u00e7a de diversas autoridades \u2013 entre elas, a presidente do Supremo Tribunal Federal (STF), ministra Rosa Weber; o presidente do Senado Federal e do Congresso Nacional, senador Rodrigo Pacheco; o procurador-geral da Rep\u00fablica, Augusto Aras; e o presidente da Ordem dos Advogados do Brasil (OAB), Beto Simonetti \u2013 e de representantes de institui\u00e7\u00f5es p\u00fablicas e privadas nacionais e internacionais que acompanharam os trabalhos da Justi\u00e7a Eleitoral durante todo o dia de hoje.<\/p>\n<p style=\"text-align: justify;\">Moraes lembrou o trabalho conjunto de mais de 1,8 milh\u00e3o de mes\u00e1rios, 22 mil servidores da Justi\u00e7a Eleitoral, al\u00e9m de milhares de ju\u00edzes eleitorais e membros do Minist\u00e9rio P\u00fablico Eleitoral, que, segundo o ministro, foram os respons\u00e1veis pelo sucesso da realiza\u00e7\u00e3o do primeiro turno de vota\u00e7\u00e3o de maneira tranquila e ordeira em todo pa\u00eds.<\/p>\n<p style=\"text-align: justify;\">Para o presidente do TSE, a imprensa desempenhou um papel preponderante para que a Justi\u00e7a Eleitoral pudesse se comunicar com as eleitoras e os eleitores e informar sobre o Teste de Integridade, o projeto-piloto com biometria e a introdu\u00e7\u00e3o do novo modelo de urnas eletr\u00f4nicas, entre outros t\u00f3picos. \u201cOu seja, para tornar ainda mais transparente o que sempre foi transparente. Para mostrar que \u00e9 seguro o que sempre foi seguro. Para mostrar que as urnas eletr\u00f4nicas representam exatamente, no Boletim de Urna, a vontade popular que foi digitada em cada uma das se\u00e7\u00f5es eleitorais\u201d, disse.<\/p>\n<p style=\"text-align: justify;\">\u201cSe podemos afirmar que houve vencedores neste dia, eu diria que s\u00e3o dois: a sociedade brasileira, que demonstrou novamente maturidade, consci\u00eancia, tranquilidade e harmonia para votar; e a Justi\u00e7a Eleitoral, com a sua compet\u00eancia, agilidade, seriedade e total transpar\u00eancia na apura\u00e7\u00e3o e divulga\u00e7\u00e3o dos votos\u201d, concluiu, antes de uma longa salva de palmas.<\/p>\n<p style=\"text-align: justify;\">Alexandre de Moraes informou que a absten\u00e7\u00e3o registrada neste primeiro turno seguiu a m\u00e9dia de 20% que vinha ocorrendo em pleitos anteriores. Neste 2 de outubro, cerca de 20,89% dos eleitores n\u00e3o compareceram \u00e0s urnas, um n\u00famero um pouco menor que o das Elei\u00e7\u00f5es Municipais de 2020, que foi 23,15% \u2013 valor que, \u00e0 \u00e9poca, foi atribu\u00eddo \u00e0 vota\u00e7\u00e3o em plena pandemia de Covid-19.<\/p>\n<p style=\"text-align: justify;\">O ministro tamb\u00e9m destacou o registro, neste primeiro turno das Elei\u00e7\u00f5es 2022, do menor \u00edndice de votos em branco e nulos desde 2014. \u201cN\u00f3s tivemos metade dos votos em branco e nulos, por exemplo, das elei\u00e7\u00f5es de 2018\u201d, comemorou. Segundo o presidente do TSE, este ano,foram registrados 4,20% de votos em branco e nulos, ao passo em que, em 2018, esse \u00edndice chegou a atingir 8,8%. \u201cOu seja, aproximadamente 7,5 milh\u00f5es de pessoas a mais que compareceram para votar em candidatos\u201d, estimou Alexandre de Moraes.<\/p>\n<p style=\"text-align: justify;\">Ele considerou que essa mudan\u00e7a no comportamento das eleitoras e dos eleitores pode ser atribu\u00edda \u00e0 polariza\u00e7\u00e3o pol\u00edtica que se registra neste per\u00edodo eleitoral, e que isso pode ter sido uma das causas das filas que se registraram em v\u00e1rias se\u00e7\u00f5es de vota\u00e7\u00e3o pelo pa\u00eds. Segundo o ministro, tal fato pode ter se dado porque, em vez de votar rapidamente nulo ou em branco, neste domingo, essas pessoas votaram nos cinco cargos em disputa. \u201c\u00c9 um dado interessant\u00edssimo, porque representa uma maior participa\u00e7\u00e3o efetiva na escolha dos dirigentes do pa\u00eds\u201d, considerou.<\/p>\n<p style=\"text-align: justify;\">N\u00e3o houve, segundo o ministro, ocorr\u00eancias graves em rela\u00e7\u00e3o a quest\u00f5es pol\u00edtico-ideol\u00f3gicas, tampouco problemas para votar com os que compareceram \u00e0s se\u00e7\u00f5es, ou atrasos na totaliza\u00e7\u00e3o dos votos, que come\u00e7ou \u00e0s 17h em<\/p>\n","protected":false},"excerpt":{"rendered":"<p>\u201cChegamos ao final deste dia com a certeza de que a Justi\u00e7a Eleitoral cumpriu novamente a sua miss\u00e3o constitucional de garantir seguran\u00e7a e transpar\u00eancia \u00e0s elei\u00e7\u00f5es\u201d. Com essas palavras, o presidente do Tribunal Superior Eleitoral (TSE), ministro Alexandre de Moraes, abriu a entrevista coletiva de encerramento do primeiro turno das Elei\u00e7\u00f5es Gerais de 2022, na [&hellip;]<\/p>\n","protected":false},"author":1,"featured_media":43452,"comment_status":"closed","ping_status":"open","sticky":false,"template":"","format":"standard","meta":{"_uag_custom_page_level_css":"","_monsterinsights_skip_tracking":false,"_monsterinsights_sitenote_active":false,"_monsterinsights_sitenote_note":"","_monsterinsights_sitenote_category":0,"jetpack_post_was_ever_published":false,"_jetpack_newsletter_access":"","_jetpack_dont_email_post_to_subs":false,"_jetpack_newsletter_tier_id":0,"_jetpack_memberships_contains_paywalled_content":false,"_jetpack_memberships_contains_paid_content":false,"footnotes":"","jetpack_publicize_message":"","jetpack_publicize_feature_enabled":true,"jetpack_social_post_already_shared":true,"jetpack_social_options":{"image_generator_settings":{"template":"highway","default_image_id":0,"font":"","enabled":false},"version":2}},"categories":[10109],"tags":[],"class_list":["post-43451","post","type-post","status-publish","format-standard","has-post-thumbnail","hentry","category-eleicoes-2022"],"jetpack_publicize_connections":[],"jetpack_featured_media_url":"https:\/\/blogopara.com.br\/wp-content\/uploads\/2022\/10\/WhatsApp-Image-2022-10-03-at-12.56.23.jpg","uagb_featured_image_src":{"full":["https:\/\/blogopara.com.br\/wp-content\/uploads\/2022\/10\/WhatsApp-Image-2022-10-03-at-12.56.23.jpg",500,246,false],"thumbnail":["https:\/\/blogopara.com.br\/wp-content\/uploads\/2022\/10\/WhatsApp-Image-2022-10-03-at-12.56.23-150x150.jpg",150,150,true],"medium":["https:\/\/blogopara.com.br\/wp-content\/uploads\/2022\/10\/WhatsApp-Image-2022-10-03-at-12.56.23-300x148.jpg",300,148,true],"medium_large":["https:\/\/blogopara.com.br\/wp-content\/uploads\/2022\/10\/WhatsApp-Image-2022-10-03-at-12.56.23.jpg",500,246,false],"large":["https:\/\/blogopara.com.br\/wp-content\/uploads\/2022\/10\/WhatsApp-Image-2022-10-03-at-12.56.23.jpg",500,246,false],"1536x1536":["https:\/\/blogopara.com.br\/wp-content\/uploads\/2022\/10\/WhatsApp-Image-2022-10-03-at-12.56.23.jpg",500,246,false],"2048x2048":["https:\/\/blogopara.com.br\/wp-content\/uploads\/2022\/10\/WhatsApp-Image-2022-10-03-at-12.56.23.jpg",500,246,false],"mantranews-slider-large":["https:\/\/blogopara.com.br\/wp-content\/uploads\/2022\/10\/WhatsApp-Image-2022-10-03-at-12.56.23.jpg",500,246,false],"mantranews-featured-medium":["https:\/\/blogopara.com.br\/wp-content\/uploads\/2022\/10\/WhatsApp-Image-2022-10-03-at-12.56.23-420x246.jpg",420,246,true],"mantranews-featured-long":["https:\/\/blogopara.com.br\/wp-content\/uploads\/2022\/10\/WhatsApp-Image-2022-10-03-at-12.56.23-300x246.jpg",300,246,true],"mantranews-block-medium":["https:\/\/blogopara.com.br\/wp-content\/uploads\/2022\/10\/WhatsApp-Image-2022-10-03-at-12.56.23-464x246.jpg",464,246,true],"mantranews-carousel-image":["https:\/\/blogopara.com.br\/wp-content\/uploads\/2022\/10\/WhatsApp-Image-2022-10-03-at-12.56.23.jpg",500,246,false],"mantranews-block-thumb":["https:\/\/blogopara.com.br\/wp-content\/uploads\/2022\/10\/WhatsApp-Image-2022-10-03-at-12.56.23-322x230.jpg",322,230,true],"mantranews-single-large":["https:\/\/blogopara.com.br\/wp-content\/uploads\/2022\/10\/WhatsApp-Image-2022-10-03-at-12.56.23.jpg",500,246,false]},"uagb_author_info":{"display_name":"Reda\u00e7\u00e3o geral","author_link":"https:\/\/blogopara.com.br\/index.php\/author\/blogopara"},"uagb_comment_info":0,"uagb_excerpt":"\u201cChegamos ao final deste dia com a certeza de que a Justi\u00e7a Eleitoral cumpriu novamente a sua miss\u00e3o constitucional de garantir seguran\u00e7a e transpar\u00eancia \u00e0s elei\u00e7\u00f5es\u201d. Com essas palavras, o presidente do Tribunal Superior Eleitoral (TSE), ministro Alexandre de Moraes, abriu a entrevista coletiva de encerramento do primeiro turno das Elei\u00e7\u00f5es Gerais de 2022, na&hellip;","jetpack_sharing_enabled":true,"jetpack_likes_enabled":true,"_links":{"self":[{"href":"https:\/\/blogopara.com.br\/index.php\/wp-json\/wp\/v2\/posts\/43451","targetHints":{"allow":["GET"]}}],"collection":[{"href":"https:\/\/blogopara.com.br\/index.php\/wp-json\/wp\/v2\/posts"}],"about":[{"href":"https:\/\/blogopara.com.br\/index.php\/wp-json\/wp\/v2\/types\/post"}],"author":[{"embeddable":true,"href":"https:\/\/blogopara.com.br\/index.php\/wp-json\/wp\/v2\/users\/1"}],"replies":[{"embeddable":true,"href":"https:\/\/blogopara.com.br\/index.php\/wp-json\/wp\/v2\/comments?post=43451"}],"version-history":[{"count":1,"href":"https:\/\/blogopara.com.br\/index.php\/wp-json\/wp\/v2\/posts\/43451\/revisions"}],"predecessor-version":[{"id":43453,"href":"https:\/\/blogopara.com.br\/index.php\/wp-json\/wp\/v2\/posts\/43451\/revisions\/43453"}],"wp:featuredmedia":[{"embeddable":true,"href":"https:\/\/blogopara.com.br\/index.php\/wp-json\/wp\/v2\/media\/43452"}],"wp:attachment":[{"href":"https:\/\/blogopara.com.br\/index.php\/wp-json\/wp\/v2\/media?parent=43451"}],"wp:term":[{"taxonomy":"category","embeddable":true,"href":"https:\/\/blogopara.com.br\/index.php\/wp-json\/wp\/v2\/categories?post=43451"},{"taxonomy":"post_tag","embeddable":true,"href":"https:\/\/blogopara.com.br\/index.php\/wp-json\/wp\/v2\/tags?post=43451"}],"curies":[{"name":"wp","href":"https:\/\/api.w.org\/{rel}","templated":true}]}}