{"id":43505,"date":"2022-10-04T13:43:00","date_gmt":"2022-10-04T16:43:00","guid":{"rendered":"https:\/\/blogopara.com.br\/?p=43505"},"modified":"2022-10-04T12:46:44","modified_gmt":"2022-10-04T15:46:44","slug":"lula-planeja-aliancas-ao-centro-e-ate-pactos-com-bolsonaristas-no-2o-turno","status":"publish","type":"post","link":"https:\/\/blogopara.com.br\/index.php\/2022\/10\/04\/lula-planeja-aliancas-ao-centro-e-ate-pactos-com-bolsonaristas-no-2o-turno","title":{"rendered":"Lula planeja alian\u00e7as ao centro e at\u00e9 pactos com bolsonaristas no 2\u00ba turno"},"content":{"rendered":"<div class=\"caas-body-section\">\n<div class=\"caas-content wafer-sticky wafer-loader-success\" data-wf-sticky-boundary=\"caas-body-section\" data-wf-sticky-offset=\"165px   10px\" data-wf-sticky-target=\".caas-share-buttons\">\n<div class=\"caas-content-wrapper\">\n<div class=\"caas-body\">\n<p style=\"text-align: justify;\">S\u00c3O PAULO, SP (FOLHAPRESS) &#8211; Para o segundo turno, o comando da campanha do ex-presidente Luiz In\u00e1cio Lula da Silva (PT) planeja um movimento mais radical para o centro, incluindo at\u00e9 a abertura de di\u00e1logo com pol\u00edticos alinhados ao presidente Jair Bolsonaro (PL). Esse movimento ocorre na esteira dos resultados das elei\u00e7\u00f5es.<\/p>\n<p style=\"text-align: justify;\">Com 99,99% das urnas apuradas, o petista teve neste domingo (2) 48,43% dos votos v\u00e1lidos, ante 43,2% do atual chefe do Executivo. A articula\u00e7\u00e3o em discuss\u00e3o tamb\u00e9m inclui uma alian\u00e7a com o PSDB no Rio Grande do Sul, em Pernambuco e em S\u00e3o Paulo, al\u00e9m de neutralidade na Para\u00edba.<\/p>\n<p style=\"text-align: justify;\">Outro movimento em curso ocorre em Minas Gerais, onde os petistas pretendem reabrir conversas iniciadas na pr\u00e9-campanha com o governador Romeu Zema (Novo), reeleito em primeiro turno.<\/p>\n<p style=\"text-align: justify;\">\u00c0 \u00e9poca, desenhava-se um pacto de n\u00e3o agress\u00e3o apelidado de &#8220;Luzema&#8221;. Pelo acordo em discuss\u00e3o na pr\u00e9-campanha, o PT lan\u00e7aria apenas o deputado federal Reginaldo Lopes para o Senado, liberando seus eleitores na disputa ao governo. Lula, no entanto, foi convencido da necessidade de um palanque para governador, apoiando formalmente o ex-prefeito de Belo Horizonte Alexandre Kalil (PSD).<\/p>\n<p style=\"text-align: justify;\">Hoje, integrantes da c\u00fapula da campanha dizem que Lula foi induzido a erro. A reabertura de canais com Zema chegou a ser cogitada, mas j\u00e1 era tarde demais. Agora a ideia \u00e9 propor ao governador um acordo informal, segundo o qual ele apoiaria Bolsonaro sem fazer uma campanha apaixonada pelo presidente.<\/p>\n<p style=\"text-align: justify;\">Na tentativa de atrair o PSDB, em Pernambuco, a estrat\u00e9gia em debate seria o PC do B apoiar a candidata tucana Raquel Lyra ao governo contra Mar\u00edlia Arraes (Solidariedade). Integrantes do comando da campanha de Lula lembram que Raquel \u00e9 do chamado centro democr\u00e1tico, tendo sido filiada ao PSB. J\u00e1 a ex-petista Mar\u00edlia integra a alian\u00e7a de partidos encabe\u00e7ada pelo ex-presidente. Da\u00ed a proposta salom\u00f4nica.<\/p>\n<p style=\"text-align: justify;\">No Rio Grande do Sul, o PT, cujo candidato, Jo\u00e3o Edegar Pretto, chegou em terceiro lugar, com 26,77% dos votos v\u00e1lidos, apoiaria Eduardo Leite &#8211;em troca de espa\u00e7o do palanque do tucano no segundo turno.<\/p>\n<p style=\"text-align: justify;\">Petistas tamb\u00e9m buscam di\u00e1logo com o PSDB de S\u00e3o Paulo. O governador Rodrigo Garcia (PSDB) foi derrotado e n\u00e3o disputar\u00e1 o segundo turno, que ficou entre Tarc\u00edsio de Freitas (Republicanos) e Fernando Haddad (PT). Nesta segunda-feira (3), o ex-governador M\u00e1rcio Fran\u00e7a (PSB), que perdeu a elei\u00e7\u00e3o para o Senado para Marcos Pontes (PL), afirmou ter conversado com Rodrigo por mensagens de texto, mas disse que n\u00e3o chegaram a discutir um poss\u00edvel apoio do tucano \u00e0 candidatura do ex-prefeito de S\u00e3o Paulo.<\/p>\n<p style=\"text-align: justify;\">&#8220;Cumprimentei e disse a ele que o resultado n\u00e3o representa um perfil do governo dele. \u00c9 um resultado polarizado, e qualquer coisa que ficasse no meio seria trucidada. E ele foi o trucidado da vez.&#8221;<\/p>\n<p style=\"text-align: justify;\">Ao ser questionado se Rodrigo havia se mostrado aberto a dialogar com Haddad, Fran\u00e7a disse que a conversa n\u00e3o chegou a esse ponto &#8211;mas afirmou acreditar que ela &#8220;vai chegar&#8221;.<\/p>\n<p style=\"text-align: justify;\">O ex-governador disse n\u00e3o ver condi\u00e7\u00f5es para que o tucano e &#8220;todo mundo que \u00e9 democrata&#8221; fa\u00e7am campanha para algu\u00e9m que \u00e9 de fora do estado, em cr\u00edtica a Tarc\u00edsio, carioca e radicado em Bras\u00edlia.<\/p>\n<p style=\"text-align: justify;\">A campanha de Lula inclui at\u00e9 mesmo uma conversa informal com o governador do Rio de Janeiro, Cl\u00e1udio Castro (PL), reeleito no domingo. No estado, domic\u00edlio eleitoral de Bolsonaro, a ideia \u00e9 pedir uma oposi\u00e7\u00e3o respeitosa, com a promessa de uma rela\u00e7\u00e3o amistosa caso Lula seja eleito. O presidente da Assembleia do Rio, Andr\u00e9 Ceciliano (PT), derrotado na corrida pelo Senado, seria porta-voz da oferta.<\/p>\n<\/div>\n<\/div>\n<\/div>\n<\/div>\n","protected":false},"excerpt":{"rendered":"<p>S\u00c3O PAULO, SP (FOLHAPRESS) &#8211; Para o segundo turno, o comando da campanha do ex-presidente Luiz In\u00e1cio Lula da Silva (PT) planeja um movimento mais radical para o centro, incluindo at\u00e9 a abertura de di\u00e1logo com pol\u00edticos alinhados ao presidente Jair Bolsonaro (PL). Esse movimento ocorre na esteira dos resultados das elei\u00e7\u00f5es. Com 99,99% das [&hellip;]<\/p>\n","protected":false},"author":1,"featured_media":43506,"comment_status":"closed","ping_status":"open","sticky":false,"template":"","format":"standard","meta":{"_uag_custom_page_level_css":"","_monsterinsights_skip_tracking":false,"_monsterinsights_sitenote_active":false,"_monsterinsights_sitenote_note":"","_monsterinsights_sitenote_category":0,"jetpack_post_was_ever_published":false,"_jetpack_newsletter_access":"","_jetpack_dont_email_post_to_subs":false,"_jetpack_newsletter_tier_id":0,"_jetpack_memberships_contains_paywalled_content":false,"_jetpack_memberships_contains_paid_content":false,"footnotes":"","jetpack_publicize_message":"","jetpack_publicize_feature_enabled":true,"jetpack_social_post_already_shared":true,"jetpack_social_options":{"image_generator_settings":{"template":"highway","default_image_id":0,"font":"","enabled":false},"version":2}},"categories":[200,10109],"tags":[21,554,52],"class_list":["post-43505","post","type-post","status-publish","format-standard","has-post-thumbnail","hentry","category-brasil","category-eleicoes-2022","tag-bolsonaro","tag-lula","tag-pt"],"jetpack_publicize_connections":[],"jetpack_featured_media_url":"https:\/\/blogopara.com.br\/wp-content\/uploads\/2022\/10\/th.jpg","uagb_featured_image_src":{"full":["https:\/\/blogopara.com.br\/wp-content\/uploads\/2022\/10\/th.jpg",500,280,false],"thumbnail":["https:\/\/blogopara.com.br\/wp-content\/uploads\/2022\/10\/th-150x150.jpg",150,150,true],"medium":["https:\/\/blogopara.com.br\/wp-content\/uploads\/2022\/10\/th-300x168.jpg",300,168,true],"medium_large":["https:\/\/blogopara.com.br\/wp-content\/uploads\/2022\/10\/th.jpg",500,280,false],"large":["https:\/\/blogopara.com.br\/wp-content\/uploads\/2022\/10\/th.jpg",500,280,false],"1536x1536":["https:\/\/blogopara.com.br\/wp-content\/uploads\/2022\/10\/th.jpg",500,280,false],"2048x2048":["https:\/\/blogopara.com.br\/wp-content\/uploads\/2022\/10\/th.jpg",500,280,false],"mantranews-slider-large":["https:\/\/blogopara.com.br\/wp-content\/uploads\/2022\/10\/th.jpg",500,280,false],"mantranews-featured-medium":["https:\/\/blogopara.com.br\/wp-content\/uploads\/2022\/10\/th-420x280.jpg",420,280,true],"mantranews-featured-long":["https:\/\/blogopara.com.br\/wp-content\/uploads\/2022\/10\/th-300x280.jpg",300,280,true],"mantranews-block-medium":["https:\/\/blogopara.com.br\/wp-content\/uploads\/2022\/10\/th-464x280.jpg",464,280,true],"mantranews-carousel-image":["https:\/\/blogopara.com.br\/wp-content\/uploads\/2022\/10\/th.jpg",500,280,false],"mantranews-block-thumb":["https:\/\/blogopara.com.br\/wp-content\/uploads\/2022\/10\/th-322x230.jpg",322,230,true],"mantranews-single-large":["https:\/\/blogopara.com.br\/wp-content\/uploads\/2022\/10\/th.jpg",500,280,false]},"uagb_author_info":{"display_name":"Reda\u00e7\u00e3o geral","author_link":"https:\/\/blogopara.com.br\/index.php\/author\/blogopara"},"uagb_comment_info":0,"uagb_excerpt":"S\u00c3O PAULO, SP (FOLHAPRESS) &#8211; Para o segundo turno, o comando da campanha do ex-presidente Luiz In\u00e1cio Lula da Silva (PT) planeja um movimento mais radical para o centro, incluindo at\u00e9 a abertura de di\u00e1logo com pol\u00edticos alinhados ao presidente Jair Bolsonaro (PL). Esse movimento ocorre na esteira dos resultados das elei\u00e7\u00f5es. Com 99,99% das&hellip;","jetpack_sharing_enabled":true,"jetpack_likes_enabled":true,"_links":{"self":[{"href":"https:\/\/blogopara.com.br\/index.php\/wp-json\/wp\/v2\/posts\/43505","targetHints":{"allow":["GET"]}}],"collection":[{"href":"https:\/\/blogopara.com.br\/index.php\/wp-json\/wp\/v2\/posts"}],"about":[{"href":"https:\/\/blogopara.com.br\/index.php\/wp-json\/wp\/v2\/types\/post"}],"author":[{"embeddable":true,"href":"https:\/\/blogopara.com.br\/index.php\/wp-json\/wp\/v2\/users\/1"}],"replies":[{"embeddable":true,"href":"https:\/\/blogopara.com.br\/index.php\/wp-json\/wp\/v2\/comments?post=43505"}],"version-history":[{"count":1,"href":"https:\/\/blogopara.com.br\/index.php\/wp-json\/wp\/v2\/posts\/43505\/revisions"}],"predecessor-version":[{"id":43507,"href":"https:\/\/blogopara.com.br\/index.php\/wp-json\/wp\/v2\/posts\/43505\/revisions\/43507"}],"wp:featuredmedia":[{"embeddable":true,"href":"https:\/\/blogopara.com.br\/index.php\/wp-json\/wp\/v2\/media\/43506"}],"wp:attachment":[{"href":"https:\/\/blogopara.com.br\/index.php\/wp-json\/wp\/v2\/media?parent=43505"}],"wp:term":[{"taxonomy":"category","embeddable":true,"href":"https:\/\/blogopara.com.br\/index.php\/wp-json\/wp\/v2\/categories?post=43505"},{"taxonomy":"post_tag","embeddable":true,"href":"https:\/\/blogopara.com.br\/index.php\/wp-json\/wp\/v2\/tags?post=43505"}],"curies":[{"name":"wp","href":"https:\/\/api.w.org\/{rel}","templated":true}]}}