{"id":43573,"date":"2022-10-05T18:35:00","date_gmt":"2022-10-05T21:35:00","guid":{"rendered":"https:\/\/blogopara.com.br\/?p=43573"},"modified":"2022-10-05T10:31:52","modified_gmt":"2022-10-05T13:31:52","slug":"presidente-do-uniao-brasil-se-reune-com-bolsonaro-para-discutir-2o-turno","status":"publish","type":"post","link":"https:\/\/blogopara.com.br\/index.php\/2022\/10\/05\/presidente-do-uniao-brasil-se-reune-com-bolsonaro-para-discutir-2o-turno","title":{"rendered":"Presidente do Uni\u00e3o Brasil se re\u00fane com Bolsonaro para discutir 2\u00ba turno"},"content":{"rendered":"<p style=\"text-align: justify;\">Vice-presidente nacional do\u00a0<a href=\"https:\/\/www.metropoles.com\/tag\/uniao-brasil\" target=\"_blank\" rel=\"noopener\">Uni\u00e3o Brasil<\/a>, o advogado Ant\u00f4nio Rueda participou de reuni\u00e3o com\u00a0<a href=\"https:\/\/www.metropoles.com\/tag\/jair-bolsonaro\" target=\"_blank\" rel=\"noopener\">Jair Bolsonaro<\/a>\u00a0e aliados do presidente, na tarde dessa ter\u00e7a-feira (3\/10), no Pal\u00e1cio da Alvorada.<\/p>\n<p style=\"text-align: justify;\">O encontro serviu para Bolsonaro discutir com auxiliares e aliados as estrat\u00e9gias de comunica\u00e7\u00e3o e de enfrentamento jur\u00eddico e pol\u00edtico para a campanha do segundo turno contra o ex-presidente\u00a0<a href=\"https:\/\/www.metropoles.com\/tag\/lula\" target=\"_blank\" rel=\"noopener\">Lula<\/a>.<\/p>\n<p style=\"text-align: justify;\">Na reuni\u00e3o, foram debatidas, em especial, estrat\u00e9gias para angariar apoio a Bolsonaro de governadores eleitos e outros candidatos a governo que tamb\u00e9m disputam o segundo turno em seus estados.<\/p>\n","protected":false},"excerpt":{"rendered":"<p>Vice-presidente nacional do\u00a0Uni\u00e3o Brasil, o advogado Ant\u00f4nio Rueda participou de reuni\u00e3o com\u00a0Jair Bolsonaro\u00a0e aliados do presidente, na tarde dessa ter\u00e7a-feira (3\/10), no Pal\u00e1cio da Alvorada. O encontro serviu para Bolsonaro discutir com auxiliares e aliados as estrat\u00e9gias de comunica\u00e7\u00e3o e de enfrentamento jur\u00eddico e pol\u00edtico para a campanha do segundo turno contra o ex-presidente\u00a0Lula. Na [&hellip;]<\/p>\n","protected":false},"author":1,"featured_media":41319,"comment_status":"closed","ping_status":"open","sticky":false,"template":"","format":"standard","meta":{"_uag_custom_page_level_css":"","_monsterinsights_skip_tracking":false,"_monsterinsights_sitenote_active":false,"_monsterinsights_sitenote_note":"","_monsterinsights_sitenote_category":0,"jetpack_post_was_ever_published":false,"_jetpack_newsletter_access":"","_jetpack_dont_email_post_to_subs":false,"_jetpack_newsletter_tier_id":0,"_jetpack_memberships_contains_paywalled_content":false,"_jetpack_memberships_contains_paid_content":false,"footnotes":"","jetpack_publicize_message":"","jetpack_publicize_feature_enabled":true,"jetpack_social_post_already_shared":true,"jetpack_social_options":{"image_generator_settings":{"template":"highway","default_image_id":0,"font":"","enabled":false},"version":2}},"categories":[10109],"tags":[],"class_list":["post-43573","post","type-post","status-publish","format-standard","has-post-thumbnail","hentry","category-eleicoes-2022"],"jetpack_publicize_connections":[],"jetpack_featured_media_url":"https:\/\/blogopara.com.br\/wp-content\/uploads\/2022\/08\/bolsonaro-em-entrevista-ao-jornal-nacional-1661213354329_v2_900x506.jpg","uagb_featured_image_src":{"full":["https:\/\/blogopara.com.br\/wp-content\/uploads\/2022\/08\/bolsonaro-em-entrevista-ao-jornal-nacional-1661213354329_v2_900x506.jpg",500,281,false],"thumbnail":["https:\/\/blogopara.com.br\/wp-content\/uploads\/2022\/08\/bolsonaro-em-entrevista-ao-jornal-nacional-1661213354329_v2_900x506-150x150.jpg",150,150,true],"medium":["https:\/\/blogopara.com.br\/wp-content\/uploads\/2022\/08\/bolsonaro-em-entrevista-ao-jornal-nacional-1661213354329_v2_900x506-300x169.jpg",300,169,true],"medium_large":["https:\/\/blogopara.com.br\/wp-content\/uploads\/2022\/08\/bolsonaro-em-entrevista-ao-jornal-nacional-1661213354329_v2_900x506.jpg",500,281,false],"large":["https:\/\/blogopara.com.br\/wp-content\/uploads\/2022\/08\/bolsonaro-em-entrevista-ao-jornal-nacional-1661213354329_v2_900x506.jpg",500,281,false],"1536x1536":["https:\/\/blogopara.com.br\/wp-content\/uploads\/2022\/08\/bolsonaro-em-entrevista-ao-jornal-nacional-1661213354329_v2_900x506.jpg",500,281,false],"2048x2048":["https:\/\/blogopara.com.br\/wp-content\/uploads\/2022\/08\/bolsonaro-em-entrevista-ao-jornal-nacional-1661213354329_v2_900x506.jpg",500,281,false],"mantranews-slider-large":["https:\/\/blogopara.com.br\/wp-content\/uploads\/2022\/08\/bolsonaro-em-entrevista-ao-jornal-nacional-1661213354329_v2_900x506.jpg",500,281,false],"mantranews-featured-medium":["https:\/\/blogopara.com.br\/wp-content\/uploads\/2022\/08\/bolsonaro-em-entrevista-ao-jornal-nacional-1661213354329_v2_900x506-420x281.jpg",420,281,true],"mantranews-featured-long":["https:\/\/blogopara.com.br\/wp-content\/uploads\/2022\/08\/bolsonaro-em-entrevista-ao-jornal-nacional-1661213354329_v2_900x506-300x281.jpg",300,281,true],"mantranews-block-medium":["https:\/\/blogopara.com.br\/wp-content\/uploads\/2022\/08\/bolsonaro-em-entrevista-ao-jornal-nacional-1661213354329_v2_900x506-464x281.jpg",464,281,true],"mantranews-carousel-image":["https:\/\/blogopara.com.br\/wp-content\/uploads\/2022\/08\/bolsonaro-em-entrevista-ao-jornal-nacional-1661213354329_v2_900x506.jpg",500,281,false],"mantranews-block-thumb":["https:\/\/blogopara.com.br\/wp-content\/uploads\/2022\/08\/bolsonaro-em-entrevista-ao-jornal-nacional-1661213354329_v2_900x506-322x230.jpg",322,230,true],"mantranews-single-large":["https:\/\/blogopara.com.br\/wp-content\/uploads\/2022\/08\/bolsonaro-em-entrevista-ao-jornal-nacional-1661213354329_v2_900x506.jpg",500,281,false]},"uagb_author_info":{"display_name":"Reda\u00e7\u00e3o geral","author_link":"https:\/\/blogopara.com.br\/index.php\/author\/blogopara"},"uagb_comment_info":0,"uagb_excerpt":"Vice-presidente nacional do\u00a0Uni\u00e3o Brasil, o advogado Ant\u00f4nio Rueda participou de reuni\u00e3o com\u00a0Jair Bolsonaro\u00a0e aliados do presidente, na tarde dessa ter\u00e7a-feira (3\/10), no Pal\u00e1cio da Alvorada. O encontro serviu para Bolsonaro discutir com auxiliares e aliados as estrat\u00e9gias de comunica\u00e7\u00e3o e de enfrentamento jur\u00eddico e pol\u00edtico para a campanha do segundo turno contra o ex-presidente\u00a0Lula. Na&hellip;","jetpack_sharing_enabled":true,"jetpack_likes_enabled":true,"_links":{"self":[{"href":"https:\/\/blogopara.com.br\/index.php\/wp-json\/wp\/v2\/posts\/43573","targetHints":{"allow":["GET"]}}],"collection":[{"href":"https:\/\/blogopara.com.br\/index.php\/wp-json\/wp\/v2\/posts"}],"about":[{"href":"https:\/\/blogopara.com.br\/index.php\/wp-json\/wp\/v2\/types\/post"}],"author":[{"embeddable":true,"href":"https:\/\/blogopara.com.br\/index.php\/wp-json\/wp\/v2\/users\/1"}],"replies":[{"embeddable":true,"href":"https:\/\/blogopara.com.br\/index.php\/wp-json\/wp\/v2\/comments?post=43573"}],"version-history":[{"count":1,"href":"https:\/\/blogopara.com.br\/index.php\/wp-json\/wp\/v2\/posts\/43573\/revisions"}],"predecessor-version":[{"id":43574,"href":"https:\/\/blogopara.com.br\/index.php\/wp-json\/wp\/v2\/posts\/43573\/revisions\/43574"}],"wp:featuredmedia":[{"embeddable":true,"href":"https:\/\/blogopara.com.br\/index.php\/wp-json\/wp\/v2\/media\/41319"}],"wp:attachment":[{"href":"https:\/\/blogopara.com.br\/index.php\/wp-json\/wp\/v2\/media?parent=43573"}],"wp:term":[{"taxonomy":"category","embeddable":true,"href":"https:\/\/blogopara.com.br\/index.php\/wp-json\/wp\/v2\/categories?post=43573"},{"taxonomy":"post_tag","embeddable":true,"href":"https:\/\/blogopara.com.br\/index.php\/wp-json\/wp\/v2\/tags?post=43573"}],"curies":[{"name":"wp","href":"https:\/\/api.w.org\/{rel}","templated":true}]}}