{"id":43591,"date":"2022-10-06T09:38:00","date_gmt":"2022-10-06T12:38:00","guid":{"rendered":"https:\/\/blogopara.com.br\/?p=43591"},"modified":"2022-10-05T22:14:22","modified_gmt":"2022-10-06T01:14:22","slug":"governadores-reeleitos-do-parana-e-do-df-visitam-bolsonaro-e-declaram-apoio-ao-presidente-no-2o-turno","status":"publish","type":"post","link":"https:\/\/blogopara.com.br\/index.php\/2022\/10\/06\/governadores-reeleitos-do-parana-e-do-df-visitam-bolsonaro-e-declaram-apoio-ao-presidente-no-2o-turno","title":{"rendered":"Governadores reeleitos do Paran\u00e1 e do DF visitam Bolsonaro e declaram apoio ao presidente no 2\u00ba turno"},"content":{"rendered":"<p style=\"text-align: justify;\">Os governadores reeleitos do Distrito Federal,\u00a0<a href=\"http:\/\/g1.globo.com\/politica\/politico\/ibaneis-rocha.html\">Ibaneis Rocha<\/a>\u00a0(<a href=\"https:\/\/g1.globo.com\/politica\/partido\/mdb\/\">MDB<\/a>), e do Paran\u00e1,\u00a0<a href=\"https:\/\/g1.globo.com\/politica\/politico\/ratinho-junior\/\">Ratinho Junior<\/a>\u00a0(<a href=\"https:\/\/g1.globo.com\/politica\/partido\/psd\/\">PSD<\/a>), declararam nesta quarta-feira (5) apoio \u00e0 reelei\u00e7\u00e3o do presidente\u00a0<a href=\"https:\/\/g1.globo.com\/politica\/politico\/jair-bolsonaro\/\">Jair Bolsonaro<\/a>\u00a0(<a href=\"https:\/\/g1.globo.com\/politica\/partido\/pl\/\">PL<\/a>). A vota\u00e7\u00e3o est\u00e1 marcada para o pr\u00f3ximo dia 30.<\/p>\n<p style=\"text-align: justify;\">Os an\u00fancios foram feitos no Pal\u00e1cio da Alvorada, resid\u00eancia oficial da Presid\u00eancia, logo ap\u00f3s visitas dos dois governadores ao presidente.<\/p>\n<div class=\"mc-column content-text active-extra-styles \" style=\"text-align: justify;\" data-block-type=\"unstyled\" data-block-weight=\"14\" data-block-id=\"8\">\n<p class=\"content-text__container \" data-track-category=\"Link no Texto\" data-track-links=\"\">baneis e Ratinho Junior j\u00e1 haviam declarado apoio a Bolsonaro no primeiro turno.<\/p>\n<\/div>\n<div class=\"mc-column content-text active-extra-styles \" style=\"text-align: justify;\" data-block-type=\"unstyled\" data-block-weight=\"18\" data-block-id=\"9\">\n<p class=\"content-text__container \" data-track-category=\"Link no Texto\" data-track-links=\"\">Ap\u00f3s a visita, o governador do DF ressaltou que tem trabalhado em harmonia com Bolsonaro em Bras\u00edlia.<\/p>\n<\/div>\n<div class=\"mc-column content-text active-extra-styles \" style=\"text-align: justify;\" data-block-type=\"unstyled\" data-block-weight=\"75\" data-block-id=\"10\">\n<p class=\"content-text__container \" data-track-category=\"Link no Texto\" data-track-links=\"\">&#8220;A gente tem conseguido trabalhar aqui em nossa cidade em plena harmonia. Ent\u00e3o, nada mais natural do que esse apoio agora no segundo turno ao presidente Bolsonaro. \u00c9 um apoio que vai de cora\u00e7\u00e3o, um apoio que n\u00f3s vamos correr as ruas do Distrito Federal junto com a popula\u00e7\u00e3o, em especial com a popula\u00e7\u00e3o mais carente da nossa cidade, para que a gente consiga os votos para reeleger o presidente Jair Messias Bolsonaro&#8221;, declarou Ibaneis.<\/p>\n<\/div>\n<div class=\"mc-column content-text active-extra-styles \" style=\"text-align: justify;\" data-block-type=\"unstyled\" data-block-weight=\"13\" data-block-id=\"11\">\n<p class=\"content-text__container \" data-track-category=\"Link no Texto\" data-track-links=\"\">Em resposta, Bolsonaro disse que n\u00e3o considera Ibaneis &#8220;aliado&#8221;, mas, sim, um &#8220;amigo&#8221;.<\/p>\n<\/div>\n<div class=\"mc-column content-text active-extra-styles \" style=\"text-align: justify;\" data-block-type=\"unstyled\" data-block-weight=\"39\" data-block-id=\"12\">\n<p class=\"content-text__container \" data-track-category=\"Link no Texto\" data-track-links=\"\">&#8220;Satisfa\u00e7\u00e3o de receber nosso governador reeleito Ibaneis. Fechamos um acordo aqui. Ibaneis estar\u00e1 junto comigo por ocasi\u00e3o da reelei\u00e7\u00e3o, como j\u00e1 esteve durante a campanha. Ele vem confirmar agora esse apoio, juntamente com a senhora vice-governadora&#8221;, afirmou o presidente.<\/p>\n<\/div>\n<div class=\"mc-column content-text active-extra-styles\" style=\"text-align: justify;\" data-block-type=\"raw\" data-block-weight=\"2\" data-block-id=\"13\">\n<div class=\"content-intertitle\">\n<h2>Ratinho Junior<\/h2>\n<\/div>\n<\/div>\n<div class=\"mc-column content-text active-extra-styles \" style=\"text-align: justify;\" data-block-type=\"unstyled\" data-block-weight=\"20\" data-block-id=\"14\">\n<p class=\"content-text__container \" data-track-category=\"Link no Texto\" data-track-links=\"\">O governador do Paran\u00e1, Ratinho Junior, afirmou que vai buscar articular o apoio de prefeitos do estado a Bolsonaro.<\/p>\n<\/div>\n<div class=\"mc-column content-text active-extra-styles \" style=\"text-align: justify;\" data-block-type=\"unstyled\" data-block-weight=\"34\" data-block-id=\"15\">\n<p class=\"content-text__container \" data-track-category=\"Link no Texto\" data-track-links=\"\">&#8220;Reafirmar o nosso compromisso com o presidente Bolsonaro&#8221;, disse Ratinho Junior. \u201cEstamos fazendo o levantamento regional dos prefeitos que est\u00e3o na campanha do presidente e que agora v\u00e3o entrar com mais for\u00e7a&#8221;, completou.<\/p>\n<\/div>\n<div class=\"content-ads content-ads--reveal\" data-block-type=\"ads\" data-block-id=\"16\">\n<div id=\"banner_materia__249fd478-2917-4a60-930f-09e5bd151329\" class=\"tag-manager-publicidade-container mc-has-reveal mc-has-ad-lazyload tag-manager-publicidade-banner_materia__249fd478-2917-4a60-930f-09e5bd151329 tag-manager-publicidade-container--carregado tag-manager-publicidade-container--visivel\" data-id=\"banner_materia__249fd478-2917-4a60-930f-09e5bd151329\" data-req=\"true\" data-google-query-id=\"CLXf0Im1yvoCFfSmlQIdxs0HZw\" data-cid=\"138317978026\" data-lid=\"5428300715\">\n<div class=\"mc-column content-text active-extra-styles \" style=\"text-align: justify;\" data-block-type=\"unstyled\" data-block-weight=\"23\" data-block-id=\"17\">\n<p class=\"content-text__container \" data-track-category=\"Link no Texto\" data-track-links=\"\">Bolsonaro disputar\u00e1 o segundo turno da elei\u00e7\u00e3o presidencial com o ex-presidente\u00a0<a href=\"https:\/\/g1.globo.com\/politica\/politico\/lula\/\">Lula<\/a>\u00a0(<a href=\"https:\/\/g1.globo.com\/politica\/partido\/pt\/\">PT<\/a>). Juntos, Lula e Bolsonaro receberam 108 milh\u00f5es de votos (91,6%).<\/p>\n<\/div>\n<div class=\"mc-column content-text active-extra-styles \" data-block-type=\"unstyled\" data-block-weight=\"25\" data-block-id=\"18\">\n<p class=\"content-text__container \" style=\"text-align: justify;\" data-track-category=\"Link no Texto\" data-track-links=\"\">De acordo com o\u00a0<a href=\"https:\/\/g1.globo.com\/tudo-sobre\/tribunal-superior-eleitoral\/\">Tribunal Superior Eleitoral<\/a>\u00a0(TSE), no primeiro turno,\u00a0<a href=\"https:\/\/g1.globo.com\/politica\/eleicoes\/2022\/apuracao\/presidente.ghtml\">Lula obteve 57 milh\u00f5es de votos<\/a>\u00a0(48,4%), e Bolsonaro,\u00a0<a href=\"https:\/\/g1.globo.com\/politica\/eleicoes\/2022\/apuracao\/presidente.ghtml\">51 milh\u00f5es de votos<\/a>\u00a0(43,2%).<\/p>\n<\/div>\n<\/div>\n<\/div>\n\n\n<p>Metr\u00f3pole<\/p>\n","protected":false},"excerpt":{"rendered":"<p>Os governadores reeleitos do Distrito Federal,\u00a0Ibaneis Rocha\u00a0(MDB), e do Paran\u00e1,\u00a0Ratinho Junior\u00a0(PSD), declararam nesta quarta-feira (5) apoio \u00e0 reelei\u00e7\u00e3o do presidente\u00a0Jair Bolsonaro\u00a0(PL). A vota\u00e7\u00e3o est\u00e1 marcada para o pr\u00f3ximo dia 30. Os an\u00fancios foram feitos no Pal\u00e1cio da Alvorada, resid\u00eancia oficial da Presid\u00eancia, logo ap\u00f3s visitas dos dois governadores ao presidente. baneis e Ratinho Junior j\u00e1 [&hellip;]<\/p>\n","protected":false},"author":1,"featured_media":43592,"comment_status":"closed","ping_status":"open","sticky":false,"template":"","format":"standard","meta":{"_uag_custom_page_level_css":"","_monsterinsights_skip_tracking":false,"_monsterinsights_sitenote_active":false,"_monsterinsights_sitenote_note":"","_monsterinsights_sitenote_category":0,"jetpack_post_was_ever_published":false,"_jetpack_newsletter_access":"","_jetpack_dont_email_post_to_subs":false,"_jetpack_newsletter_tier_id":0,"_jetpack_memberships_contains_paywalled_content":false,"_jetpack_memberships_contains_paid_content":false,"footnotes":"","jetpack_publicize_message":"","jetpack_publicize_feature_enabled":true,"jetpack_social_post_already_shared":true,"jetpack_social_options":{"image_generator_settings":{"template":"highway","default_image_id":0,"font":"","enabled":false},"version":2}},"categories":[10109],"tags":[],"class_list":["post-43591","post","type-post","status-publish","format-standard","has-post-thumbnail","hentry","category-eleicoes-2022"],"jetpack_publicize_connections":[],"jetpack_featured_media_url":"https:\/\/blogopara.com.br\/wp-content\/uploads\/2022\/10\/WhatsApp-Image-2022-10-05-at-22.10.40.jpg","uagb_featured_image_src":{"full":["https:\/\/blogopara.com.br\/wp-content\/uploads\/2022\/10\/WhatsApp-Image-2022-10-05-at-22.10.40.jpg",500,278,false],"thumbnail":["https:\/\/blogopara.com.br\/wp-content\/uploads\/2022\/10\/WhatsApp-Image-2022-10-05-at-22.10.40-150x150.jpg",150,150,true],"medium":["https:\/\/blogopara.com.br\/wp-content\/uploads\/2022\/10\/WhatsApp-Image-2022-10-05-at-22.10.40-300x167.jpg",300,167,true],"medium_large":["https:\/\/blogopara.com.br\/wp-content\/uploads\/2022\/10\/WhatsApp-Image-2022-10-05-at-22.10.40.jpg",500,278,false],"large":["https:\/\/blogopara.com.br\/wp-content\/uploads\/2022\/10\/WhatsApp-Image-2022-10-05-at-22.10.40.jpg",500,278,false],"1536x1536":["https:\/\/blogopara.com.br\/wp-content\/uploads\/2022\/10\/WhatsApp-Image-2022-10-05-at-22.10.40.jpg",500,278,false],"2048x2048":["https:\/\/blogopara.com.br\/wp-content\/uploads\/2022\/10\/WhatsApp-Image-2022-10-05-at-22.10.40.jpg",500,278,false],"mantranews-slider-large":["https:\/\/blogopara.com.br\/wp-content\/uploads\/2022\/10\/WhatsApp-Image-2022-10-05-at-22.10.40.jpg",500,278,false],"mantranews-featured-medium":["https:\/\/blogopara.com.br\/wp-content\/uploads\/2022\/10\/WhatsApp-Image-2022-10-05-at-22.10.40-420x278.jpg",420,278,true],"mantranews-featured-long":["https:\/\/blogopara.com.br\/wp-content\/uploads\/2022\/10\/WhatsApp-Image-2022-10-05-at-22.10.40-300x278.jpg",300,278,true],"mantranews-block-medium":["https:\/\/blogopara.com.br\/wp-content\/uploads\/2022\/10\/WhatsApp-Image-2022-10-05-at-22.10.40-464x278.jpg",464,278,true],"mantranews-carousel-image":["https:\/\/blogopara.com.br\/wp-content\/uploads\/2022\/10\/WhatsApp-Image-2022-10-05-at-22.10.40.jpg",500,278,false],"mantranews-block-thumb":["https:\/\/blogopara.com.br\/wp-content\/uploads\/2022\/10\/WhatsApp-Image-2022-10-05-at-22.10.40-322x230.jpg",322,230,true],"mantranews-single-large":["https:\/\/blogopara.com.br\/wp-content\/uploads\/2022\/10\/WhatsApp-Image-2022-10-05-at-22.10.40.jpg",500,278,false]},"uagb_author_info":{"display_name":"Reda\u00e7\u00e3o geral","author_link":"https:\/\/blogopara.com.br\/index.php\/author\/blogopara"},"uagb_comment_info":0,"uagb_excerpt":"Os governadores reeleitos do Distrito Federal,\u00a0Ibaneis Rocha\u00a0(MDB), e do Paran\u00e1,\u00a0Ratinho Junior\u00a0(PSD), declararam nesta quarta-feira (5) apoio \u00e0 reelei\u00e7\u00e3o do presidente\u00a0Jair Bolsonaro\u00a0(PL). A vota\u00e7\u00e3o est\u00e1 marcada para o pr\u00f3ximo dia 30. Os an\u00fancios foram feitos no Pal\u00e1cio da Alvorada, resid\u00eancia oficial da Presid\u00eancia, logo ap\u00f3s visitas dos dois governadores ao presidente. baneis e Ratinho Junior j\u00e1&hellip;","jetpack_sharing_enabled":true,"jetpack_likes_enabled":true,"_links":{"self":[{"href":"https:\/\/blogopara.com.br\/index.php\/wp-json\/wp\/v2\/posts\/43591","targetHints":{"allow":["GET"]}}],"collection":[{"href":"https:\/\/blogopara.com.br\/index.php\/wp-json\/wp\/v2\/posts"}],"about":[{"href":"https:\/\/blogopara.com.br\/index.php\/wp-json\/wp\/v2\/types\/post"}],"author":[{"embeddable":true,"href":"https:\/\/blogopara.com.br\/index.php\/wp-json\/wp\/v2\/users\/1"}],"replies":[{"embeddable":true,"href":"https:\/\/blogopara.com.br\/index.php\/wp-json\/wp\/v2\/comments?post=43591"}],"version-history":[{"count":1,"href":"https:\/\/blogopara.com.br\/index.php\/wp-json\/wp\/v2\/posts\/43591\/revisions"}],"predecessor-version":[{"id":43593,"href":"https:\/\/blogopara.com.br\/index.php\/wp-json\/wp\/v2\/posts\/43591\/revisions\/43593"}],"wp:featuredmedia":[{"embeddable":true,"href":"https:\/\/blogopara.com.br\/index.php\/wp-json\/wp\/v2\/media\/43592"}],"wp:attachment":[{"href":"https:\/\/blogopara.com.br\/index.php\/wp-json\/wp\/v2\/media?parent=43591"}],"wp:term":[{"taxonomy":"category","embeddable":true,"href":"https:\/\/blogopara.com.br\/index.php\/wp-json\/wp\/v2\/categories?post=43591"},{"taxonomy":"post_tag","embeddable":true,"href":"https:\/\/blogopara.com.br\/index.php\/wp-json\/wp\/v2\/tags?post=43591"}],"curies":[{"name":"wp","href":"https:\/\/api.w.org\/{rel}","templated":true}]}}