{"id":43612,"date":"2022-10-06T15:35:00","date_gmt":"2022-10-06T18:35:00","guid":{"rendered":"https:\/\/blogopara.com.br\/?p=43612"},"modified":"2022-10-06T10:33:24","modified_gmt":"2022-10-06T13:33:24","slug":"jose-ronaldo-acredita-que-voto-bolsonarista-vai-virar-o-jogo-a-favor-de-acm-neto-em-feira-e-na-bahia","status":"publish","type":"post","link":"https:\/\/blogopara.com.br\/index.php\/2022\/10\/06\/jose-ronaldo-acredita-que-voto-bolsonarista-vai-virar-o-jogo-a-favor-de-acm-neto-em-feira-e-na-bahia","title":{"rendered":"Jos\u00e9 Ronaldo acredita que voto bolsonarista vai virar o jogo a favor de ACM Neto em Feira e na Bahia"},"content":{"rendered":"<p style=\"text-align: justify;\">O ex-prefeito de Feira de Santana Jos\u00e9 Ronaldo de Carvalho (Uni\u00e3o) acredita que o apoio dos eleitores do deputado federal Jo\u00e3o Roma (PL), derrotado no primeiro turno das elei\u00e7\u00f5es para governador da Bahia, ser\u00e1 decisivo para uma virada de ACM Neto (Uni\u00e3o) no segundo turno do pleito. Ele aposta ainda em um cen\u00e1rio parecido com o que aconteceu na cidade na disputa municipal de 2020, quando o atual prefeito Colbert Martins (MDB), apoiado pelo grupo carlista, perdeu no primeiro turno no confronto com o deputado federal Z\u00e9 Neto (PT), mas virou o jogo na etapa final.<\/p>\n<p style=\"text-align: justify;\">\u201cO eleitor do presidente Jair Bolsonaro (PL) deve pensar um pouquinho, sem paix\u00e3o, sem agonia, sem pressa. Ele n\u00e3o quer o PT\u201d, disse Z\u00e9 Ronaldo, lembrando que em Feira Jo\u00e3o Roma alcan\u00e7ou quase 15% dos votos v\u00e1lidos, numa disputa em que ACM Neto venceu por pouco no munic\u00edpio \u2013 42,87% contra 41,21% do advers\u00e1rio Jer\u00f4nimo Rodrigues (PT).<\/p>\n<p style=\"text-align: justify;\">\u201cA tend\u00eancia de mudar o voto vai ser pequena, mas ser\u00e1 grande para Neto por causa do voto do eleitor de Bolsonaro. Lembro que o pr\u00f3prio Jo\u00e3o Roma j\u00e1 disse que o dedo dele n\u00e3o apertar\u00e1 13 no segundo turno, dando a entender que\u00a0 apertar\u00e1 44. \u00c9 claro que o eleitor de Bolsonaro gostaria de um apoio expl\u00edcito de Neto ao presidente, mas ele precisa refletir n\u00e3o s\u00f3 com o cora\u00e7\u00e3o, mas tamb\u00e9m com a cabe\u00e7a\u201d, afirmou o ex-prefeito.<\/p>\n<p style=\"text-align: justify;\">Z\u00e9 Ronaldo acredita que ACM Neto n\u00e3o deve mudar a estrat\u00e9gia no segundo turno e declarar apoio a qualquer candidato \u00e0 Presid\u00eancia. \u201cBasta ver os n\u00fameros da elei\u00e7\u00e3o presidencial na Bahia para perceber que tanto eleitores de Bolsonaro quanto do ex-presidente Lula (PT), que s\u00e3o apaixonados, votaram em Neto, em aproximadamente 16% cada. Ent\u00e3o, n\u00e3o houve erro de estrat\u00e9gia (no primeiro turno). Acho, na minha opini\u00e3o, que deve continuar do mesmo jeito\u201d.<\/p>\n<p style=\"text-align: justify;\">O ex-prefeito afirmou que come\u00e7a agora uma nova elei\u00e7\u00e3o, e comparou o cen\u00e1rio atual ao que ocorreu no pleito municipal em Feira de Santana em 2020, quando o prefeito Colbert Martins virou o jogo para cima de Z\u00e9 Neto no segundo turno ap\u00f3s perder no primeiro. \u201cNaquela elei\u00e7\u00e3o, muita gente mudou de lado, apoiando o candidato que saiu em primeiro lugar nas pesquisas. Depois, muita gente mudou de lado depois no segundo turno, mas a campanha foi se desenrolando e o povo fez a sua escolha final\u201d.<\/p>\n<p style=\"text-align: justify;\">Jos\u00e9 Ronaldo atribuiu a vit\u00f3ria de Jer\u00f4nimo no primeiro turno \u00e0 for\u00e7a de Lula na Bahia. \u201cA campanha n\u00e3o foi feita em cima de Jer\u00f4nimo, ele pouco aparecia nos programas eleitorais. A propaganda foi feita toda em cima de Lula. E, para piorar, ACM Neto ainda perdeu muitos comerciais por decis\u00f5es da Justi\u00e7a Eleitoral, o que prejudicou\u201d, analisou.<\/p>\n<p style=\"text-align: justify;\">Ele, que foi preterido da vice de ACM Neto, negou ainda que tenha ocorrido acomoda\u00e7\u00e3o em Feira ou na campanha como um\u00a0 todo. \u201cHouve foi muito trabalho. Nos \u00faltimos 15 dias de campanha fiquei fixo em Feira, n\u00e3o viajei. No dia 29 mesmo houve um evento extraordin\u00e1rio no munic\u00edpio. Agora, vamos trabalhar ainda mais pela vit\u00f3ria\u201d.<\/p>\n","protected":false},"excerpt":{"rendered":"<p>O ex-prefeito de Feira de Santana Jos\u00e9 Ronaldo de Carvalho (Uni\u00e3o) acredita que o apoio dos eleitores do deputado federal Jo\u00e3o Roma (PL), derrotado no primeiro turno das elei\u00e7\u00f5es para governador da Bahia, ser\u00e1 decisivo para uma virada de ACM Neto (Uni\u00e3o) no segundo turno do pleito. Ele aposta ainda em um cen\u00e1rio parecido com [&hellip;]<\/p>\n","protected":false},"author":1,"featured_media":43613,"comment_status":"closed","ping_status":"open","sticky":false,"template":"","format":"standard","meta":{"_uag_custom_page_level_css":"","_monsterinsights_skip_tracking":false,"_monsterinsights_sitenote_active":false,"_monsterinsights_sitenote_note":"","_monsterinsights_sitenote_category":0,"jetpack_post_was_ever_published":false,"_jetpack_newsletter_access":"","_jetpack_dont_email_post_to_subs":false,"_jetpack_newsletter_tier_id":0,"_jetpack_memberships_contains_paywalled_content":false,"_jetpack_memberships_contains_paid_content":false,"footnotes":"","jetpack_publicize_message":"","jetpack_publicize_feature_enabled":true,"jetpack_social_post_already_shared":true,"jetpack_social_options":{"image_generator_settings":{"template":"highway","default_image_id":0,"font":"","enabled":false},"version":2}},"categories":[10109],"tags":[],"class_list":["post-43612","post","type-post","status-publish","format-standard","has-post-thumbnail","hentry","category-eleicoes-2022"],"jetpack_publicize_connections":[],"jetpack_featured_media_url":"https:\/\/blogopara.com.br\/wp-content\/uploads\/2022\/10\/WhatsApp-Image-2022-10-06-at-10.31.51.jpg","uagb_featured_image_src":{"full":["https:\/\/blogopara.com.br\/wp-content\/uploads\/2022\/10\/WhatsApp-Image-2022-10-06-at-10.31.51.jpg",500,258,false],"thumbnail":["https:\/\/blogopara.com.br\/wp-content\/uploads\/2022\/10\/WhatsApp-Image-2022-10-06-at-10.31.51-150x150.jpg",150,150,true],"medium":["https:\/\/blogopara.com.br\/wp-content\/uploads\/2022\/10\/WhatsApp-Image-2022-10-06-at-10.31.51-300x155.jpg",300,155,true],"medium_large":["https:\/\/blogopara.com.br\/wp-content\/uploads\/2022\/10\/WhatsApp-Image-2022-10-06-at-10.31.51.jpg",500,258,false],"large":["https:\/\/blogopara.com.br\/wp-content\/uploads\/2022\/10\/WhatsApp-Image-2022-10-06-at-10.31.51.jpg",500,258,false],"1536x1536":["https:\/\/blogopara.com.br\/wp-content\/uploads\/2022\/10\/WhatsApp-Image-2022-10-06-at-10.31.51.jpg",500,258,false],"2048x2048":["https:\/\/blogopara.com.br\/wp-content\/uploads\/2022\/10\/WhatsApp-Image-2022-10-06-at-10.31.51.jpg",500,258,false],"mantranews-slider-large":["https:\/\/blogopara.com.br\/wp-content\/uploads\/2022\/10\/WhatsApp-Image-2022-10-06-at-10.31.51.jpg",500,258,false],"mantranews-featured-medium":["https:\/\/blogopara.com.br\/wp-content\/uploads\/2022\/10\/WhatsApp-Image-2022-10-06-at-10.31.51-420x258.jpg",420,258,true],"mantranews-featured-long":["https:\/\/blogopara.com.br\/wp-content\/uploads\/2022\/10\/WhatsApp-Image-2022-10-06-at-10.31.51-300x258.jpg",300,258,true],"mantranews-block-medium":["https:\/\/blogopara.com.br\/wp-content\/uploads\/2022\/10\/WhatsApp-Image-2022-10-06-at-10.31.51-464x258.jpg",464,258,true],"mantranews-carousel-image":["https:\/\/blogopara.com.br\/wp-content\/uploads\/2022\/10\/WhatsApp-Image-2022-10-06-at-10.31.51.jpg",500,258,false],"mantranews-block-thumb":["https:\/\/blogopara.com.br\/wp-content\/uploads\/2022\/10\/WhatsApp-Image-2022-10-06-at-10.31.51-322x230.jpg",322,230,true],"mantranews-single-large":["https:\/\/blogopara.com.br\/wp-content\/uploads\/2022\/10\/WhatsApp-Image-2022-10-06-at-10.31.51.jpg",500,258,false]},"uagb_author_info":{"display_name":"Reda\u00e7\u00e3o geral","author_link":"https:\/\/blogopara.com.br\/index.php\/author\/blogopara"},"uagb_comment_info":0,"uagb_excerpt":"O ex-prefeito de Feira de Santana Jos\u00e9 Ronaldo de Carvalho (Uni\u00e3o) acredita que o apoio dos eleitores do deputado federal Jo\u00e3o Roma (PL), derrotado no primeiro turno das elei\u00e7\u00f5es para governador da Bahia, ser\u00e1 decisivo para uma virada de ACM Neto (Uni\u00e3o) no segundo turno do pleito. Ele aposta ainda em um cen\u00e1rio parecido com&hellip;","jetpack_sharing_enabled":true,"jetpack_likes_enabled":true,"_links":{"self":[{"href":"https:\/\/blogopara.com.br\/index.php\/wp-json\/wp\/v2\/posts\/43612","targetHints":{"allow":["GET"]}}],"collection":[{"href":"https:\/\/blogopara.com.br\/index.php\/wp-json\/wp\/v2\/posts"}],"about":[{"href":"https:\/\/blogopara.com.br\/index.php\/wp-json\/wp\/v2\/types\/post"}],"author":[{"embeddable":true,"href":"https:\/\/blogopara.com.br\/index.php\/wp-json\/wp\/v2\/users\/1"}],"replies":[{"embeddable":true,"href":"https:\/\/blogopara.com.br\/index.php\/wp-json\/wp\/v2\/comments?post=43612"}],"version-history":[{"count":1,"href":"https:\/\/blogopara.com.br\/index.php\/wp-json\/wp\/v2\/posts\/43612\/revisions"}],"predecessor-version":[{"id":43614,"href":"https:\/\/blogopara.com.br\/index.php\/wp-json\/wp\/v2\/posts\/43612\/revisions\/43614"}],"wp:featuredmedia":[{"embeddable":true,"href":"https:\/\/blogopara.com.br\/index.php\/wp-json\/wp\/v2\/media\/43613"}],"wp:attachment":[{"href":"https:\/\/blogopara.com.br\/index.php\/wp-json\/wp\/v2\/media?parent=43612"}],"wp:term":[{"taxonomy":"category","embeddable":true,"href":"https:\/\/blogopara.com.br\/index.php\/wp-json\/wp\/v2\/categories?post=43612"},{"taxonomy":"post_tag","embeddable":true,"href":"https:\/\/blogopara.com.br\/index.php\/wp-json\/wp\/v2\/tags?post=43612"}],"curies":[{"name":"wp","href":"https:\/\/api.w.org\/{rel}","templated":true}]}}