{"id":43756,"date":"2022-10-09T20:35:00","date_gmt":"2022-10-09T23:35:00","guid":{"rendered":"https:\/\/blogopara.com.br\/?p=43756"},"modified":"2022-10-09T00:45:34","modified_gmt":"2022-10-09T03:45:34","slug":"mostra-internacional-de-cinema-de-sp-tera-filmes-de-60-paises","status":"publish","type":"post","link":"https:\/\/blogopara.com.br\/index.php\/2022\/10\/09\/mostra-internacional-de-cinema-de-sp-tera-filmes-de-60-paises","title":{"rendered":"Mostra Internacional de Cinema de SP ter\u00e1 filmes de 60 pa\u00edses"},"content":{"rendered":"<p style=\"text-align: justify;\">Come\u00e7a no dia 20 de outubro a 46\u00aa edi\u00e7\u00e3o da tradicional Mostra Internacional de Cinema em S\u00e3o Paulo. As exibi\u00e7\u00f5es v\u00e3o at\u00e9 2 de novembro com programa\u00e7\u00e3o majoritariamente presencial. Ser\u00e3o apresentados 223 t\u00edtulos, de 60 pa\u00edses, que foram divididos em tr\u00eas segmentos: Perspectiva Internacional, Competi\u00e7\u00e3o Novos Diretores e Mostra Brasil. A abertura do evento, s\u00f3 para convidados, ser\u00e1 no dia 19, na Cinemateca Brasileira, com o filme Tri\u00e2ngulo da Tristeza, de Ruben \u00d6stlund, vencedor da Palma de Ouro no&nbsp;<a href=\"http:\/\/https\/\/www.youtube.com\/watch?v=yWcqdtzBzCI&amp;ab_channel=AlambiqueFilmes\" target=\"_blank\" rel=\"noopener\">Festival de Cannes<\/a>.&nbsp;<img decoding=\"async\" src=\"https:\/\/agenciabrasil.ebc.com.br\/ebc.png?id=1487143&amp;o=node\"><img decoding=\"async\" src=\"https:\/\/agenciabrasil.ebc.com.br\/ebc.gif?id=1487143&amp;o=node\"><\/p>\n<p style=\"text-align: justify;\">Entre as homenageadas desta edi\u00e7\u00e3o, est\u00e1 a cantora e atriz Doris Monteiro, protagonista de Agulha no Palheiro (1953), de Alex Vianny. Ela receber\u00e1 o Pr\u00eamio Leon Cakoff e o filme, que foi restaurado pela Cinemateca Brasileira, ser\u00e1 projetado na institui\u00e7\u00e3o. O Pr\u00eamio Humanidade ser\u00e1 entregue \u00e0 diretora Ana Carolina, durante a apresenta\u00e7\u00e3o especial de seus filmes Mar de Rosas, Das Tripas Cora\u00e7\u00e3o, Sonho de Valsa e Paix\u00f5es Recorrentes.<\/p>\n<p style=\"text-align: justify;\">Jean-Luc Godard, que morreu no dia 13 de setembro deste ano, receber\u00e1 homenagens com a Apresenta\u00e7\u00e3o Especial do document\u00e1rio At\u00e9 Sexta, Robinson, de Mitra Farahani. O filme traz momentos de um di\u00e1logo que durou 29 semanas entre o diretor franco-su\u00ed\u00e7o e o cineasta e escritor iraniano Ebrahim Golestam. O jornalista, escritor e diretor Arnaldo Jabor, que morreu no come\u00e7o deste ano, tamb\u00e9m ser\u00e1 reconhecido com a exibi\u00e7\u00e3o do longa Eu Te Amo.<\/p>\n<p style=\"text-align: justify;\">Cinco t\u00edtulos selecionados prop\u00f5em \u201cOlhares sobre a Amaz\u00f4nia\u201d. Entre eles, um document\u00e1rio in\u00e9dito de Jorge Bodanzky: Amazonas, a nova Minamata. Desde 1976 o diretor realiza filmes sobre a regi\u00e3o. A sele\u00e7\u00e3o \u00e9 composta ainda por Pisar Suavemente na Terra, coprodu\u00e7\u00e3o Brasil e EUA, de Marcos Col\u00f3n; Noites Alien\u00edgenas, de S\u00e9rgio de Carvalho; \u00c0 Margem do Ouro, de Sandro Kakabadze e Uyr\u00e1 \u2013 A Retomada da Floresta, de Juliana Curi.<\/p>\n<h2 style=\"text-align: justify;\">Premiados<\/h2>\n<p style=\"text-align: justify;\">A 46\u00aa Mostra traz filmes que se destacaram nos principais festivais internacionais em 2022. De Cannes, por exemplo, al\u00e9m do grande vencedor que abrir\u00e1 esta edi\u00e7\u00e3o, ser\u00e3o exibidos filmes como As Oito Montanhas, de Felix van Groeningen e Charlotte Vandermeersch, vencedor do Pr\u00eamio do J\u00fari; Boy From Heaven, de Tarik Saleh, Melhor Roteiro; La Jaur\u00eda, de Andr\u00e9s Ram\u00edrez Pulido, vencedor do Grande Pr\u00eamio da Semana da Cr\u00edtica, entre outros.<\/p>\n<p style=\"text-align: justify;\">Ser\u00e3o exibidos tamb\u00e9m premiados no Festival de Veneza, no Festival de Berlim, no Festival de San Sebasti\u00e1n e no Festival de Locarno, o qual premiou o brasileiro Regra 34, de Julia Murat, vencedor do Leopardo de Ouro de Melhor Filme.<\/p>\n<div class=\"dnd-widget-wrapper context-medio_4colunas type-image atom-align-left\" style=\"text-align: justify;\">\n<div class=\"dnd-atom-rendered\">\n<div class=\"shadow overflow-hidden rounded-lg d-block zoom-on-hover-sm shadow-hover w-100\"><\/div>\n<\/div>\n<div class=\"dnd-caption-wrapper\">\n<div class=\"meta\"><span style=\"font-size: revert; color: initial;\">Ter\u00e3o espa\u00e7o ainda os indicados ao Oscar. Est\u00e3o na programa\u00e7\u00e3o 13 obras que foram indicadas por seus respectivos pa\u00edses para concorrer a uma vaga como Melhor Filme Internacional. S\u00e3o eles: da Costa Rica, Domingo e a Neblina, de Ariel Escalante; da Alemanha, Nada De Novo No Front, de Edward Berger; da Isl\u00e2ndia, Belas Criaturas, de Gu\u00f0mundur Arnar Gu\u00f0mundsson; do Ir\u00e3, Terceira Guerra Mundial, de Houman Seyyedi; do Jap\u00e3o, Plano 75, da diretora Chie Hayakawa; da Litu\u00e2nia, Peregrinos, de Laurynas Barei\u0161a; do Paquist\u00e3o, Joyland, de Saim Sadiq; da Palestina, Febre do Mediterr\u00e2neo, de Maha Haj; de Portugal Alma Viva, de Crist\u00e8le Alves Meira; da Espanha, Alcarr\u00e0s, de Carla Sim\u00f3n; da Su\u00e9cia, Boy from Heaven, de Tarik Saleh; da Su\u00ed\u00e7a, Um Peda\u00e7o do C\u00e9u, de Michael Koch; e, pelo M\u00e9xico, Bardo \u2013 Falsa Cr\u00f4nica de Algumas Verdades, de Alejandro G. I\u00f1\u00e1rritu.<\/span><\/div>\n<\/div>\n<\/div>\n<p style=\"text-align: justify;\">A venda de ingressos ter\u00e1 in\u00edcio no dia 15 de outubro com a disponibiliza\u00e7\u00e3o de pacotes pelo aplicativo do evento ou pelo site da Velox. No app, que poder\u00e1 ser baixado a partir de 14 de outubro, o p\u00fablico confere toda a programa\u00e7\u00e3o, faz reserva de ingressos para credenciados e pode tamb\u00e9m comprar ingressos individuais.<\/p>\n<p style=\"text-align: justify;\">O circuito pago ter\u00e1 exibi\u00e7\u00f5es na Cinemateca Brasileira, no Cine Marquise, no Reserva Cultural, no Cine Sesc, no Instituto Moreira Salles, no Cineclube Cortina, no Cine Satyros Bijou, no Museu da Imagem e do Som, e no Espa\u00e7o Ita\u00fa de Cinema Augusta e Frei Caneca. As exibi\u00e7\u00f5es com pre\u00e7os populares ser\u00e3o na Biblioteca Roberto Santos e no Centro Cultural S\u00e3o Paulo.<\/p>\n<p style=\"text-align: justify;\">J\u00e1 o circuito gratuito ter\u00e1 programa\u00e7\u00e3o no v\u00e3o livre do Museu de Arte de S\u00e3o Paulo (Masp), no Centro de Forma\u00e7\u00e3o Cultural Tiradentes e nos Centros Educacional Unificado (CEU) Perus, Meninos e Vila Atl\u00e2ntica.<\/p>\n<p style=\"text-align: justify;\">Nas plataformas Sesc Digital e Spcine Play, ser\u00e1 poss\u00edvel assistir gratuitamente dez e sete t\u00edtulos, respectivamente, selecionados pela curadoria do evento.<\/p>\n","protected":false},"excerpt":{"rendered":"<p>Come\u00e7a no dia 20 de outubro a 46\u00aa edi\u00e7\u00e3o da tradicional Mostra Internacional de Cinema em S\u00e3o Paulo. As exibi\u00e7\u00f5es v\u00e3o at\u00e9 2 de novembro com programa\u00e7\u00e3o majoritariamente presencial. Ser\u00e3o apresentados 223 t\u00edtulos, de 60 pa\u00edses, que foram divididos em tr\u00eas segmentos: Perspectiva Internacional, Competi\u00e7\u00e3o Novos Diretores e Mostra Brasil. A abertura do evento, s\u00f3 [&hellip;]<\/p>\n","protected":false},"author":1,"featured_media":43757,"comment_status":"closed","ping_status":"open","sticky":false,"template":"","format":"standard","meta":{"_uag_custom_page_level_css":"","_monsterinsights_skip_tracking":false,"_monsterinsights_sitenote_active":false,"_monsterinsights_sitenote_note":"","_monsterinsights_sitenote_category":0,"jetpack_post_was_ever_published":false,"_jetpack_newsletter_access":"","_jetpack_dont_email_post_to_subs":false,"_jetpack_newsletter_tier_id":0,"_jetpack_memberships_contains_paywalled_content":false,"_jetpack_memberships_contains_paid_content":false,"footnotes":"","jetpack_publicize_message":"","jetpack_publicize_feature_enabled":true,"jetpack_social_post_already_shared":true,"jetpack_social_options":{"image_generator_settings":{"template":"highway","default_image_id":0,"font":"","enabled":false},"version":2}},"categories":[1784],"tags":[],"class_list":["post-43756","post","type-post","status-publish","format-standard","has-post-thumbnail","hentry","category-cultura-2"],"jetpack_publicize_connections":[],"jetpack_featured_media_url":"https:\/\/blogopara.com.br\/wp-content\/uploads\/2022\/10\/WhatsApp-Image-2022-10-09-at-00.09.29.jpg","uagb_featured_image_src":{"full":["https:\/\/blogopara.com.br\/wp-content\/uploads\/2022\/10\/WhatsApp-Image-2022-10-09-at-00.09.29.jpg",500,319,false],"thumbnail":["https:\/\/blogopara.com.br\/wp-content\/uploads\/2022\/10\/WhatsApp-Image-2022-10-09-at-00.09.29-150x150.jpg",150,150,true],"medium":["https:\/\/blogopara.com.br\/wp-content\/uploads\/2022\/10\/WhatsApp-Image-2022-10-09-at-00.09.29-300x191.jpg",300,191,true],"medium_large":["https:\/\/blogopara.com.br\/wp-content\/uploads\/2022\/10\/WhatsApp-Image-2022-10-09-at-00.09.29.jpg",500,319,false],"large":["https:\/\/blogopara.com.br\/wp-content\/uploads\/2022\/10\/WhatsApp-Image-2022-10-09-at-00.09.29.jpg",500,319,false],"1536x1536":["https:\/\/blogopara.com.br\/wp-content\/uploads\/2022\/10\/WhatsApp-Image-2022-10-09-at-00.09.29.jpg",500,319,false],"2048x2048":["https:\/\/blogopara.com.br\/wp-content\/uploads\/2022\/10\/WhatsApp-Image-2022-10-09-at-00.09.29.jpg",500,319,false],"mantranews-slider-large":["https:\/\/blogopara.com.br\/wp-content\/uploads\/2022\/10\/WhatsApp-Image-2022-10-09-at-00.09.29.jpg",500,319,false],"mantranews-featured-medium":["https:\/\/blogopara.com.br\/wp-content\/uploads\/2022\/10\/WhatsApp-Image-2022-10-09-at-00.09.29-420x307.jpg",420,307,true],"mantranews-featured-long":["https:\/\/blogopara.com.br\/wp-content\/uploads\/2022\/10\/WhatsApp-Image-2022-10-09-at-00.09.29-300x319.jpg",300,319,true],"mantranews-block-medium":["https:\/\/blogopara.com.br\/wp-content\/uploads\/2022\/10\/WhatsApp-Image-2022-10-09-at-00.09.29-464x290.jpg",464,290,true],"mantranews-carousel-image":["https:\/\/blogopara.com.br\/wp-content\/uploads\/2022\/10\/WhatsApp-Image-2022-10-09-at-00.09.29.jpg",500,319,false],"mantranews-block-thumb":["https:\/\/blogopara.com.br\/wp-content\/uploads\/2022\/10\/WhatsApp-Image-2022-10-09-at-00.09.29-322x230.jpg",322,230,true],"mantranews-single-large":["https:\/\/blogopara.com.br\/wp-content\/uploads\/2022\/10\/WhatsApp-Image-2022-10-09-at-00.09.29.jpg",500,319,false]},"uagb_author_info":{"display_name":"Reda\u00e7\u00e3o geral","author_link":"https:\/\/blogopara.com.br\/index.php\/author\/blogopara"},"uagb_comment_info":0,"uagb_excerpt":"Come\u00e7a no dia 20 de outubro a 46\u00aa edi\u00e7\u00e3o da tradicional Mostra Internacional de Cinema em S\u00e3o Paulo. As exibi\u00e7\u00f5es v\u00e3o at\u00e9 2 de novembro com programa\u00e7\u00e3o majoritariamente presencial. Ser\u00e3o apresentados 223 t\u00edtulos, de 60 pa\u00edses, que foram divididos em tr\u00eas segmentos: Perspectiva Internacional, Competi\u00e7\u00e3o Novos Diretores e Mostra Brasil. A abertura do evento, s\u00f3&hellip;","jetpack_sharing_enabled":true,"jetpack_likes_enabled":true,"_links":{"self":[{"href":"https:\/\/blogopara.com.br\/index.php\/wp-json\/wp\/v2\/posts\/43756","targetHints":{"allow":["GET"]}}],"collection":[{"href":"https:\/\/blogopara.com.br\/index.php\/wp-json\/wp\/v2\/posts"}],"about":[{"href":"https:\/\/blogopara.com.br\/index.php\/wp-json\/wp\/v2\/types\/post"}],"author":[{"embeddable":true,"href":"https:\/\/blogopara.com.br\/index.php\/wp-json\/wp\/v2\/users\/1"}],"replies":[{"embeddable":true,"href":"https:\/\/blogopara.com.br\/index.php\/wp-json\/wp\/v2\/comments?post=43756"}],"version-history":[{"count":2,"href":"https:\/\/blogopara.com.br\/index.php\/wp-json\/wp\/v2\/posts\/43756\/revisions"}],"predecessor-version":[{"id":43769,"href":"https:\/\/blogopara.com.br\/index.php\/wp-json\/wp\/v2\/posts\/43756\/revisions\/43769"}],"wp:featuredmedia":[{"embeddable":true,"href":"https:\/\/blogopara.com.br\/index.php\/wp-json\/wp\/v2\/media\/43757"}],"wp:attachment":[{"href":"https:\/\/blogopara.com.br\/index.php\/wp-json\/wp\/v2\/media?parent=43756"}],"wp:term":[{"taxonomy":"category","embeddable":true,"href":"https:\/\/blogopara.com.br\/index.php\/wp-json\/wp\/v2\/categories?post=43756"},{"taxonomy":"post_tag","embeddable":true,"href":"https:\/\/blogopara.com.br\/index.php\/wp-json\/wp\/v2\/tags?post=43756"}],"curies":[{"name":"wp","href":"https:\/\/api.w.org\/{rel}","templated":true}]}}