{"id":43771,"date":"2022-10-09T18:48:00","date_gmt":"2022-10-09T21:48:00","guid":{"rendered":"https:\/\/blogopara.com.br\/?p=43771"},"modified":"2022-10-09T00:53:19","modified_gmt":"2022-10-09T03:53:19","slug":"pandemia-gera-impacto-na-saude-mental-de-estudantes-de-medicina","status":"publish","type":"post","link":"https:\/\/blogopara.com.br\/index.php\/2022\/10\/09\/pandemia-gera-impacto-na-saude-mental-de-estudantes-de-medicina","title":{"rendered":"Pandemia gera impacto na sa\u00fade mental de estudantes de medicina"},"content":{"rendered":"<p style=\"text-align: justify;\">Al\u00e9m da sa\u00fade mental da popula\u00e7\u00e3o, em geral, a pandemia de covid-19 impactou as condi\u00e7\u00f5es dos profissionais de sa\u00fade e dos estudantes de medicina. O debate sobre o tema \u00e9 importante por causa da alta preval\u00eancia de transtornos mentais que esses grupos apresentam, afirmou hoje (8) a psiquiatra Grasiela Marcon, ao participar, em Fortaleza, do 39\u00ba Congresso Brasileiro de Psiquiatria, promovido pela Associa\u00e7\u00e3o Brasileira de Psiquiatria (ABP)<img decoding=\"async\" src=\"https:\/\/agenciabrasil.ebc.com.br\/ebc.png?id=1487128&amp;o=node\" \/><img decoding=\"async\" src=\"https:\/\/agenciabrasil.ebc.com.br\/ebc.gif?id=1487128&amp;o=node\" \/><\/p>\n<p style=\"text-align: justify;\">Segundo a m\u00e9dica, as tentativas de suic\u00eddio de colegas representam um desafio na profiss\u00e3o.<\/p>\n<p style=\"text-align: justify;\">De acordo com Grasiela, desde 2017, percebe-se uma preocupa\u00e7\u00e3o com os desfechos relacionados com a sa\u00fade mental. A partir daquele ano, ve\u00edculos nacionais e internacionais voltados para o tema passaram a se preocupar com as possibilidades de suic\u00eddio.<br \/><br \/>Um dos casos relatados foi o de uma estudante de medicina de universidade norte-americana que, j\u00e1 na fase final do curso, acabou se matando, ao jogar-se do alojamento. \u201cFoi uma como\u00e7\u00e3o e levantou a quest\u00e3o relevante de que o suic\u00eddio acontece e, muitas vezes, acontece mais pr\u00f3ximo do que se imagina.\u201d<\/p>\n<p style=\"text-align: justify;\">O tr\u00e1gico evento levou \u00e0 ado\u00e7\u00e3o de medidas para prevenir tais situa\u00e7\u00f5es, disse a psiquiatra. Centros de apoio psicol\u00f3gico e psiqui\u00e1trico come\u00e7aram a se espalhar pelos\u00a0<em>campi\u00a0<\/em>universit\u00e1rios depois da morte da estudante, e os professores perceberam que, ap\u00f3s as interven\u00e7\u00f5es, ca\u00edram os \u00edndices de suic\u00eddio ou de tentativa de suic\u00eddio na institui\u00e7\u00e3o.<\/p>\n<h2 style=\"text-align: justify;\">Pr\u00e9-pandemia<\/h2>\n<p style=\"text-align: justify;\">Pesquisa realizada antes da pandemia com 130 mil estudantes de 47 pa\u00edses revelou preval\u00eancia de 11% de manifesta\u00e7\u00f5es ps\u00edquicas nessa popula\u00e7\u00e3o, e 15,7% buscaram atendimento psiqui\u00e1trico. Foi encontrada preval\u00eancia de sintomas depressivos de quase 30%. \u201cA procura por aux\u00edlio n\u00e3o \u00e9 feita pela maioria dos estudantes, e isso vale para os m\u00e9dicos tamb\u00e9m\u201d, destacou Grasiela.<\/p>\n<p style=\"text-align: justify;\">Tamb\u00e9m no Brasil, desde 2017, a Universidade de S\u00e3o Paulo (USP) registrou seis tentativas de suic\u00eddio entre estudantes de medicina, tend\u00eancia que acabou sendo verificada em outras universidades. Um estudo feito na \u00e9poca encontrou preval\u00eancia de depress\u00e3o de 30% entre os estudantes de medicina, preval\u00eancia de ansiedade de quase 33%, baixa qualidade de sono e sonol\u00eancia matinal que atingiam quase metade dos alunos, cada.<\/p>\n<p style=\"text-align: justify;\">Em 2019, em tese de mestrado, Grasiela tentou entender quais eram os estudantes de medicina com tend\u00eancia suicida e encontrou preval\u00eancia de quase 9% em uma amostra de cerca de 5 mil estudantes que j\u00e1 tinham tentado suic\u00eddio. Entre os fatores de risco nessa popula\u00e7\u00e3o, aparecem homossexualidade, bissexualidade, baixa renda baixa, traumas na inf\u00e2ncia ou na fase adulta, bullying na universidade, hist\u00f3ria familiar de tentativa de suic\u00eddio ou de suic\u00eddio consumado, uso di\u00e1rio de tabaco e consumo excessivo de \u00e1lcool.<\/p>\n<p style=\"text-align: justify;\">Existem ainda fatores de vulnerabilidade. Entre as dificuldades encontradas est\u00e3o idade precoce, depend\u00eancia financeira da fam\u00edlia, a pr\u00f3pria sa\u00edda da casa dos pais, dist\u00e2ncia da fam\u00edlia, solid\u00e3o, diferen\u00e7as culturais, maior exposi\u00e7\u00e3o a fatores estressantes, como as demandas acad\u00eamicas. Grasiela destacou que 90% dos pacientes que tentam suic\u00eddio t\u00eam comorbidades psiqui\u00e1tricas n\u00e3o tratadas ou tratadas de forma incorreta.<\/p>\n<h2 style=\"text-align: justify;\">Covid-19<\/h2>\n<p style=\"text-align: justify;\">No in\u00edcio da pandemia de covid-19, o isolamento social gerou impacto na sa\u00fade mental da popula\u00e7\u00e3o em geral e, tamb\u00e9m, dos estudantes de medicina. O fato foi agravado pelo pr\u00f3prio adoecimento, pela doen\u00e7a de familiares e morte de parentes e amigos. O ponto positivo foi no aprendizado. Do grupo de 41 estudantes que participaram da experi\u00eancia, 37,9% mostraram preval\u00eancia de depress\u00e3o e 33,7% de ansiedade. De acordo com a Organiza\u00e7\u00e3o Mundial da Sa\u00fade (OMS), 25% dos sintomas depressivos e de ansiedade aumentaram durante a pandemia e no per\u00edodo p\u00f3s pandemia.<\/p>\n<p style=\"text-align: justify;\">Estudo feito no Brasil apurou que 62% da massa de estudantes de medicina estavam em procedimento ps\u00edquico, 55% acabaram relatando perda de interesse, quase 40% sentiram-se in\u00fateis, quase 20% sentiram-se incapazes de desempenhar um papel \u00fatil na vida e 9% demonstraram tend\u00eancia suicida.<\/p>\n<p style=\"text-align: justify;\">Na popula\u00e7\u00e3o m\u00e9dica, pesquisa efetuada na fase pr\u00e9-pandemia, na China, em 2020, publicada na revista Lancet, revelou que 46% dos m\u00e9dicos tiveram sintomas de depress\u00e3o grave; 41%, sinais de ansiedade e 70%, sintomas moderados a graves. Para prevenir o suic\u00eddio tanto entre estudantes de medicina e profissionais mais velhos, a psiquiatra disse que \u00e9 preciso identificar precocemente os sintomas e oferecer assist\u00eancia em rela\u00e7\u00e3o a isso. Um dos fatores que mexem com os profissionais \u00e9 a aposentadoria futura, disse Grasiela.<\/p>\n<p style=\"text-align: justify;\">Entre as motiva\u00e7\u00f5es encontradas em 200 m\u00e9dicos que se suicidaram nos Estados Unidos, durante a pandemia, a m\u00e9dica citou a incapacidade de trabalhar ante a deteriora\u00e7\u00e3o da sa\u00fade, o uso de subst\u00e2ncias qu\u00edmicas, conflitos de relacionamento, estresse financeiro, quest\u00f5es trabalhistas e institucionais.<br \/>Segundo Grasiela, a sa\u00edda para garantir a sa\u00fade mental \u00e9 buscar o equil\u00edbrio, contrabalan\u00e7ando as dificuldades com momentos prazerosos, de modo que os m\u00e9dicos possam exercer a profiss\u00e3o de forma perfeita, com \u00e9tica, mas tamb\u00e9m com sa\u00fade.<\/p>\n\n\n<p><\/p>\n","protected":false},"excerpt":{"rendered":"<p>Al\u00e9m da sa\u00fade mental da popula\u00e7\u00e3o, em geral, a pandemia de covid-19 impactou as condi\u00e7\u00f5es dos profissionais de sa\u00fade e dos estudantes de medicina. O debate sobre o tema \u00e9 importante por causa da alta preval\u00eancia de transtornos mentais que esses grupos apresentam, afirmou hoje (8) a psiquiatra Grasiela Marcon, ao participar, em Fortaleza, do [&hellip;]<\/p>\n","protected":false},"author":1,"featured_media":43772,"comment_status":"closed","ping_status":"open","sticky":false,"template":"","format":"standard","meta":{"_uag_custom_page_level_css":"","_monsterinsights_skip_tracking":false,"_monsterinsights_sitenote_active":false,"_monsterinsights_sitenote_note":"","_monsterinsights_sitenote_category":0,"jetpack_post_was_ever_published":false,"_jetpack_newsletter_access":"","_jetpack_dont_email_post_to_subs":false,"_jetpack_newsletter_tier_id":0,"_jetpack_memberships_contains_paywalled_content":false,"_jetpack_memberships_contains_paid_content":false,"footnotes":"","jetpack_publicize_message":"","jetpack_publicize_feature_enabled":true,"jetpack_social_post_already_shared":true,"jetpack_social_options":{"image_generator_settings":{"template":"highway","default_image_id":0,"font":"","enabled":false},"version":2}},"categories":[205],"tags":[],"class_list":["post-43771","post","type-post","status-publish","format-standard","has-post-thumbnail","hentry","category-saude"],"jetpack_publicize_connections":[],"jetpack_featured_media_url":"https:\/\/blogopara.com.br\/wp-content\/uploads\/2022\/10\/WhatsApp-Image-2022-10-09-at-00.51.26.jpg","uagb_featured_image_src":{"full":["https:\/\/blogopara.com.br\/wp-content\/uploads\/2022\/10\/WhatsApp-Image-2022-10-09-at-00.51.26.jpg",500,316,false],"thumbnail":["https:\/\/blogopara.com.br\/wp-content\/uploads\/2022\/10\/WhatsApp-Image-2022-10-09-at-00.51.26-150x150.jpg",150,150,true],"medium":["https:\/\/blogopara.com.br\/wp-content\/uploads\/2022\/10\/WhatsApp-Image-2022-10-09-at-00.51.26-300x190.jpg",300,190,true],"medium_large":["https:\/\/blogopara.com.br\/wp-content\/uploads\/2022\/10\/WhatsApp-Image-2022-10-09-at-00.51.26.jpg",500,316,false],"large":["https:\/\/blogopara.com.br\/wp-content\/uploads\/2022\/10\/WhatsApp-Image-2022-10-09-at-00.51.26.jpg",500,316,false],"1536x1536":["https:\/\/blogopara.com.br\/wp-content\/uploads\/2022\/10\/WhatsApp-Image-2022-10-09-at-00.51.26.jpg",500,316,false],"2048x2048":["https:\/\/blogopara.com.br\/wp-content\/uploads\/2022\/10\/WhatsApp-Image-2022-10-09-at-00.51.26.jpg",500,316,false],"mantranews-slider-large":["https:\/\/blogopara.com.br\/wp-content\/uploads\/2022\/10\/WhatsApp-Image-2022-10-09-at-00.51.26.jpg",500,316,false],"mantranews-featured-medium":["https:\/\/blogopara.com.br\/wp-content\/uploads\/2022\/10\/WhatsApp-Image-2022-10-09-at-00.51.26-420x307.jpg",420,307,true],"mantranews-featured-long":["https:\/\/blogopara.com.br\/wp-content\/uploads\/2022\/10\/WhatsApp-Image-2022-10-09-at-00.51.26-300x316.jpg",300,316,true],"mantranews-block-medium":["https:\/\/blogopara.com.br\/wp-content\/uploads\/2022\/10\/WhatsApp-Image-2022-10-09-at-00.51.26-464x290.jpg",464,290,true],"mantranews-carousel-image":["https:\/\/blogopara.com.br\/wp-content\/uploads\/2022\/10\/WhatsApp-Image-2022-10-09-at-00.51.26.jpg",500,316,false],"mantranews-block-thumb":["https:\/\/blogopara.com.br\/wp-content\/uploads\/2022\/10\/WhatsApp-Image-2022-10-09-at-00.51.26-322x230.jpg",322,230,true],"mantranews-single-large":["https:\/\/blogopara.com.br\/wp-content\/uploads\/2022\/10\/WhatsApp-Image-2022-10-09-at-00.51.26.jpg",500,316,false]},"uagb_author_info":{"display_name":"Reda\u00e7\u00e3o geral","author_link":"https:\/\/blogopara.com.br\/index.php\/author\/blogopara"},"uagb_comment_info":0,"uagb_excerpt":"Al\u00e9m da sa\u00fade mental da popula\u00e7\u00e3o, em geral, a pandemia de covid-19 impactou as condi\u00e7\u00f5es dos profissionais de sa\u00fade e dos estudantes de medicina. O debate sobre o tema \u00e9 importante por causa da alta preval\u00eancia de transtornos mentais que esses grupos apresentam, afirmou hoje (8) a psiquiatra Grasiela Marcon, ao participar, em Fortaleza, do&hellip;","jetpack_sharing_enabled":true,"jetpack_likes_enabled":true,"_links":{"self":[{"href":"https:\/\/blogopara.com.br\/index.php\/wp-json\/wp\/v2\/posts\/43771","targetHints":{"allow":["GET"]}}],"collection":[{"href":"https:\/\/blogopara.com.br\/index.php\/wp-json\/wp\/v2\/posts"}],"about":[{"href":"https:\/\/blogopara.com.br\/index.php\/wp-json\/wp\/v2\/types\/post"}],"author":[{"embeddable":true,"href":"https:\/\/blogopara.com.br\/index.php\/wp-json\/wp\/v2\/users\/1"}],"replies":[{"embeddable":true,"href":"https:\/\/blogopara.com.br\/index.php\/wp-json\/wp\/v2\/comments?post=43771"}],"version-history":[{"count":1,"href":"https:\/\/blogopara.com.br\/index.php\/wp-json\/wp\/v2\/posts\/43771\/revisions"}],"predecessor-version":[{"id":43773,"href":"https:\/\/blogopara.com.br\/index.php\/wp-json\/wp\/v2\/posts\/43771\/revisions\/43773"}],"wp:featuredmedia":[{"embeddable":true,"href":"https:\/\/blogopara.com.br\/index.php\/wp-json\/wp\/v2\/media\/43772"}],"wp:attachment":[{"href":"https:\/\/blogopara.com.br\/index.php\/wp-json\/wp\/v2\/media?parent=43771"}],"wp:term":[{"taxonomy":"category","embeddable":true,"href":"https:\/\/blogopara.com.br\/index.php\/wp-json\/wp\/v2\/categories?post=43771"},{"taxonomy":"post_tag","embeddable":true,"href":"https:\/\/blogopara.com.br\/index.php\/wp-json\/wp\/v2\/tags?post=43771"}],"curies":[{"name":"wp","href":"https:\/\/api.w.org\/{rel}","templated":true}]}}