{"id":43921,"date":"2022-10-13T11:35:00","date_gmt":"2022-10-13T14:35:00","guid":{"rendered":"https:\/\/blogopara.com.br\/?p=43921"},"modified":"2022-10-12T20:26:44","modified_gmt":"2022-10-12T23:26:44","slug":"o-fracasso-da-educacao-tem-nome-e-sobrenome-jeronimo-rodrigues-que-vai-perder-as-eleicoes-neste-2-turno-diz-acm-neto","status":"publish","type":"post","link":"https:\/\/blogopara.com.br\/index.php\/2022\/10\/13\/o-fracasso-da-educacao-tem-nome-e-sobrenome-jeronimo-rodrigues-que-vai-perder-as-eleicoes-neste-2-turno-diz-acm-neto","title":{"rendered":"&#8220;O fracasso da educa\u00e7\u00e3o tem nome e sobrenome: Jer\u00f4nimo Rodrigues, que vai perder as elei\u00e7\u00f5es neste 2\u00b0 turno&#8221;, diz ACM Neto"},"content":{"rendered":"<p style=\"text-align: justify;\">O candidato a governador ACM Neto (Uni\u00e3o Brasil) afirmou nesta ter\u00e7a-feira (11) que o PT tem insistido em reduzir o debate neste segundo turno de elei\u00e7\u00f5es na Bahia. O objetivo \u00e9 um s\u00f3: n\u00e3o discutir o que realmente importa para as pessoas, porque na educa\u00e7\u00e3o, desemprego, viol\u00eancia e sa\u00fade \u00e9 justamente onde o governo vai muito mal.<\/p>\n<p style=\"text-align: justify;\">Al\u00e9m disso o PT, tenta esconder o candidato ao governo Jer\u00f4nimo Rodrigues, na tentativa de for\u00e7ar os eleitores a votarem apenas num n\u00famero, sem conhecer, de fato, o postulante.<\/p>\n<p style=\"text-align: justify;\">Neto realizou, na noite de quarta, uma grande caminhada seguida de evento na cidade de Itapetinga, no M\u00e9dio-Sudoeste baiano, onde venceu as elei\u00e7\u00f5es no primeiro turno com 54,56% dos votos. Ao lado do prefeito Rodrigo Hagge (MDB), o candidato do Uni\u00e3o Brasil reuniu uma multid\u00e3o tanto nas ruas como na Pra\u00e7a Dairy Walley, onde realizou o seu primeiro com\u00edcio deste segundo turno.<\/p>\n<p style=\"text-align: justify;\">&#8220;N\u00e3o d\u00e1 para reduzir o debate na Bahia a coisas que n\u00e3o s\u00e3o fundamentais para o futuro do nosso estado. Porque caber\u00e1 ao governador enfrentar a partir de janeiro os graves problemas que afetam os baianos. No primeiro turno, muitos foram \u00e0s urnas e apenas votaram num n\u00famero. Mas, gente, n\u00e3o \u00e9 um n\u00famero que est\u00e1 sob a avalia\u00e7\u00e3o dos baianos no pr\u00f3ximo dia 30. O que est\u00e1 sob nossa decis\u00e3o \u00e9 o caminho que queremos trilhar. \u00c9 a reflex\u00e3o se a Bahia que vivemos hoje \u00e9 a Bahia que queremos para os nossos filhos e para os nossos netos&#8221;, disse no com\u00edcio.<\/p>\n<p style=\"text-align: justify;\">&#8220;Muita gente no primeiro turno votou em Jer\u00f4nimo sem saber nem quem ele \u00e9. Sem saber qual \u00e9 a hist\u00f3ria dele, sem saber o que ele j\u00e1 fez ou deixou de fazer na vida p\u00fablica. Pois eu me sinto na obriga\u00e7\u00e3o de contar a voc\u00eas. Porque, nesse segundo turno, \u00e9 mano a mano, \u00e9 cara a cara, sou eu e ele e \u00e9 o futuro da Bahia que est\u00e1 em jogo&#8221;, completou o candidato do Uni\u00e3o Brasil.<\/p>\n<p style=\"text-align: justify;\">Neto lembrou que Jer\u00f4nimo foi secret\u00e1rio de Desenvolvimento Rural da Bahia e teve como principal marca da sua gest\u00e3o a extin\u00e7\u00e3o da EBDA, empresa p\u00fablica que dava suporte t\u00e9cnico aos pequenos produtores rurais. Sem ela, a agricultura familiar ficou sem apoio direto e sem pesquisa. &#8220;Pois eu quero dizer a voc\u00eas: Deus vai me permitir ser governador e eu vou recriar a EBDA para ajudar os produtores rurais&#8221;, disse.<\/p>\n<p style=\"text-align: justify;\">Depois, Jer\u00f4nimo foi o secret\u00e1rio de Educa\u00e7\u00e3o respons\u00e1vel por deixar a Bahia em pen\u00faltimo lugar do Brasil em qualidade de ensino, segundo o IDEB. Na \u00faltima Prova Brasil, que avalia o aprendizado dos alunos da rede p\u00fablica, a Bahia aparece apenas \u00e0 frente do Maranh\u00e3o.<\/p>\n<p style=\"text-align: justify;\">&#8220;O fracasso da educa\u00e7\u00e3o da Bahia tem nome e sobrenome. O nome \u00e9 Jer\u00f4nimo, o sobrenome \u00e9 Rodrigues. Ent\u00e3o est\u00e1 claro, Jer\u00f4nimo foi testado e reprovado e vai perder as elei\u00e7\u00f5es neste segundo turno&#8221;, cravou ACM Neto.<\/p>\n\n\n<p>Ascom ACM Neto<\/p>\n","protected":false},"excerpt":{"rendered":"<p>O candidato a governador ACM Neto (Uni\u00e3o Brasil) afirmou nesta ter\u00e7a-feira (11) que o PT tem insistido em reduzir o debate neste segundo turno de elei\u00e7\u00f5es na Bahia. O objetivo \u00e9 um s\u00f3: n\u00e3o discutir o que realmente importa para as pessoas, porque na educa\u00e7\u00e3o, desemprego, viol\u00eancia e sa\u00fade \u00e9 justamente onde o governo vai [&hellip;]<\/p>\n","protected":false},"author":1,"featured_media":43922,"comment_status":"closed","ping_status":"open","sticky":false,"template":"","format":"standard","meta":{"_uag_custom_page_level_css":"","_monsterinsights_skip_tracking":false,"_monsterinsights_sitenote_active":false,"_monsterinsights_sitenote_note":"","_monsterinsights_sitenote_category":0,"jetpack_post_was_ever_published":false,"_jetpack_newsletter_access":"","_jetpack_dont_email_post_to_subs":false,"_jetpack_newsletter_tier_id":0,"_jetpack_memberships_contains_paywalled_content":false,"_jetpack_memberships_contains_paid_content":false,"footnotes":"","jetpack_publicize_message":"","jetpack_publicize_feature_enabled":true,"jetpack_social_post_already_shared":true,"jetpack_social_options":{"image_generator_settings":{"template":"highway","default_image_id":0,"font":"","enabled":false},"version":2}},"categories":[199,10109],"tags":[],"class_list":["post-43921","post","type-post","status-publish","format-standard","has-post-thumbnail","hentry","category-bahia","category-eleicoes-2022"],"jetpack_publicize_connections":[],"jetpack_featured_media_url":"https:\/\/blogopara.com.br\/wp-content\/uploads\/2022\/10\/WhatsApp-Image-2022-10-10-at-21.13.45.jpg","uagb_featured_image_src":{"full":["https:\/\/blogopara.com.br\/wp-content\/uploads\/2022\/10\/WhatsApp-Image-2022-10-10-at-21.13.45.jpg",500,333,false],"thumbnail":["https:\/\/blogopara.com.br\/wp-content\/uploads\/2022\/10\/WhatsApp-Image-2022-10-10-at-21.13.45-150x150.jpg",150,150,true],"medium":["https:\/\/blogopara.com.br\/wp-content\/uploads\/2022\/10\/WhatsApp-Image-2022-10-10-at-21.13.45-300x200.jpg",300,200,true],"medium_large":["https:\/\/blogopara.com.br\/wp-content\/uploads\/2022\/10\/WhatsApp-Image-2022-10-10-at-21.13.45.jpg",500,333,false],"large":["https:\/\/blogopara.com.br\/wp-content\/uploads\/2022\/10\/WhatsApp-Image-2022-10-10-at-21.13.45.jpg",500,333,false],"1536x1536":["https:\/\/blogopara.com.br\/wp-content\/uploads\/2022\/10\/WhatsApp-Image-2022-10-10-at-21.13.45.jpg",500,333,false],"2048x2048":["https:\/\/blogopara.com.br\/wp-content\/uploads\/2022\/10\/WhatsApp-Image-2022-10-10-at-21.13.45.jpg",500,333,false],"mantranews-slider-large":["https:\/\/blogopara.com.br\/wp-content\/uploads\/2022\/10\/WhatsApp-Image-2022-10-10-at-21.13.45.jpg",500,333,false],"mantranews-featured-medium":["https:\/\/blogopara.com.br\/wp-content\/uploads\/2022\/10\/WhatsApp-Image-2022-10-10-at-21.13.45-420x307.jpg",420,307,true],"mantranews-featured-long":["https:\/\/blogopara.com.br\/wp-content\/uploads\/2022\/10\/WhatsApp-Image-2022-10-10-at-21.13.45-300x333.jpg",300,333,true],"mantranews-block-medium":["https:\/\/blogopara.com.br\/wp-content\/uploads\/2022\/10\/WhatsApp-Image-2022-10-10-at-21.13.45-464x290.jpg",464,290,true],"mantranews-carousel-image":["https:\/\/blogopara.com.br\/wp-content\/uploads\/2022\/10\/WhatsApp-Image-2022-10-10-at-21.13.45.jpg",500,333,false],"mantranews-block-thumb":["https:\/\/blogopara.com.br\/wp-content\/uploads\/2022\/10\/WhatsApp-Image-2022-10-10-at-21.13.45-322x230.jpg",322,230,true],"mantranews-single-large":["https:\/\/blogopara.com.br\/wp-content\/uploads\/2022\/10\/WhatsApp-Image-2022-10-10-at-21.13.45.jpg",500,333,false]},"uagb_author_info":{"display_name":"Reda\u00e7\u00e3o geral","author_link":"https:\/\/blogopara.com.br\/index.php\/author\/blogopara"},"uagb_comment_info":0,"uagb_excerpt":"O candidato a governador ACM Neto (Uni\u00e3o Brasil) afirmou nesta ter\u00e7a-feira (11) que o PT tem insistido em reduzir o debate neste segundo turno de elei\u00e7\u00f5es na Bahia. O objetivo \u00e9 um s\u00f3: n\u00e3o discutir o que realmente importa para as pessoas, porque na educa\u00e7\u00e3o, desemprego, viol\u00eancia e sa\u00fade \u00e9 justamente onde o governo vai&hellip;","jetpack_sharing_enabled":true,"jetpack_likes_enabled":true,"_links":{"self":[{"href":"https:\/\/blogopara.com.br\/index.php\/wp-json\/wp\/v2\/posts\/43921","targetHints":{"allow":["GET"]}}],"collection":[{"href":"https:\/\/blogopara.com.br\/index.php\/wp-json\/wp\/v2\/posts"}],"about":[{"href":"https:\/\/blogopara.com.br\/index.php\/wp-json\/wp\/v2\/types\/post"}],"author":[{"embeddable":true,"href":"https:\/\/blogopara.com.br\/index.php\/wp-json\/wp\/v2\/users\/1"}],"replies":[{"embeddable":true,"href":"https:\/\/blogopara.com.br\/index.php\/wp-json\/wp\/v2\/comments?post=43921"}],"version-history":[{"count":1,"href":"https:\/\/blogopara.com.br\/index.php\/wp-json\/wp\/v2\/posts\/43921\/revisions"}],"predecessor-version":[{"id":43923,"href":"https:\/\/blogopara.com.br\/index.php\/wp-json\/wp\/v2\/posts\/43921\/revisions\/43923"}],"wp:featuredmedia":[{"embeddable":true,"href":"https:\/\/blogopara.com.br\/index.php\/wp-json\/wp\/v2\/media\/43922"}],"wp:attachment":[{"href":"https:\/\/blogopara.com.br\/index.php\/wp-json\/wp\/v2\/media?parent=43921"}],"wp:term":[{"taxonomy":"category","embeddable":true,"href":"https:\/\/blogopara.com.br\/index.php\/wp-json\/wp\/v2\/categories?post=43921"},{"taxonomy":"post_tag","embeddable":true,"href":"https:\/\/blogopara.com.br\/index.php\/wp-json\/wp\/v2\/tags?post=43921"}],"curies":[{"name":"wp","href":"https:\/\/api.w.org\/{rel}","templated":true}]}}