{"id":43959,"date":"2022-10-13T15:06:34","date_gmt":"2022-10-13T18:06:34","guid":{"rendered":"https:\/\/blogopara.com.br\/?p=43959"},"modified":"2022-10-13T15:06:36","modified_gmt":"2022-10-13T18:06:36","slug":"vice-governador-joao-leao-afirma-que-o-partido-progressista-esta-fechado-com-acm-neto","status":"publish","type":"post","link":"https:\/\/blogopara.com.br\/index.php\/2022\/10\/13\/vice-governador-joao-leao-afirma-que-o-partido-progressista-esta-fechado-com-acm-neto","title":{"rendered":"Vice Governador Jo\u00e3o Le\u00e3o afirma que o Partido Progressista est\u00e1 fechado com ACM Neto"},"content":{"rendered":"<p style=\"text-align: justify;\">Em reuni\u00e3o realizada nesta quinta-feira, na sede do Partido Progressista, o vice-governador e Presidente do PP, Jo\u00e3o Le\u00e3o, afirmou que o partido em Salvador e em toda Bahia est\u00e1 fechado com ACM Neto.<\/p>\n<p style=\"text-align: justify;\">\u201cO Partido Progressista em Salvador e em toda a Bahia est\u00e1 alinhado e fechado com ACM Neto, demonstrando assim, mais uma vez for\u00e7a pol\u00edtica e unidade. Acreditamos no projeto de ACM Neto. Ele far\u00e1 um excelente governo como fez quando foi prefeito em Salvador. Neto ir\u00e1 colocar a Bahia no caminho do desenvolvimento\u201d, garantiu.<\/p>\n<p style=\"text-align: justify;\">Participaram da reuni\u00e3o vereadores da bancada de Salvador: Mauricio Trindade, Sab\u00e1, Leandro Guerrilha e George Gordinho da Favela, al\u00e9m de Joca Soares presidente do PP em Salvador e o Secret\u00e1rio Geral do partido Jabes Ribeiro.<\/p>\n","protected":false},"excerpt":{"rendered":"<p>Em reuni\u00e3o realizada nesta quinta-feira, na sede do Partido Progressista, o vice-governador e Presidente do PP, Jo\u00e3o Le\u00e3o, afirmou que o partido em Salvador e em toda Bahia est\u00e1 fechado com ACM Neto. \u201cO Partido Progressista em Salvador e em toda a Bahia est\u00e1 alinhado e fechado com ACM Neto, demonstrando assim, mais uma vez [&hellip;]<\/p>\n","protected":false},"author":1,"featured_media":43960,"comment_status":"closed","ping_status":"open","sticky":false,"template":"","format":"standard","meta":{"_uag_custom_page_level_css":"","_monsterinsights_skip_tracking":false,"_monsterinsights_sitenote_active":false,"_monsterinsights_sitenote_note":"","_monsterinsights_sitenote_category":0,"jetpack_post_was_ever_published":false,"_jetpack_newsletter_access":"","_jetpack_dont_email_post_to_subs":false,"_jetpack_newsletter_tier_id":0,"_jetpack_memberships_contains_paywalled_content":false,"_jetpack_memberships_contains_paid_content":false,"footnotes":"","jetpack_publicize_message":"","jetpack_publicize_feature_enabled":true,"jetpack_social_post_already_shared":true,"jetpack_social_options":{"image_generator_settings":{"template":"highway","default_image_id":0,"font":"","enabled":false},"version":2}},"categories":[199,10109],"tags":[1705,1477,10161],"class_list":["post-43959","post","type-post","status-publish","format-standard","has-post-thumbnail","hentry","category-bahia","category-eleicoes-2022","tag-acm-neto","tag-joao-leao","tag-pp-bahia"],"jetpack_publicize_connections":[],"jetpack_featured_media_url":"https:\/\/blogopara.com.br\/wp-content\/uploads\/2022\/10\/WhatsApp-Image-2022-10-13-at-13.15.50.jpeg","uagb_featured_image_src":{"full":["https:\/\/blogopara.com.br\/wp-content\/uploads\/2022\/10\/WhatsApp-Image-2022-10-13-at-13.15.50.jpeg",500,290,false],"thumbnail":["https:\/\/blogopara.com.br\/wp-content\/uploads\/2022\/10\/WhatsApp-Image-2022-10-13-at-13.15.50-150x150.jpeg",150,150,true],"medium":["https:\/\/blogopara.com.br\/wp-content\/uploads\/2022\/10\/WhatsApp-Image-2022-10-13-at-13.15.50-300x174.jpeg",300,174,true],"medium_large":["https:\/\/blogopara.com.br\/wp-content\/uploads\/2022\/10\/WhatsApp-Image-2022-10-13-at-13.15.50.jpeg",500,290,false],"large":["https:\/\/blogopara.com.br\/wp-content\/uploads\/2022\/10\/WhatsApp-Image-2022-10-13-at-13.15.50.jpeg",500,290,false],"1536x1536":["https:\/\/blogopara.com.br\/wp-content\/uploads\/2022\/10\/WhatsApp-Image-2022-10-13-at-13.15.50.jpeg",500,290,false],"2048x2048":["https:\/\/blogopara.com.br\/wp-content\/uploads\/2022\/10\/WhatsApp-Image-2022-10-13-at-13.15.50.jpeg",500,290,false],"mantranews-slider-large":["https:\/\/blogopara.com.br\/wp-content\/uploads\/2022\/10\/WhatsApp-Image-2022-10-13-at-13.15.50.jpeg",500,290,false],"mantranews-featured-medium":["https:\/\/blogopara.com.br\/wp-content\/uploads\/2022\/10\/WhatsApp-Image-2022-10-13-at-13.15.50-420x290.jpeg",420,290,true],"mantranews-featured-long":["https:\/\/blogopara.com.br\/wp-content\/uploads\/2022\/10\/WhatsApp-Image-2022-10-13-at-13.15.50-300x290.jpeg",300,290,true],"mantranews-block-medium":["https:\/\/blogopara.com.br\/wp-content\/uploads\/2022\/10\/WhatsApp-Image-2022-10-13-at-13.15.50-464x290.jpeg",464,290,true],"mantranews-carousel-image":["https:\/\/blogopara.com.br\/wp-content\/uploads\/2022\/10\/WhatsApp-Image-2022-10-13-at-13.15.50.jpeg",500,290,false],"mantranews-block-thumb":["https:\/\/blogopara.com.br\/wp-content\/uploads\/2022\/10\/WhatsApp-Image-2022-10-13-at-13.15.50-322x230.jpeg",322,230,true],"mantranews-single-large":["https:\/\/blogopara.com.br\/wp-content\/uploads\/2022\/10\/WhatsApp-Image-2022-10-13-at-13.15.50.jpeg",500,290,false]},"uagb_author_info":{"display_name":"Reda\u00e7\u00e3o geral","author_link":"https:\/\/blogopara.com.br\/index.php\/author\/blogopara"},"uagb_comment_info":0,"uagb_excerpt":"Em reuni\u00e3o realizada nesta quinta-feira, na sede do Partido Progressista, o vice-governador e Presidente do PP, Jo\u00e3o Le\u00e3o, afirmou que o partido em Salvador e em toda Bahia est\u00e1 fechado com ACM Neto. \u201cO Partido Progressista em Salvador e em toda a Bahia est\u00e1 alinhado e fechado com ACM Neto, demonstrando assim, mais uma vez&hellip;","jetpack_sharing_enabled":true,"jetpack_likes_enabled":true,"_links":{"self":[{"href":"https:\/\/blogopara.com.br\/index.php\/wp-json\/wp\/v2\/posts\/43959","targetHints":{"allow":["GET"]}}],"collection":[{"href":"https:\/\/blogopara.com.br\/index.php\/wp-json\/wp\/v2\/posts"}],"about":[{"href":"https:\/\/blogopara.com.br\/index.php\/wp-json\/wp\/v2\/types\/post"}],"author":[{"embeddable":true,"href":"https:\/\/blogopara.com.br\/index.php\/wp-json\/wp\/v2\/users\/1"}],"replies":[{"embeddable":true,"href":"https:\/\/blogopara.com.br\/index.php\/wp-json\/wp\/v2\/comments?post=43959"}],"version-history":[{"count":1,"href":"https:\/\/blogopara.com.br\/index.php\/wp-json\/wp\/v2\/posts\/43959\/revisions"}],"predecessor-version":[{"id":43961,"href":"https:\/\/blogopara.com.br\/index.php\/wp-json\/wp\/v2\/posts\/43959\/revisions\/43961"}],"wp:featuredmedia":[{"embeddable":true,"href":"https:\/\/blogopara.com.br\/index.php\/wp-json\/wp\/v2\/media\/43960"}],"wp:attachment":[{"href":"https:\/\/blogopara.com.br\/index.php\/wp-json\/wp\/v2\/media?parent=43959"}],"wp:term":[{"taxonomy":"category","embeddable":true,"href":"https:\/\/blogopara.com.br\/index.php\/wp-json\/wp\/v2\/categories?post=43959"},{"taxonomy":"post_tag","embeddable":true,"href":"https:\/\/blogopara.com.br\/index.php\/wp-json\/wp\/v2\/tags?post=43959"}],"curies":[{"name":"wp","href":"https:\/\/api.w.org\/{rel}","templated":true}]}}