{"id":43984,"date":"2022-10-14T11:15:00","date_gmt":"2022-10-14T14:15:00","guid":{"rendered":"https:\/\/blogopara.com.br\/?p=43984"},"modified":"2022-10-14T10:52:54","modified_gmt":"2022-10-14T13:52:54","slug":"governo-libera-vacina-contra-covid-19-em-criancas-a-partir-de-6-meses","status":"publish","type":"post","link":"https:\/\/blogopara.com.br\/index.php\/2022\/10\/14\/governo-libera-vacina-contra-covid-19-em-criancas-a-partir-de-6-meses","title":{"rendered":"Governo libera vacina contra Covid-19 em crian\u00e7as a partir de 6 meses"},"content":{"rendered":"<div class=\"fonteNoticia\">\n<div style=\"text-align: justify;\">O Minist\u00e9rio da Sa\u00fade liberou a aplica\u00e7\u00e3o de vacinas contra a Covid-19 da Pfizer em crian\u00e7as de 6 meses a 4 anos de idade que tenham comorbidades. Ainda n\u00e3o h\u00e1 informa\u00e7\u00f5es sobre quando a pasta receber\u00e1 e qual o total de vacinas espec\u00edficas para esse p\u00fablico.<\/div>\n<div style=\"text-align: justify;\"><\/div>\n<div style=\"text-align: justify;\">A amplia\u00e7\u00e3o de uso da vacina da Pfizer para imunizar crian\u00e7as de 6 meses a 4 anos de idade contra a Covid-19 foi aprovada pela Anvisa em setembro. Desde a libera\u00e7\u00e3o, h\u00e1 um impasse no Minist\u00e9rio da Sa\u00fade sobre a incorpora\u00e7\u00e3o da vacina no plano de imuniza\u00e7\u00e3o.<\/div>\n<div style=\"text-align: justify;\"><\/div>\n<div style=\"text-align: justify;\">Em nota, nesta quinta-feira (13), a pasta informou que solicitar\u00e1 \u00e0 Comiss\u00e3o Nacional de Incorpora\u00e7\u00e3o de Tecnologias no SUS (Conitec) a avalia\u00e7\u00e3o de poss\u00edvel amplia\u00e7\u00e3o do uso da vacina pedi\u00e1trica nessa faixa et\u00e1ria. At\u00e9 que seja analisado pela comiss\u00e3o, a vacina\u00e7\u00e3o estar\u00e1 restrita ao publico com comorbidades.<\/div>\n<div style=\"text-align: justify;\"><\/div>\n<div style=\"text-align: justify;\"><strong>Diferen\u00e7as<\/strong><\/div>\n<div style=\"text-align: justify;\">A vacina para crian\u00e7as de 6 meses a 4 anos de idade tem dosagem e composi\u00e7\u00e3o diferentes daquelas utilizadas para as faixas et\u00e1rias previamente aprovadas. A formula\u00e7\u00e3o da vacina autorizada hoje dever\u00e1 ser aplicada em tr\u00eas doses de 0,2 ml (equivalente a 3 microgramas).<\/div>\n<div style=\"text-align: justify;\"><\/div>\n<div style=\"text-align: justify;\">As duas doses iniciais devem ser administradas com 3 semanas de intervalo, seguidas por uma terceira dose administrada pelo menos 8 semanas ap\u00f3s a segunda dose. A tampa do frasco da vacina vir\u00e1 na cor vinho, para facilitar a identifica\u00e7\u00e3o pelas equipes de vacina\u00e7\u00e3o e, tamb\u00e9m, pelos pais, m\u00e3es e cuidadores que levar\u00e3o as crian\u00e7as para serem vacinadas. O uso de diferentes cores de tampa \u00e9 uma estrat\u00e9gia para evitar erros de administra\u00e7\u00e3o, j\u00e1 que o produto requer diferentes dosagens para diferentes faixas et\u00e1rias.<\/div>\n<div style=\"text-align: justify;\"><\/div>\n<div style=\"text-align: justify;\">\u201cA vacina tem 12 meses de validade, quando armazenada a temperatura entre -90\u00b0C e -60\u00b0C. Uma vez retirado do congelamento, o frasco fechado pode ser armazenado em geladeira entre 2\u00b0C e 8\u00b0C durante um per\u00edodo \u00fanico de 10 semanas, n\u00e3o excedendo a data de validade original\u201d, explicou a Anvisa.<\/div>\n<div id=\"smartclipDiv\" style=\"text-align: justify;\"><\/div>\n<\/div>\n<div class=\"tags_noticias\" style=\"text-align: justify;\"><span class=\"h5 d-inline\">T<\/span><\/div>\n","protected":false},"excerpt":{"rendered":"<p>O Minist\u00e9rio da Sa\u00fade liberou a aplica\u00e7\u00e3o de vacinas contra a Covid-19 da Pfizer em crian\u00e7as de 6 meses a 4 anos de idade que tenham comorbidades. Ainda n\u00e3o h\u00e1 informa\u00e7\u00f5es sobre quando a pasta receber\u00e1 e qual o total de vacinas espec\u00edficas para esse p\u00fablico. A amplia\u00e7\u00e3o de uso da vacina da Pfizer para [&hellip;]<\/p>\n","protected":false},"author":1,"featured_media":43985,"comment_status":"closed","ping_status":"open","sticky":false,"template":"","format":"standard","meta":{"_uag_custom_page_level_css":"","_monsterinsights_skip_tracking":false,"_monsterinsights_sitenote_active":false,"_monsterinsights_sitenote_note":"","_monsterinsights_sitenote_category":0,"jetpack_post_was_ever_published":false,"_jetpack_newsletter_access":"","_jetpack_dont_email_post_to_subs":false,"_jetpack_newsletter_tier_id":0,"_jetpack_memberships_contains_paywalled_content":false,"_jetpack_memberships_contains_paid_content":false,"footnotes":"","jetpack_publicize_message":"","jetpack_publicize_feature_enabled":true,"jetpack_social_post_already_shared":true,"jetpack_social_options":{"image_generator_settings":{"template":"highway","default_image_id":0,"font":"","enabled":false},"version":2}},"categories":[205],"tags":[],"class_list":["post-43984","post","type-post","status-publish","format-standard","has-post-thumbnail","hentry","category-saude"],"jetpack_publicize_connections":[],"jetpack_featured_media_url":"https:\/\/blogopara.com.br\/wp-content\/uploads\/2022\/10\/20221013200925871712e.jpg","uagb_featured_image_src":{"full":["https:\/\/blogopara.com.br\/wp-content\/uploads\/2022\/10\/20221013200925871712e.jpg",500,299,false],"thumbnail":["https:\/\/blogopara.com.br\/wp-content\/uploads\/2022\/10\/20221013200925871712e-150x150.jpg",150,150,true],"medium":["https:\/\/blogopara.com.br\/wp-content\/uploads\/2022\/10\/20221013200925871712e-300x179.jpg",300,179,true],"medium_large":["https:\/\/blogopara.com.br\/wp-content\/uploads\/2022\/10\/20221013200925871712e.jpg",500,299,false],"large":["https:\/\/blogopara.com.br\/wp-content\/uploads\/2022\/10\/20221013200925871712e.jpg",500,299,false],"1536x1536":["https:\/\/blogopara.com.br\/wp-content\/uploads\/2022\/10\/20221013200925871712e.jpg",500,299,false],"2048x2048":["https:\/\/blogopara.com.br\/wp-content\/uploads\/2022\/10\/20221013200925871712e.jpg",500,299,false],"mantranews-slider-large":["https:\/\/blogopara.com.br\/wp-content\/uploads\/2022\/10\/20221013200925871712e.jpg",500,299,false],"mantranews-featured-medium":["https:\/\/blogopara.com.br\/wp-content\/uploads\/2022\/10\/20221013200925871712e-420x299.jpg",420,299,true],"mantranews-featured-long":["https:\/\/blogopara.com.br\/wp-content\/uploads\/2022\/10\/20221013200925871712e-300x299.jpg",300,299,true],"mantranews-block-medium":["https:\/\/blogopara.com.br\/wp-content\/uploads\/2022\/10\/20221013200925871712e-464x290.jpg",464,290,true],"mantranews-carousel-image":["https:\/\/blogopara.com.br\/wp-content\/uploads\/2022\/10\/20221013200925871712e.jpg",500,299,false],"mantranews-block-thumb":["https:\/\/blogopara.com.br\/wp-content\/uploads\/2022\/10\/20221013200925871712e-322x230.jpg",322,230,true],"mantranews-single-large":["https:\/\/blogopara.com.br\/wp-content\/uploads\/2022\/10\/20221013200925871712e.jpg",500,299,false]},"uagb_author_info":{"display_name":"Reda\u00e7\u00e3o geral","author_link":"https:\/\/blogopara.com.br\/index.php\/author\/blogopara"},"uagb_comment_info":0,"uagb_excerpt":"O Minist\u00e9rio da Sa\u00fade liberou a aplica\u00e7\u00e3o de vacinas contra a Covid-19 da Pfizer em crian\u00e7as de 6 meses a 4 anos de idade que tenham comorbidades. Ainda n\u00e3o h\u00e1 informa\u00e7\u00f5es sobre quando a pasta receber\u00e1 e qual o total de vacinas espec\u00edficas para esse p\u00fablico. A amplia\u00e7\u00e3o de uso da vacina da Pfizer para&hellip;","jetpack_sharing_enabled":true,"jetpack_likes_enabled":true,"_links":{"self":[{"href":"https:\/\/blogopara.com.br\/index.php\/wp-json\/wp\/v2\/posts\/43984","targetHints":{"allow":["GET"]}}],"collection":[{"href":"https:\/\/blogopara.com.br\/index.php\/wp-json\/wp\/v2\/posts"}],"about":[{"href":"https:\/\/blogopara.com.br\/index.php\/wp-json\/wp\/v2\/types\/post"}],"author":[{"embeddable":true,"href":"https:\/\/blogopara.com.br\/index.php\/wp-json\/wp\/v2\/users\/1"}],"replies":[{"embeddable":true,"href":"https:\/\/blogopara.com.br\/index.php\/wp-json\/wp\/v2\/comments?post=43984"}],"version-history":[{"count":1,"href":"https:\/\/blogopara.com.br\/index.php\/wp-json\/wp\/v2\/posts\/43984\/revisions"}],"predecessor-version":[{"id":43986,"href":"https:\/\/blogopara.com.br\/index.php\/wp-json\/wp\/v2\/posts\/43984\/revisions\/43986"}],"wp:featuredmedia":[{"embeddable":true,"href":"https:\/\/blogopara.com.br\/index.php\/wp-json\/wp\/v2\/media\/43985"}],"wp:attachment":[{"href":"https:\/\/blogopara.com.br\/index.php\/wp-json\/wp\/v2\/media?parent=43984"}],"wp:term":[{"taxonomy":"category","embeddable":true,"href":"https:\/\/blogopara.com.br\/index.php\/wp-json\/wp\/v2\/categories?post=43984"},{"taxonomy":"post_tag","embeddable":true,"href":"https:\/\/blogopara.com.br\/index.php\/wp-json\/wp\/v2\/tags?post=43984"}],"curies":[{"name":"wp","href":"https:\/\/api.w.org\/{rel}","templated":true}]}}