{"id":44008,"date":"2022-10-14T20:35:00","date_gmt":"2022-10-14T23:35:00","guid":{"rendered":"https:\/\/blogopara.com.br\/?p=44008"},"modified":"2022-10-14T10:52:16","modified_gmt":"2022-10-14T13:52:16","slug":"candidato-que-nao-ve-elo-entre-educacao-e-economia-nao-ajuda-brasil-diz-diretor-da-ocde","status":"publish","type":"post","link":"https:\/\/blogopara.com.br\/index.php\/2022\/10\/14\/candidato-que-nao-ve-elo-entre-educacao-e-economia-nao-ajuda-brasil-diz-diretor-da-ocde","title":{"rendered":"Candidato que n\u00e3o v\u00ea elo entre educa\u00e7\u00e3o e economia n\u00e3o ajuda Brasil, diz diretor da OCDE"},"content":{"rendered":"<div class=\"bbc-19j92fr ebmt73l0\" dir=\"ltr\">\n<p class=\"bbc-hhl7in e17g058b0\" dir=\"ltr\" style=\"text-align: justify;\">A atual corrida presidencial tem sido dominada pela economia e por temas como religi\u00e3o e pauta de costumes. A educa\u00e7\u00e3o, sempre mencionada como vital para o desenvolvimento do pa\u00eds, tem ficado como coadjuvante no debate, justamente depois de um dif\u00edcil per\u00edodo sob os fortes efeitos da pandemia de coronav\u00edrus e da inconst\u00e2ncia no cargo de ministro da \u00e1rea.<\/p>\n<\/div>\n<div class=\"etpldq00 bbc-oa9drk ebmt73l0\" dir=\"ltr\" style=\"text-align: justify;\">\n<p><span style=\"font-size: revert; color: initial;\">Para o estat\u00edstico alem\u00e3o Andreas Schleicher, diretor de educa\u00e7\u00e3o e compet\u00eancias na Organiza\u00e7\u00e3o para a Coopera\u00e7\u00e3o e Desenvolvimento Econ\u00f4mico (OCDE) e criador do Pisa, avalia\u00e7\u00e3o internacional de aprendizagem que se tornou refer\u00eancia, \u00e9 imposs\u00edvel pensar o futuro econ\u00f4mico do pa\u00eds sem conceber um plano para o ensino e a forma\u00e7\u00e3o de habilidades para os pr\u00f3ximos anos.<\/span><\/p>\n<\/div>\n<div class=\"bbc-19j92fr ebmt73l0\" dir=\"ltr\" style=\"text-align: justify;\">\n<p class=\"bbc-hhl7in e17g058b0\" dir=\"ltr\">Schleicher afirma que h\u00e1 pela frente o desafio de modificar o sistema educacional diante das grandes mudan\u00e7as tecnol\u00f3gicas e das novas demandas do mercado de trabalho. E isso, afirma ele, \u00e9 especialmente importante para as pessoas das camadas mais pobres.<\/p>\n<\/div>\n<div class=\"bbc-19j92fr ebmt73l0\" dir=\"ltr\">\n<p class=\"bbc-hhl7in e17g058b0\" dir=\"ltr\" style=\"text-align: justify;\">&#8220;Se voc\u00ea vem de uma fam\u00edlia desfavorecida, s\u00f3 h\u00e1 uma \u00fanica chance em sua vida, e \u00e9 uma educa\u00e7\u00e3o de qualidade. Se voc\u00ea perde esse trem no Brasil, n\u00e3o h\u00e1 uma segunda chance.&#8221;<\/p>\n<div class=\"bbc-19j92fr ebmt73l0\" dir=\"ltr\" style=\"text-align: justify;\">\n<p class=\"bbc-hhl7in e17g058b0\" dir=\"ltr\">Na \u00faltima edi\u00e7\u00e3o do Programa Internacional de Avalia\u00e7\u00e3o de Estudantes (Pisa, na sigla em ingl\u00eas), realizada em 2018, os dados trouxeram cen\u00e1rios de preocupa\u00e7\u00e3o para o pa\u00eds: dois ter\u00e7os dos brasileiros de 15 anos sabem menos que o b\u00e1sico em matem\u00e1tica e os alunos estagnaram em leitura e compreens\u00e3o de textos.<\/p>\n<\/div>\n<div class=\"bbc-19j92fr ebmt73l0\" dir=\"ltr\" style=\"text-align: justify;\">\n<p class=\"bbc-hhl7in e17g058b0\" dir=\"ltr\">Veja abaixo trechos da entrevista com o diretor da OCDE:<\/p>\n<\/div>\n<div class=\"bbc-19j92fr ebmt73l0\" dir=\"ltr\" style=\"text-align: justify;\">\n<p class=\"bbc-hhl7in e17g058b0\" dir=\"ltr\">A educa\u00e7\u00e3o de hoje ser\u00e1 a economia de amanh\u00e3. E se voc\u00ea tem desigualdades na educa\u00e7\u00e3o, voc\u00ea vai ter desigualdades na sociedade. E com isso, desemprego. Dessa forma, qualquer candidato presidencial que n\u00e3o enxerga a liga\u00e7\u00e3o entre as duas coisas ou n\u00e3o acredita nisso, n\u00e3o est\u00e1 fazendo um favor ao futuro do pa\u00eds. Sim, existem muitos problemas urgentes, mas se voc\u00ea ignorar os desafios de amanh\u00e3 a situa\u00e7\u00e3o ser\u00e1 ainda mais dif\u00edcil.<\/p>\n<\/div>\n<div class=\"bbc-19j92fr ebmt73l0\" dir=\"ltr\">\n<p class=\"bbc-hhl7in e17g058b0\" dir=\"ltr\" style=\"text-align: justify;\">Na d\u00e9cada de 2000, o Brasil avan\u00e7ou muito na educa\u00e7\u00e3o. A educa\u00e7\u00e3o era prioridade. Lembro que em 2000, depois de sa\u00edrem os resultados do Pisa, surgiram muitas iniciativas no Brasil. O pa\u00eds tem todos os recursos e os meios para construir um sistema educacional melhor.<\/p>\n<\/div>\n<\/div>\n","protected":false},"excerpt":{"rendered":"<p>A atual corrida presidencial tem sido dominada pela economia e por temas como religi\u00e3o e pauta de costumes. A educa\u00e7\u00e3o, sempre mencionada como vital para o desenvolvimento do pa\u00eds, tem ficado como coadjuvante no debate, justamente depois de um dif\u00edcil per\u00edodo sob os fortes efeitos da pandemia de coronav\u00edrus e da inconst\u00e2ncia no cargo de [&hellip;]<\/p>\n","protected":false},"author":1,"featured_media":40008,"comment_status":"closed","ping_status":"open","sticky":false,"template":"","format":"standard","meta":{"_uag_custom_page_level_css":"","_monsterinsights_skip_tracking":false,"_monsterinsights_sitenote_active":false,"_monsterinsights_sitenote_note":"","_monsterinsights_sitenote_category":0,"jetpack_post_was_ever_published":false,"_jetpack_newsletter_access":"","_jetpack_dont_email_post_to_subs":false,"_jetpack_newsletter_tier_id":0,"_jetpack_memberships_contains_paywalled_content":false,"_jetpack_memberships_contains_paid_content":false,"footnotes":"","jetpack_publicize_message":"","jetpack_publicize_feature_enabled":true,"jetpack_social_post_already_shared":true,"jetpack_social_options":{"image_generator_settings":{"template":"highway","default_image_id":0,"font":"","enabled":false},"version":2}},"categories":[209],"tags":[],"class_list":["post-44008","post","type-post","status-publish","format-standard","has-post-thumbnail","hentry","category-educacao"],"jetpack_publicize_connections":[],"jetpack_featured_media_url":"https:\/\/blogopara.com.br\/wp-content\/uploads\/2022\/07\/ME-1.jpg","uagb_featured_image_src":{"full":["https:\/\/blogopara.com.br\/wp-content\/uploads\/2022\/07\/ME-1.jpg",500,281,false],"thumbnail":["https:\/\/blogopara.com.br\/wp-content\/uploads\/2022\/07\/ME-1-150x150.jpg",150,150,true],"medium":["https:\/\/blogopara.com.br\/wp-content\/uploads\/2022\/07\/ME-1-300x169.jpg",300,169,true],"medium_large":["https:\/\/blogopara.com.br\/wp-content\/uploads\/2022\/07\/ME-1.jpg",500,281,false],"large":["https:\/\/blogopara.com.br\/wp-content\/uploads\/2022\/07\/ME-1.jpg",500,281,false],"1536x1536":["https:\/\/blogopara.com.br\/wp-content\/uploads\/2022\/07\/ME-1.jpg",500,281,false],"2048x2048":["https:\/\/blogopara.com.br\/wp-content\/uploads\/2022\/07\/ME-1.jpg",500,281,false],"mantranews-slider-large":["https:\/\/blogopara.com.br\/wp-content\/uploads\/2022\/07\/ME-1.jpg",500,281,false],"mantranews-featured-medium":["https:\/\/blogopara.com.br\/wp-content\/uploads\/2022\/07\/ME-1-420x281.jpg",420,281,true],"mantranews-featured-long":["https:\/\/blogopara.com.br\/wp-content\/uploads\/2022\/07\/ME-1-300x281.jpg",300,281,true],"mantranews-block-medium":["https:\/\/blogopara.com.br\/wp-content\/uploads\/2022\/07\/ME-1-464x281.jpg",464,281,true],"mantranews-carousel-image":["https:\/\/blogopara.com.br\/wp-content\/uploads\/2022\/07\/ME-1.jpg",500,281,false],"mantranews-block-thumb":["https:\/\/blogopara.com.br\/wp-content\/uploads\/2022\/07\/ME-1-322x230.jpg",322,230,true],"mantranews-single-large":["https:\/\/blogopara.com.br\/wp-content\/uploads\/2022\/07\/ME-1.jpg",500,281,false]},"uagb_author_info":{"display_name":"Reda\u00e7\u00e3o geral","author_link":"https:\/\/blogopara.com.br\/index.php\/author\/blogopara"},"uagb_comment_info":0,"uagb_excerpt":"A atual corrida presidencial tem sido dominada pela economia e por temas como religi\u00e3o e pauta de costumes. A educa\u00e7\u00e3o, sempre mencionada como vital para o desenvolvimento do pa\u00eds, tem ficado como coadjuvante no debate, justamente depois de um dif\u00edcil per\u00edodo sob os fortes efeitos da pandemia de coronav\u00edrus e da inconst\u00e2ncia no cargo de&hellip;","jetpack_sharing_enabled":true,"jetpack_likes_enabled":true,"_links":{"self":[{"href":"https:\/\/blogopara.com.br\/index.php\/wp-json\/wp\/v2\/posts\/44008","targetHints":{"allow":["GET"]}}],"collection":[{"href":"https:\/\/blogopara.com.br\/index.php\/wp-json\/wp\/v2\/posts"}],"about":[{"href":"https:\/\/blogopara.com.br\/index.php\/wp-json\/wp\/v2\/types\/post"}],"author":[{"embeddable":true,"href":"https:\/\/blogopara.com.br\/index.php\/wp-json\/wp\/v2\/users\/1"}],"replies":[{"embeddable":true,"href":"https:\/\/blogopara.com.br\/index.php\/wp-json\/wp\/v2\/comments?post=44008"}],"version-history":[{"count":1,"href":"https:\/\/blogopara.com.br\/index.php\/wp-json\/wp\/v2\/posts\/44008\/revisions"}],"predecessor-version":[{"id":44009,"href":"https:\/\/blogopara.com.br\/index.php\/wp-json\/wp\/v2\/posts\/44008\/revisions\/44009"}],"wp:featuredmedia":[{"embeddable":true,"href":"https:\/\/blogopara.com.br\/index.php\/wp-json\/wp\/v2\/media\/40008"}],"wp:attachment":[{"href":"https:\/\/blogopara.com.br\/index.php\/wp-json\/wp\/v2\/media?parent=44008"}],"wp:term":[{"taxonomy":"category","embeddable":true,"href":"https:\/\/blogopara.com.br\/index.php\/wp-json\/wp\/v2\/categories?post=44008"},{"taxonomy":"post_tag","embeddable":true,"href":"https:\/\/blogopara.com.br\/index.php\/wp-json\/wp\/v2\/tags?post=44008"}],"curies":[{"name":"wp","href":"https:\/\/api.w.org\/{rel}","templated":true}]}}