{"id":44046,"date":"2022-10-15T14:58:54","date_gmt":"2022-10-15T17:58:54","guid":{"rendered":"https:\/\/blogopara.com.br\/?p=44046"},"modified":"2022-10-15T14:58:57","modified_gmt":"2022-10-15T17:58:57","slug":"geddel-vieira-e-jeronimo-rodrigues-tem-a-mesma-essencia-fascista-machista-e-misogina","status":"publish","type":"post","link":"https:\/\/blogopara.com.br\/index.php\/2022\/10\/15\/geddel-vieira-e-jeronimo-rodrigues-tem-a-mesma-essencia-fascista-machista-e-misogina","title":{"rendered":"Geddel Vieira e Jer\u00f4nimo Rodrigues tem a mesma ess\u00eancia fascista, machista e mis\u00f3gina?"},"content":{"rendered":"<p style=\"text-align: justify;\">O ex-deputado federal, ex-ministro de Dilma Rousseff e atual coordenador da campanha de Jer\u00f4nimo Rodrigues (PT), Geddel Vieira Lima, sempre foi o mestre da trucul\u00eancia e da arrog\u00e2ncia.<\/p>\n<p style=\"text-align: justify;\">Geddel foi cinco vezes deputado federal, come\u00e7ando a exercer seu mandato em 1991 como parte do carlismo e da base de apoio de Collor. Em 1993 foi um dos nomes citados no esc\u00e2ndalo dos <a class=\"spip_out\" href=\"https:\/\/noticias.terra.com.br\/brasil\/politica\/lembre-do-escandalo-dos-anoes-do-orcamento-que-completa-20-anos,3f1376212bd42410VgnVCM3000009af154d0RCRD.html\" rel=\"external\">&#8220;an\u00f5es do or\u00e7amento&#8221;<\/a>, que consistia no desvio de verbas do or\u00e7amento para deputados do &#8220;baixo&#8221; e &#8220;alto clero&#8221;, o nome da na \u00e9poca ao agora famoso (novamente) centr\u00e3o. Segundo as den\u00fancias, Geddel era o operador do esquema para seu padrinho pol\u00edtico o\u00a0<i>carlista bahiano<\/i>\u00a0Jo\u00e3o Alves que naquele ano de 1993 teve a &#8220;sorte&#8221; de ganhar 53 vezes na loteria federal.<\/p>\n<p style=\"text-align: justify;\">Condenado \u00e0 pris\u00e3o no caso do\u00a0bunker com 51 milh\u00f5es de reais encontrados pela PF em Salvador, o cacique emedebista saiu na pris\u00e3o para ser o coordenador da campanha do petista. E n\u00e3o saiu sem antes proferir a seguinte frase: <strong>\u201cN\u00e3o conhe\u00e7o na Bahia autoridade pol\u00edtica ou moral para apontar o dedo sobre mim. Apontem e as flechas vir\u00e3o. N\u00e3o \u00e9 dela\u00e7\u00e3o nem \u00e9 amea\u00e7a. Terei algo a dizer sempre. Do jeito que vierem as coloca\u00e7\u00f5es, irei responder\u201d.<\/strong><\/p>\n<p style=\"text-align: justify;\">A ex-vice-presidente estadual do PT na Bahia, C\u00e9lia Regina, foi a mais nova v\u00edtima do machismo, da misoginia, da arrog\u00e2ncia, da falta de educa\u00e7\u00e3o do ex-presidi\u00e1rio Geddel Vieira. A ativista social fez um post nos seus stories (algo muito restrito) no instagram, e foi surpreendida com investida desrespeitosa de Geddel no seu direct.<\/p>\n<p style=\"text-align: justify;\">&#8220;Vamos fazer um acordo? Eu calo a boca e vc vai d\u00e1 (sic!) meia hora de c*, dif\u00edcil vai ser achar quem queira comer, pela foto, voc\u00ea est\u00e1 uma velha bem caidinha, ent\u00e3o, sem acordos mesmo. Vai dar o c*&#8221;, escreveu Geddel Vieira.<\/p>\n<p style=\"text-align: justify;\">A frase acima representa como a campanha de Jer\u00f4nimo Rodrigues enxerga as mulheres, principalmente aquelas que ousam contestar o sistema machista?<\/p>\n<p>A frase de Geddel se iguala em todas as propor\u00e7\u00f5es a frase de Bolsonaro contra a deputada Maria do Ros\u00e1rio: &#8220;Jamais iria estuprar voc\u00ea, porque voc\u00ea n\u00e3o merece&#8221;<\/p>\n<p>J\u00e1 ficou claro que Geddel tem uma grande influ\u00eancia na campanha do petista, ser\u00e1 que Jer\u00f4nimo tamb\u00e9m \u00e9 mis\u00f3gino, fascista, machista e arrogante?<\/p>\n","protected":false},"excerpt":{"rendered":"<p>O ex-deputado federal, ex-ministro de Dilma Rousseff e atual coordenador da campanha de Jer\u00f4nimo Rodrigues (PT), Geddel Vieira Lima, sempre foi o mestre da trucul\u00eancia e da arrog\u00e2ncia. Geddel foi cinco vezes deputado federal, come\u00e7ando a exercer seu mandato em 1991 como parte do carlismo e da base de apoio de Collor. Em 1993 foi [&hellip;]<\/p>\n","protected":false},"author":1,"featured_media":44086,"comment_status":"closed","ping_status":"open","sticky":false,"template":"","format":"standard","meta":{"_uag_custom_page_level_css":"","_monsterinsights_skip_tracking":false,"_monsterinsights_sitenote_active":false,"_monsterinsights_sitenote_note":"","_monsterinsights_sitenote_category":0,"jetpack_post_was_ever_published":false,"_jetpack_newsletter_access":"","_jetpack_dont_email_post_to_subs":false,"_jetpack_newsletter_tier_id":0,"_jetpack_memberships_contains_paywalled_content":false,"_jetpack_memberships_contains_paid_content":false,"footnotes":"","jetpack_publicize_message":"","jetpack_publicize_feature_enabled":true,"jetpack_social_post_already_shared":true,"jetpack_social_options":{"image_generator_settings":{"template":"highway","default_image_id":0,"font":"","enabled":false},"version":2}},"categories":[199,10109],"tags":[4932,8075,8673],"class_list":["post-44046","post","type-post","status-publish","format-standard","has-post-thumbnail","hentry","category-bahia","category-eleicoes-2022","tag-farsa","tag-jeronimo-rodrigues","tag-pt-e-geddel-vieira-lima"],"jetpack_publicize_connections":[],"jetpack_featured_media_url":"https:\/\/blogopara.com.br\/wp-content\/uploads\/2022\/10\/Capturar22.jpg","uagb_featured_image_src":{"full":["https:\/\/blogopara.com.br\/wp-content\/uploads\/2022\/10\/Capturar22.jpg",500,319,false],"thumbnail":["https:\/\/blogopara.com.br\/wp-content\/uploads\/2022\/10\/Capturar22-150x150.jpg",150,150,true],"medium":["https:\/\/blogopara.com.br\/wp-content\/uploads\/2022\/10\/Capturar22-300x191.jpg",300,191,true],"medium_large":["https:\/\/blogopara.com.br\/wp-content\/uploads\/2022\/10\/Capturar22.jpg",500,319,false],"large":["https:\/\/blogopara.com.br\/wp-content\/uploads\/2022\/10\/Capturar22.jpg",500,319,false],"1536x1536":["https:\/\/blogopara.com.br\/wp-content\/uploads\/2022\/10\/Capturar22.jpg",500,319,false],"2048x2048":["https:\/\/blogopara.com.br\/wp-content\/uploads\/2022\/10\/Capturar22.jpg",500,319,false],"mantranews-slider-large":["https:\/\/blogopara.com.br\/wp-content\/uploads\/2022\/10\/Capturar22.jpg",500,319,false],"mantranews-featured-medium":["https:\/\/blogopara.com.br\/wp-content\/uploads\/2022\/10\/Capturar22-420x307.jpg",420,307,true],"mantranews-featured-long":["https:\/\/blogopara.com.br\/wp-content\/uploads\/2022\/10\/Capturar22-300x319.jpg",300,319,true],"mantranews-block-medium":["https:\/\/blogopara.com.br\/wp-content\/uploads\/2022\/10\/Capturar22-464x290.jpg",464,290,true],"mantranews-carousel-image":["https:\/\/blogopara.com.br\/wp-content\/uploads\/2022\/10\/Capturar22.jpg",500,319,false],"mantranews-block-thumb":["https:\/\/blogopara.com.br\/wp-content\/uploads\/2022\/10\/Capturar22-322x230.jpg",322,230,true],"mantranews-single-large":["https:\/\/blogopara.com.br\/wp-content\/uploads\/2022\/10\/Capturar22.jpg",500,319,false]},"uagb_author_info":{"display_name":"Reda\u00e7\u00e3o geral","author_link":"https:\/\/blogopara.com.br\/index.php\/author\/blogopara"},"uagb_comment_info":0,"uagb_excerpt":"O ex-deputado federal, ex-ministro de Dilma Rousseff e atual coordenador da campanha de Jer\u00f4nimo Rodrigues (PT), Geddel Vieira Lima, sempre foi o mestre da trucul\u00eancia e da arrog\u00e2ncia. Geddel foi cinco vezes deputado federal, come\u00e7ando a exercer seu mandato em 1991 como parte do carlismo e da base de apoio de Collor. Em 1993 foi&hellip;","jetpack_sharing_enabled":true,"jetpack_likes_enabled":true,"_links":{"self":[{"href":"https:\/\/blogopara.com.br\/index.php\/wp-json\/wp\/v2\/posts\/44046","targetHints":{"allow":["GET"]}}],"collection":[{"href":"https:\/\/blogopara.com.br\/index.php\/wp-json\/wp\/v2\/posts"}],"about":[{"href":"https:\/\/blogopara.com.br\/index.php\/wp-json\/wp\/v2\/types\/post"}],"author":[{"embeddable":true,"href":"https:\/\/blogopara.com.br\/index.php\/wp-json\/wp\/v2\/users\/1"}],"replies":[{"embeddable":true,"href":"https:\/\/blogopara.com.br\/index.php\/wp-json\/wp\/v2\/comments?post=44046"}],"version-history":[{"count":2,"href":"https:\/\/blogopara.com.br\/index.php\/wp-json\/wp\/v2\/posts\/44046\/revisions"}],"predecessor-version":[{"id":44087,"href":"https:\/\/blogopara.com.br\/index.php\/wp-json\/wp\/v2\/posts\/44046\/revisions\/44087"}],"wp:featuredmedia":[{"embeddable":true,"href":"https:\/\/blogopara.com.br\/index.php\/wp-json\/wp\/v2\/media\/44086"}],"wp:attachment":[{"href":"https:\/\/blogopara.com.br\/index.php\/wp-json\/wp\/v2\/media?parent=44046"}],"wp:term":[{"taxonomy":"category","embeddable":true,"href":"https:\/\/blogopara.com.br\/index.php\/wp-json\/wp\/v2\/categories?post=44046"},{"taxonomy":"post_tag","embeddable":true,"href":"https:\/\/blogopara.com.br\/index.php\/wp-json\/wp\/v2\/tags?post=44046"}],"curies":[{"name":"wp","href":"https:\/\/api.w.org\/{rel}","templated":true}]}}