{"id":4413,"date":"2019-11-04T11:01:45","date_gmt":"2019-11-04T13:01:45","guid":{"rendered":"http:\/\/blogopara.com.br\/?p=4413"},"modified":"2019-11-04T11:01:55","modified_gmt":"2019-11-04T13:01:55","slug":"popular-denuncia-responsavel-pelo-cemiterio-do-joao-paulo-ii-de-mau-atendimento","status":"publish","type":"post","link":"https:\/\/blogopara.com.br\/index.php\/2019\/11\/04\/popular-denuncia-responsavel-pelo-cemiterio-do-joao-paulo-ii-de-mau-atendimento","title":{"rendered":"Popular denuncia respons\u00e1vel pelo cemit\u00e9rio do Jo\u00e3o Paulo II de mau atendimento"},"content":{"rendered":"<p style=\"text-align: justify;\">Um morador do Jo\u00e3o Paulo II que n\u00e3o quis se identificar relatou que a pessoa respons\u00e1vel pela administra\u00e7\u00e3o do cemit\u00e9rio localizado no bairro abre e fecha o espa\u00e7o a hora que quer, segundo o denunciante: &#8221; fui l\u00e1 umas dez horas e tava fechado como muita gente n\u00e3o pode ir ontem foram hoje e l\u00e1 estava fechado porque o rapaz que fica l\u00e1 que ser o dono fecha a hora que quer, e trata o pessoal mau&#8221;.<\/p>\n<p style=\"text-align: justify;\">Recentemente um outro popular denunciou o cemit\u00e9rio de estar abandonado: Parece que estamos na Amaz\u00f4nia ou no Pantanal. O cemit\u00e9rio est\u00e1 tomado pelo mato o que demonstra o descaso do governo para com este equipamento no Jo\u00e3o Paulo II. O cemit\u00e9rio foi completamente envolvido pelo matagal e n\u00e3o existe ilumina\u00e7\u00e3o na \u00e1rea interna e nem na \u00e1rea externa\u201d denunciou pedindo a\u00e7\u00e3o da Secretaria de Servi\u00e7os P\u00fablicos.<\/p>\n","protected":false},"excerpt":{"rendered":"<p>Um morador do Jo\u00e3o Paulo II que n\u00e3o quis se identificar relatou que a pessoa respons\u00e1vel pela administra\u00e7\u00e3o do cemit\u00e9rio localizado no bairro abre e fecha o espa\u00e7o a hora que quer, segundo o denunciante: &#8221; fui l\u00e1 umas dez horas e tava fechado como muita gente n\u00e3o pode ir ontem foram hoje e l\u00e1 [&hellip;]<\/p>\n","protected":false},"author":1,"featured_media":4414,"comment_status":"open","ping_status":"open","sticky":false,"template":"","format":"standard","meta":{"_uag_custom_page_level_css":"","_monsterinsights_skip_tracking":false,"_monsterinsights_sitenote_active":false,"_monsterinsights_sitenote_note":"","_monsterinsights_sitenote_category":0,"jetpack_post_was_ever_published":false,"_jetpack_newsletter_access":"","_jetpack_dont_email_post_to_subs":false,"_jetpack_newsletter_tier_id":0,"_jetpack_memberships_contains_paywalled_content":false,"_jetpack_memberships_contains_paid_content":false,"footnotes":"","jetpack_publicize_message":"","jetpack_publicize_feature_enabled":true,"jetpack_social_post_already_shared":true,"jetpack_social_options":{"image_generator_settings":{"template":"highway","default_image_id":0,"font":"","enabled":false},"version":2}},"categories":[203],"tags":[1090,1091],"class_list":["post-4413","post","type-post","status-publish","format-standard","has-post-thumbnail","hentry","category-juazeiro","tag-cemiterio","tag-mau-atendimento"],"jetpack_publicize_connections":[],"jetpack_featured_media_url":"https:\/\/blogopara.com.br\/wp-content\/uploads\/2019\/11\/Abandonocemit\u00e9riojo\u00e3opauloII.jpg","uagb_featured_image_src":{"full":["https:\/\/blogopara.com.br\/wp-content\/uploads\/2019\/11\/Abandonocemit\u00e9riojo\u00e3opauloII.jpg",700,600,false],"thumbnail":["https:\/\/blogopara.com.br\/wp-content\/uploads\/2019\/11\/Abandonocemit\u00e9riojo\u00e3opauloII-150x150.jpg",150,150,true],"medium":["https:\/\/blogopara.com.br\/wp-content\/uploads\/2019\/11\/Abandonocemit\u00e9riojo\u00e3opauloII-300x257.jpg",300,257,true],"medium_large":["https:\/\/blogopara.com.br\/wp-content\/uploads\/2019\/11\/Abandonocemit\u00e9riojo\u00e3opauloII.jpg",640,549,false],"large":["https:\/\/blogopara.com.br\/wp-content\/uploads\/2019\/11\/Abandonocemit\u00e9riojo\u00e3opauloII.jpg",640,549,false],"1536x1536":["https:\/\/blogopara.com.br\/wp-content\/uploads\/2019\/11\/Abandonocemit\u00e9riojo\u00e3opauloII.jpg",700,600,false],"2048x2048":["https:\/\/blogopara.com.br\/wp-content\/uploads\/2019\/11\/Abandonocemit\u00e9riojo\u00e3opauloII.jpg",700,600,false],"mantranews-slider-large":["https:\/\/blogopara.com.br\/wp-content\/uploads\/2019\/11\/Abandonocemit\u00e9riojo\u00e3opauloII.jpg",700,600,false],"mantranews-featured-medium":["https:\/\/blogopara.com.br\/wp-content\/uploads\/2019\/11\/Abandonocemit\u00e9riojo\u00e3opauloII.jpg",358,307,false],"mantranews-featured-long":["https:\/\/blogopara.com.br\/wp-content\/uploads\/2019\/11\/Abandonocemit\u00e9riojo\u00e3opauloII.jpg",300,257,false],"mantranews-block-medium":["https:\/\/blogopara.com.br\/wp-content\/uploads\/2019\/11\/Abandonocemit\u00e9riojo\u00e3opauloII.jpg",338,290,false],"mantranews-carousel-image":["https:\/\/blogopara.com.br\/wp-content\/uploads\/2019\/11\/Abandonocemit\u00e9riojo\u00e3opauloII.jpg",583,500,false],"mantranews-block-thumb":["https:\/\/blogopara.com.br\/wp-content\/uploads\/2019\/11\/Abandonocemit\u00e9riojo\u00e3opauloII.jpg",268,230,false],"mantranews-single-large":["https:\/\/blogopara.com.br\/wp-content\/uploads\/2019\/11\/Abandonocemit\u00e9riojo\u00e3opauloII.jpg",700,600,false]},"uagb_author_info":{"display_name":"Reda\u00e7\u00e3o geral","author_link":"https:\/\/blogopara.com.br\/index.php\/author\/blogopara"},"uagb_comment_info":0,"uagb_excerpt":"Um morador do Jo\u00e3o Paulo II que n\u00e3o quis se identificar relatou que a pessoa respons\u00e1vel pela administra\u00e7\u00e3o do cemit\u00e9rio localizado no bairro abre e fecha o espa\u00e7o a hora que quer, segundo o denunciante: &#8221; fui l\u00e1 umas dez horas e tava fechado como muita gente n\u00e3o pode ir ontem foram hoje e l\u00e1&hellip;","jetpack_sharing_enabled":true,"jetpack_likes_enabled":true,"_links":{"self":[{"href":"https:\/\/blogopara.com.br\/index.php\/wp-json\/wp\/v2\/posts\/4413","targetHints":{"allow":["GET"]}}],"collection":[{"href":"https:\/\/blogopara.com.br\/index.php\/wp-json\/wp\/v2\/posts"}],"about":[{"href":"https:\/\/blogopara.com.br\/index.php\/wp-json\/wp\/v2\/types\/post"}],"author":[{"embeddable":true,"href":"https:\/\/blogopara.com.br\/index.php\/wp-json\/wp\/v2\/users\/1"}],"replies":[{"embeddable":true,"href":"https:\/\/blogopara.com.br\/index.php\/wp-json\/wp\/v2\/comments?post=4413"}],"version-history":[{"count":1,"href":"https:\/\/blogopara.com.br\/index.php\/wp-json\/wp\/v2\/posts\/4413\/revisions"}],"predecessor-version":[{"id":4415,"href":"https:\/\/blogopara.com.br\/index.php\/wp-json\/wp\/v2\/posts\/4413\/revisions\/4415"}],"wp:featuredmedia":[{"embeddable":true,"href":"https:\/\/blogopara.com.br\/index.php\/wp-json\/wp\/v2\/media\/4414"}],"wp:attachment":[{"href":"https:\/\/blogopara.com.br\/index.php\/wp-json\/wp\/v2\/media?parent=4413"}],"wp:term":[{"taxonomy":"category","embeddable":true,"href":"https:\/\/blogopara.com.br\/index.php\/wp-json\/wp\/v2\/categories?post=4413"},{"taxonomy":"post_tag","embeddable":true,"href":"https:\/\/blogopara.com.br\/index.php\/wp-json\/wp\/v2\/tags?post=4413"}],"curies":[{"name":"wp","href":"https:\/\/api.w.org\/{rel}","templated":true}]}}