{"id":44298,"date":"2022-10-20T13:42:00","date_gmt":"2022-10-20T16:42:00","guid":{"rendered":"https:\/\/blogopara.com.br\/?p=44298"},"modified":"2022-10-20T00:34:56","modified_gmt":"2022-10-20T03:34:56","slug":"brasil-registra-mais-8-447-casos-de-covid-19-em-24-horas","status":"publish","type":"post","link":"https:\/\/blogopara.com.br\/index.php\/2022\/10\/20\/brasil-registra-mais-8-447-casos-de-covid-19-em-24-horas","title":{"rendered":"Brasil registra mais 8.447 casos de covid-19 em 24 horas"},"content":{"rendered":"<p style=\"text-align: justify;\">O Brasil registrou, desde o in\u00edcio da pandemia, 687.483 mortes por covid-19 e 34.771.320 casos confirmados da doen\u00e7a. O n\u00famero de pessoas que se recuperaram da doen\u00e7a est\u00e1 em 33.993.798 pessoas, e h\u00e1 90.099 casos em acompanhamento.<img decoding=\"async\" src=\"https:\/\/agenciabrasil.ebc.com.br\/ebc.png?id=1488978&amp;o=node\" \/><img decoding=\"async\" src=\"https:\/\/agenciabrasil.ebc.com.br\/ebc.gif?id=1488978&amp;o=node\" \/><\/p>\n<p style=\"text-align: justify;\">Segundo boletim epidemiol\u00f3gico divulgado nesta quarta-feira (19) pelo Minist\u00e9rio da Sa\u00fade, em 24 horas, foram registrados 8.447 novos casos e mais 97 mortes em decorr\u00eancia da covid-19. 33.993.798 pessoas se recuperaram da doen\u00e7a e 90.099 casos est\u00e3o em acompanhamento.<\/p>\n<h2 style=\"text-align: justify;\">Estados<\/h2>\n<p style=\"text-align: justify;\">S\u00e3o Paulo \u00e9 o estado com maior n\u00famero de casos (6,12 milh\u00f5es), seguido por Minas Gerais (3,88 milh\u00f5es) e Paran\u00e1 (2,75 milh\u00f5es). O menor n\u00famero de casos \u00e9 registrado no Acre (149,7 mil). Em seguida, aparecem Roraima (175,2 mil) e Amap\u00e1 (178,3 mil).<\/p>\n<p style=\"text-align: justify;\">Quanto \u00e0s mortes, de acordo com os dados mais recentes, S\u00e3o Paulo registra o maior n\u00famero (175.371), seguido de Rio de Janeiro (75.776) e Minas Gerais (63.847). O menor n\u00famero de mortes \u00e9 registrado no Acre (2.029), no Amap\u00e1 (2.164) e em Roraima (2.175).<\/p>\n<h2 style=\"text-align: justify;\">Vacina\u00e7\u00e3o<\/h2>\n<p style=\"text-align: justify;\">At\u00e9 hoje, foram aplicadas 486,3 milh\u00f5es de doses de vacinas contra a covid-19, sendo 180,1 milh\u00f5es com a primeira dose e 161,9 milh\u00f5es com a segunda dose. A dose \u00fanica foi aplicada em mais de 5 milh\u00f5es de pessoas.<\/p>\n","protected":false},"excerpt":{"rendered":"<p>O Brasil registrou, desde o in\u00edcio da pandemia, 687.483 mortes por covid-19 e 34.771.320 casos confirmados da doen\u00e7a. O n\u00famero de pessoas que se recuperaram da doen\u00e7a est\u00e1 em 33.993.798 pessoas, e h\u00e1 90.099 casos em acompanhamento. Segundo boletim epidemiol\u00f3gico divulgado nesta quarta-feira (19) pelo Minist\u00e9rio da Sa\u00fade, em 24 horas, foram registrados 8.447 novos [&hellip;]<\/p>\n","protected":false},"author":1,"featured_media":44299,"comment_status":"closed","ping_status":"open","sticky":false,"template":"","format":"standard","meta":{"_uag_custom_page_level_css":"","_monsterinsights_skip_tracking":false,"_monsterinsights_sitenote_active":false,"_monsterinsights_sitenote_note":"","_monsterinsights_sitenote_category":0,"jetpack_post_was_ever_published":false,"_jetpack_newsletter_access":"","_jetpack_dont_email_post_to_subs":false,"_jetpack_newsletter_tier_id":0,"_jetpack_memberships_contains_paywalled_content":false,"_jetpack_memberships_contains_paid_content":false,"footnotes":"","jetpack_publicize_message":"","jetpack_publicize_feature_enabled":true,"jetpack_social_post_already_shared":true,"jetpack_social_options":{"image_generator_settings":{"template":"highway","default_image_id":0,"font":"","enabled":false},"version":2}},"categories":[205],"tags":[1483],"class_list":["post-44298","post","type-post","status-publish","format-standard","has-post-thumbnail","hentry","category-saude","tag-covid-19"],"jetpack_publicize_connections":[],"jetpack_featured_media_url":"https:\/\/blogopara.com.br\/wp-content\/uploads\/2022\/10\/img_3892.jpg","uagb_featured_image_src":{"full":["https:\/\/blogopara.com.br\/wp-content\/uploads\/2022\/10\/img_3892.jpg",500,299,false],"thumbnail":["https:\/\/blogopara.com.br\/wp-content\/uploads\/2022\/10\/img_3892-150x150.jpg",150,150,true],"medium":["https:\/\/blogopara.com.br\/wp-content\/uploads\/2022\/10\/img_3892-300x179.jpg",300,179,true],"medium_large":["https:\/\/blogopara.com.br\/wp-content\/uploads\/2022\/10\/img_3892.jpg",500,299,false],"large":["https:\/\/blogopara.com.br\/wp-content\/uploads\/2022\/10\/img_3892.jpg",500,299,false],"1536x1536":["https:\/\/blogopara.com.br\/wp-content\/uploads\/2022\/10\/img_3892.jpg",500,299,false],"2048x2048":["https:\/\/blogopara.com.br\/wp-content\/uploads\/2022\/10\/img_3892.jpg",500,299,false],"mantranews-slider-large":["https:\/\/blogopara.com.br\/wp-content\/uploads\/2022\/10\/img_3892.jpg",500,299,false],"mantranews-featured-medium":["https:\/\/blogopara.com.br\/wp-content\/uploads\/2022\/10\/img_3892-420x299.jpg",420,299,true],"mantranews-featured-long":["https:\/\/blogopara.com.br\/wp-content\/uploads\/2022\/10\/img_3892-300x299.jpg",300,299,true],"mantranews-block-medium":["https:\/\/blogopara.com.br\/wp-content\/uploads\/2022\/10\/img_3892-464x290.jpg",464,290,true],"mantranews-carousel-image":["https:\/\/blogopara.com.br\/wp-content\/uploads\/2022\/10\/img_3892.jpg",500,299,false],"mantranews-block-thumb":["https:\/\/blogopara.com.br\/wp-content\/uploads\/2022\/10\/img_3892-322x230.jpg",322,230,true],"mantranews-single-large":["https:\/\/blogopara.com.br\/wp-content\/uploads\/2022\/10\/img_3892.jpg",500,299,false]},"uagb_author_info":{"display_name":"Reda\u00e7\u00e3o geral","author_link":"https:\/\/blogopara.com.br\/index.php\/author\/blogopara"},"uagb_comment_info":0,"uagb_excerpt":"O Brasil registrou, desde o in\u00edcio da pandemia, 687.483 mortes por covid-19 e 34.771.320 casos confirmados da doen\u00e7a. O n\u00famero de pessoas que se recuperaram da doen\u00e7a est\u00e1 em 33.993.798 pessoas, e h\u00e1 90.099 casos em acompanhamento. Segundo boletim epidemiol\u00f3gico divulgado nesta quarta-feira (19) pelo Minist\u00e9rio da Sa\u00fade, em 24 horas, foram registrados 8.447 novos&hellip;","jetpack_sharing_enabled":true,"jetpack_likes_enabled":true,"_links":{"self":[{"href":"https:\/\/blogopara.com.br\/index.php\/wp-json\/wp\/v2\/posts\/44298","targetHints":{"allow":["GET"]}}],"collection":[{"href":"https:\/\/blogopara.com.br\/index.php\/wp-json\/wp\/v2\/posts"}],"about":[{"href":"https:\/\/blogopara.com.br\/index.php\/wp-json\/wp\/v2\/types\/post"}],"author":[{"embeddable":true,"href":"https:\/\/blogopara.com.br\/index.php\/wp-json\/wp\/v2\/users\/1"}],"replies":[{"embeddable":true,"href":"https:\/\/blogopara.com.br\/index.php\/wp-json\/wp\/v2\/comments?post=44298"}],"version-history":[{"count":1,"href":"https:\/\/blogopara.com.br\/index.php\/wp-json\/wp\/v2\/posts\/44298\/revisions"}],"predecessor-version":[{"id":44300,"href":"https:\/\/blogopara.com.br\/index.php\/wp-json\/wp\/v2\/posts\/44298\/revisions\/44300"}],"wp:featuredmedia":[{"embeddable":true,"href":"https:\/\/blogopara.com.br\/index.php\/wp-json\/wp\/v2\/media\/44299"}],"wp:attachment":[{"href":"https:\/\/blogopara.com.br\/index.php\/wp-json\/wp\/v2\/media?parent=44298"}],"wp:term":[{"taxonomy":"category","embeddable":true,"href":"https:\/\/blogopara.com.br\/index.php\/wp-json\/wp\/v2\/categories?post=44298"},{"taxonomy":"post_tag","embeddable":true,"href":"https:\/\/blogopara.com.br\/index.php\/wp-json\/wp\/v2\/tags?post=44298"}],"curies":[{"name":"wp","href":"https:\/\/api.w.org\/{rel}","templated":true}]}}