{"id":44332,"date":"2022-10-21T08:42:00","date_gmt":"2022-10-21T11:42:00","guid":{"rendered":"https:\/\/blogopara.com.br\/?p=44332"},"modified":"2022-10-20T22:55:13","modified_gmt":"2022-10-21T01:55:13","slug":"em-barreiras-acm-neto-diz-que-oeste-foi-esquecido-pelo-governo-do-pt-e-critica-jeronimo-tenta-se-esconder-atras-de-mentiras","status":"publish","type":"post","link":"https:\/\/blogopara.com.br\/index.php\/2022\/10\/21\/em-barreiras-acm-neto-diz-que-oeste-foi-esquecido-pelo-governo-do-pt-e-critica-jeronimo-tenta-se-esconder-atras-de-mentiras","title":{"rendered":"Em Barreiras, ACM Neto diz que Oeste foi esquecido pelo governo do PT e critica Jer\u00f4nimo: \u201cTenta se esconder atr\u00e1s de mentiras\u201d"},"content":{"rendered":"<p style=\"text-align: justify;\">O candidato a governador ACM Neto afirmou que a regi\u00e3o Oeste do estado foi esquecida pelos governos do PT e criticou o advers\u00e1rio neste segundo turno, Jer\u00f4nimo Rodrigues (PT), que, segundo ele, \u201ctenta se esconder atr\u00e1s de mentiras\u201d. Em Barra e Barreiras, onde cumpriu agenda nesta quarta-feira (19), Neto refor\u00e7ou seu compromisso de implantar na regi\u00e3o um dos primeiro Governos Regionais (GRs), caso seja eleito governador.<\/p>\n<p style=\"text-align: justify;\">\u201cOs nossos advers\u00e1rios tiveram 16 anos e o resultado do trabalho deles \u00e9 a Bahia em primeiro lugar em n\u00famero de homic\u00eddios, em n\u00famero de desempregados, em n\u00famero de pessoas vivendo em condi\u00e7\u00e3o de pobreza, na dificuldade de acesso ao sistema de sa\u00fade e o \u00faltimo lugar em educa\u00e7\u00e3o de qualidade. N\u00e3o falta nada para piorar\u201d, apontou.<\/p>\n<p style=\"text-align: justify;\">\u201cEssa regi\u00e3o se queixa pela aus\u00eancia do Governo do Estado. Essa regi\u00e3o reclama por mais aten\u00e7\u00e3o, por mais cuidado e por mais investimentos. E hoje estou aqui, reafirmando um compromisso que assumi no primeiro turno. A partir de 1\u00ba de janeiro, tomando posse como governador, eu assino um decreto para instituir um Governo Regional no Oeste. O governador vai estar aqui presente n\u00e3o apenas na v\u00e9spera de elei\u00e7\u00e3o. Eu estarei aqui durante os quatro anos do meu mandato, trabalhando ao lado de voc\u00eas\u201d, salientou o candidato.<\/p>\n<p style=\"text-align: justify;\">O ex-prefeito de Salvador fez cr\u00edticas \u00e0 postura de Jer\u00f4nimo Rodrigues, candidato ao governo pelo PT, e questionou o fato dos seus advers\u00e1rios continuarem divulgando fake news sobre o processo eleitoral.<\/p>\n<p style=\"text-align: justify;\">\u201cEle tenta se esconder atr\u00e1s de mentiras. Foge dos debates e, quando eles dizem que se o povo n\u00e3o votar no mesmo n\u00famero para governador e para presidente anula o voto do presidente, \u00e9 mentira. Eles tentam enganar as pessoas\u201d, apontou. \u201cO que n\u00f3s vamos decidir no dia 30 \u00e9 o nosso futuro. \u00c9 o que n\u00f3s queremos para as nossas vidas. N\u00e3o d\u00e1 para trocar essa decis\u00e3o por R$ 50, por R$ 100. N\u00e3o d\u00e1 para abrir m\u00e3o dessa decis\u00e3o em troca de duas ou tr\u00eas cervejas no dia da elei\u00e7\u00e3o e abrir m\u00e3o de escolher o melhor para o futuro da Bahia por conta de um n\u00famero de jeito nenhum\u201d, enfatizou Neto.<\/p>\n<p style=\"text-align: justify;\">ACM Neto ressaltou que n\u00e3o aceitar\u00e1 que a Bahia continue oferecendo aos baianos a realidade atual, e que se for eleito, trabalhar\u00e1 todos os dias do mandato pelos 417 munic\u00edpios do estado. \u201cEu serei um governador que n\u00e3o vai aceitar essa pouca vergonha que est\u00e1 acontecendo na Bahia\u201d, enfatizou.<\/p>\n<p style=\"text-align: justify;\">\u201cEu gostaria de poder encher o peito e falar muito bem da Bahia, porque nosso povo merece, nosso povo \u00e9 lutador, nunca perdeu a esperan\u00e7a. Nosso povo jamais deixou de acreditar em nosso Estado, mas n\u00f3s precisamos mudar. Eles j\u00e1 tiveram tempo suficiente. A Bahia precisa viver um novo momento e pras coisas mudarem n\u00e3o \u00e9 com aquele grupo do passado. Menos ainda com um cara que hoje \u00e9 candidato a governador e por onde passou foi mal. Ele foi testado e reprovado\u201d, destacou Neto durante fala aos moradores da regi\u00e3o.<\/p>\n<p style=\"text-align: justify;\">Neto ponderou ainda que n\u00e3o ser\u00e1 o presidente eleito que trabalhar\u00e1 para mudar os \u00edndices do estado. E reafirmou que os baianos podem escolher qualquer representante que desejarem: \u201cEstou preparado para governar com o presidente que os baianos elegerem\u201d.<\/p>\n<p style=\"text-align: justify;\">\u201cA partir do dia 1\u00b0 de janeiro do pr\u00f3ximo ano caber\u00e1 ao governador e a mais ningu\u00e9m cuidar da pol\u00edcia, botar pres\u00eddio para funcionar, construir hospital, fazer a fila da regula\u00e7\u00e3o andar, fazer as escolas formarem os alunos com qualidade e preparar os nossos jovens para os desafios da vida. Caber\u00e1 ao governador olhar pela agricultura familiar, pelos pequenos produtores, para trazer emprego para a regi\u00e3o\u201d, disse.<\/p>\n<p>Ascom ACM Neto<\/p>\n","protected":false},"excerpt":{"rendered":"<p>O candidato a governador ACM Neto afirmou que a regi\u00e3o Oeste do estado foi esquecida pelos governos do PT e criticou o advers\u00e1rio neste segundo turno, Jer\u00f4nimo Rodrigues (PT), que, segundo ele, \u201ctenta se esconder atr\u00e1s de mentiras\u201d. Em Barra e Barreiras, onde cumpriu agenda nesta quarta-feira (19), Neto refor\u00e7ou seu compromisso de implantar na [&hellip;]<\/p>\n","protected":false},"author":1,"featured_media":44333,"comment_status":"closed","ping_status":"open","sticky":false,"template":"","format":"standard","meta":{"_uag_custom_page_level_css":"","_monsterinsights_skip_tracking":false,"_monsterinsights_sitenote_active":false,"_monsterinsights_sitenote_note":"","_monsterinsights_sitenote_category":0,"jetpack_post_was_ever_published":false,"_jetpack_newsletter_access":"","_jetpack_dont_email_post_to_subs":false,"_jetpack_newsletter_tier_id":0,"_jetpack_memberships_contains_paywalled_content":false,"_jetpack_memberships_contains_paid_content":false,"footnotes":"","jetpack_publicize_message":"","jetpack_publicize_feature_enabled":true,"jetpack_social_post_already_shared":true,"jetpack_social_options":{"image_generator_settings":{"template":"highway","default_image_id":0,"font":"","enabled":false},"version":2}},"categories":[10109],"tags":[11,1327],"class_list":["post-44332","post","type-post","status-publish","format-standard","has-post-thumbnail","hentry","category-eleicoes-2022","tag-bahia","tag-eleicoes-2022"],"jetpack_publicize_connections":[],"jetpack_featured_media_url":"https:\/\/blogopara.com.br\/wp-content\/uploads\/2022\/10\/WhatsApp-Image-2022-10-20-at-16.00.21.jpg","uagb_featured_image_src":{"full":["https:\/\/blogopara.com.br\/wp-content\/uploads\/2022\/10\/WhatsApp-Image-2022-10-20-at-16.00.21.jpg",500,357,false],"thumbnail":["https:\/\/blogopara.com.br\/wp-content\/uploads\/2022\/10\/WhatsApp-Image-2022-10-20-at-16.00.21-150x150.jpg",150,150,true],"medium":["https:\/\/blogopara.com.br\/wp-content\/uploads\/2022\/10\/WhatsApp-Image-2022-10-20-at-16.00.21-300x214.jpg",300,214,true],"medium_large":["https:\/\/blogopara.com.br\/wp-content\/uploads\/2022\/10\/WhatsApp-Image-2022-10-20-at-16.00.21.jpg",500,357,false],"large":["https:\/\/blogopara.com.br\/wp-content\/uploads\/2022\/10\/WhatsApp-Image-2022-10-20-at-16.00.21.jpg",500,357,false],"1536x1536":["https:\/\/blogopara.com.br\/wp-content\/uploads\/2022\/10\/WhatsApp-Image-2022-10-20-at-16.00.21.jpg",500,357,false],"2048x2048":["https:\/\/blogopara.com.br\/wp-content\/uploads\/2022\/10\/WhatsApp-Image-2022-10-20-at-16.00.21.jpg",500,357,false],"mantranews-slider-large":["https:\/\/blogopara.com.br\/wp-content\/uploads\/2022\/10\/WhatsApp-Image-2022-10-20-at-16.00.21.jpg",500,357,false],"mantranews-featured-medium":["https:\/\/blogopara.com.br\/wp-content\/uploads\/2022\/10\/WhatsApp-Image-2022-10-20-at-16.00.21-420x307.jpg",420,307,true],"mantranews-featured-long":["https:\/\/blogopara.com.br\/wp-content\/uploads\/2022\/10\/WhatsApp-Image-2022-10-20-at-16.00.21-300x357.jpg",300,357,true],"mantranews-block-medium":["https:\/\/blogopara.com.br\/wp-content\/uploads\/2022\/10\/WhatsApp-Image-2022-10-20-at-16.00.21-464x290.jpg",464,290,true],"mantranews-carousel-image":["https:\/\/blogopara.com.br\/wp-content\/uploads\/2022\/10\/WhatsApp-Image-2022-10-20-at-16.00.21.jpg",500,357,false],"mantranews-block-thumb":["https:\/\/blogopara.com.br\/wp-content\/uploads\/2022\/10\/WhatsApp-Image-2022-10-20-at-16.00.21-322x230.jpg",322,230,true],"mantranews-single-large":["https:\/\/blogopara.com.br\/wp-content\/uploads\/2022\/10\/WhatsApp-Image-2022-10-20-at-16.00.21.jpg",500,357,false]},"uagb_author_info":{"display_name":"Reda\u00e7\u00e3o geral","author_link":"https:\/\/blogopara.com.br\/index.php\/author\/blogopara"},"uagb_comment_info":0,"uagb_excerpt":"O candidato a governador ACM Neto afirmou que a regi\u00e3o Oeste do estado foi esquecida pelos governos do PT e criticou o advers\u00e1rio neste segundo turno, Jer\u00f4nimo Rodrigues (PT), que, segundo ele, \u201ctenta se esconder atr\u00e1s de mentiras\u201d. Em Barra e Barreiras, onde cumpriu agenda nesta quarta-feira (19), Neto refor\u00e7ou seu compromisso de implantar na&hellip;","jetpack_sharing_enabled":true,"jetpack_likes_enabled":true,"_links":{"self":[{"href":"https:\/\/blogopara.com.br\/index.php\/wp-json\/wp\/v2\/posts\/44332","targetHints":{"allow":["GET"]}}],"collection":[{"href":"https:\/\/blogopara.com.br\/index.php\/wp-json\/wp\/v2\/posts"}],"about":[{"href":"https:\/\/blogopara.com.br\/index.php\/wp-json\/wp\/v2\/types\/post"}],"author":[{"embeddable":true,"href":"https:\/\/blogopara.com.br\/index.php\/wp-json\/wp\/v2\/users\/1"}],"replies":[{"embeddable":true,"href":"https:\/\/blogopara.com.br\/index.php\/wp-json\/wp\/v2\/comments?post=44332"}],"version-history":[{"count":1,"href":"https:\/\/blogopara.com.br\/index.php\/wp-json\/wp\/v2\/posts\/44332\/revisions"}],"predecessor-version":[{"id":44334,"href":"https:\/\/blogopara.com.br\/index.php\/wp-json\/wp\/v2\/posts\/44332\/revisions\/44334"}],"wp:featuredmedia":[{"embeddable":true,"href":"https:\/\/blogopara.com.br\/index.php\/wp-json\/wp\/v2\/media\/44333"}],"wp:attachment":[{"href":"https:\/\/blogopara.com.br\/index.php\/wp-json\/wp\/v2\/media?parent=44332"}],"wp:term":[{"taxonomy":"category","embeddable":true,"href":"https:\/\/blogopara.com.br\/index.php\/wp-json\/wp\/v2\/categories?post=44332"},{"taxonomy":"post_tag","embeddable":true,"href":"https:\/\/blogopara.com.br\/index.php\/wp-json\/wp\/v2\/tags?post=44332"}],"curies":[{"name":"wp","href":"https:\/\/api.w.org\/{rel}","templated":true}]}}