{"id":44346,"date":"2022-10-21T15:45:00","date_gmt":"2022-10-21T18:45:00","guid":{"rendered":"https:\/\/blogopara.com.br\/?p=44346"},"modified":"2022-10-20T23:53:26","modified_gmt":"2022-10-21T02:53:26","slug":"cfm-abrira-consulta-publica-sobre-uso-da-cannabis-medicinal","status":"publish","type":"post","link":"https:\/\/blogopara.com.br\/index.php\/2022\/10\/21\/cfm-abrira-consulta-publica-sobre-uso-da-cannabis-medicinal","title":{"rendered":"CFM abrir\u00e1 consulta p\u00fablica sobre uso da cannabis medicinal"},"content":{"rendered":"<p style=\"text-align: justify;\">Em meio \u00e0s rea\u00e7\u00f5es contra a resolu\u00e7\u00e3o do Conselho Federal de Medicina (CFM), que estabelece <a href=\"https:\/\/agenciabrasil.ebc.com.br\/saude\/noticia\/2022-10\/cfm-publica-nova-norma-sobre-prescricao-de-canabidiol\" target=\"_blank\" rel=\"noopener\">novas regras<\/a> para a prescri\u00e7\u00e3o de medicamentos \u00e0 base do canabidiol, um derivado da <em>Cannabis<\/em>, a autarquia federal decidiu nesta quinta-feira (20) abrir consulta p\u00fablica \u00e0 popula\u00e7\u00e3o sobre o assunto. Em nota, o CFM informou que esta etapa ocorrer\u00e1 de 24 de outubro a 23 de dezembro deste ano.<img decoding=\"async\" src=\"https:\/\/agenciabrasil.ebc.com.br\/ebc.png?id=1489226&amp;o=node\" \/><img decoding=\"async\" src=\"https:\/\/agenciabrasil.ebc.com.br\/ebc.gif?id=1489226&amp;o=node\" \/><\/p>\n<p style=\"text-align: justify;\">A Resolu\u00e7\u00e3o 2324 de 2022 restringe\u00a0o uso do canabidiol apenas ao tratamento de epilepsias da crian\u00e7a e do adolescente que n\u00e3o respondem\u00a0\u00e0s terapias convencionais nas s\u00edndromes de Dravet e Lennox-Gastaut, e no Complexo de Esclerose Tuberosa. A norma tamb\u00e9m pro\u00edbe m\u00e9dicos de prescreverem <em>Cannab<\/em>is <em>in natura<\/em> para uso medicinal, bem como quaisquer outros derivados que n\u00e3o o canabidiol. Fica vedada ainda a prescri\u00e7\u00e3o de canabidiol para indica\u00e7\u00e3o terap\u00eautica diversa da prevista na resolu\u00e7\u00e3o, com exce\u00e7\u00e3o de estudos cl\u00ednicos previamente autorizados pelo sistema formado pela Comiss\u00e3o Nacional de \u00c9tica em Pesquisa e Conselhos de \u00c9tica em Pesquisa (CEP\/Conep).<\/p>\n<p style=\"text-align: justify;\">Al\u00e9m disso, a resolu\u00e7\u00e3o pro\u00edbe m\u00e9dicos de ministrarem palestras e cursos sobre uso do canabidiol, ou produtos derivados da <em>Cannabis<\/em>, fora do ambiente cient\u00edfico, nem fazer sua divulga\u00e7\u00e3o publicit\u00e1ria. M\u00e9dicos que n\u00e3o observarem as determina\u00e7\u00f5es da resolu\u00e7\u00e3o estar\u00e3o sujeitos a responder processos no CFM que, no limite, podem levar \u00e0 cassa\u00e7\u00e3o do registro e o direito de exercer a profiss\u00e3o no pa\u00eds.<\/p>\n<p style=\"text-align: justify;\">Na nota em que anuncia a consulta p\u00fablica, a entidade m\u00e9dica reafirmou e defendeu o conte\u00fado da resolu\u00e7\u00e3o, destacando que foram avaliados quase 6 mil artigos cient\u00edficos publicados em &#8220;importantes peri\u00f3dicos nacionais e internacionais&#8221;, al\u00e9m do recebimento de contribui\u00e7\u00f5es de m\u00e9dicos e institui\u00e7\u00f5es durante consulta p\u00fablica anterior, ocorrida no m\u00eas de julho.<\/p>\n<p style=\"text-align: justify;\">&#8220;As conclus\u00f5es apontam para evid\u00eancias ainda fr\u00e1geis sobre a seguran\u00e7a e a efic\u00e1cia do canabidiol para o tratamento da maioria das doen\u00e7as, sendo que h\u00e1 trabalhos cient\u00edficos com resultados positivos confirmados apenas para os casos de crises epil\u00e9ticas relacionadas \u00e0s S\u00edndromes de Dravet, Doose e Lennox-Gastaut&#8221;, argumenta o CFM. &#8220;Diante desse quadro, o plen\u00e1rio do CFM considera prudente aguardar o avan\u00e7o de estudos em andamento, cujos resultados v\u00e3o ampliar \u2013 ou n\u00e3o \u2013 a percep\u00e7\u00e3o de efic\u00e1cia e seguran\u00e7a do canabidiol, evitando expor a popula\u00e7\u00e3o a situa\u00e7\u00f5es de risco&#8221;, acrescenta.<\/p>\n<h2 style=\"text-align: justify;\">MPF<\/h2>\n<p style=\"text-align: justify;\">No in\u00edcio da semana, o Minist\u00e9rio P\u00fablico Federal (MPF) instaurou procedimento preparat\u00f3rio para apurar a <a href=\"https:\/\/agenciabrasil.ebc.com.br\/justica\/noticia\/2022-10\/mpf-abre-investigacao-sobre-norma-do-cfm-para-o-canabidiol\" target=\"_blank\" rel=\"noopener\">legalidade da resolu\u00e7\u00e3o<\/a>. De acordo com o procurador da Rep\u00fablica Ailton Benedito de Souza, respons\u00e1vel pelo procedimento, a investiga\u00e7\u00e3o vai apurar se h\u00e1 compatibilidade entre a resolu\u00e7\u00e3o do CFM com o direito social \u00e0 sa\u00fade, nos termos da Constitui\u00e7\u00e3o Federal, e outros regulamentos oficiais, como os da pr\u00f3pria Ag\u00eancia Nacional de Vigil\u00e2ncia Sanit\u00e1ria (Anvisa), que em 2019 autorizou a fabrica\u00e7\u00e3o e a importa\u00e7\u00e3o de produtos com <em>Cannabis<\/em> para fins medicinais. Sobre isso, o CFM respondeu que encaminhar\u00e1 todas as informa\u00e7\u00f5es solicitadas.<\/p>\n<p style=\"text-align: justify;\">De acordo com dados da Anvisa, estima-se que mais de 100 mil pacientes fa\u00e7am algum tipo de tratamento usando <em>Cannabis<\/em>. Al\u00e9m disso, mais de 66 mil medicamentos \u00e0 base de <em>Cannabis<\/em> foram importados em 2021. Cerca de 50 pa\u00edses j\u00e1 regulamentaram o uso medicinal e industrial da <em>Cannabis<\/em> e do C\u00e2nhamo.<\/p>\n<p style=\"text-align: justify;\">&#8220;Os pacientes prometem entregar artigos cient\u00edficos sobre medicina canabinoide baseada em evid\u00eancias em m\u00e3os ao CFM e esperam ser recebidos por um representante do colegiado. Al\u00e9m disso, vamos entregar abaixo assinado com mais de 100 mil assinaturas pedindo a revoga\u00e7\u00e3o da resolu\u00e7\u00e3o&#8221;, afirma a jornalista Manuela Borges, paciente e fundadora da InformaCANN, uma rede de apoio aos pacientes que usam\u00a0<em>Cannabis<\/em> medicinal.<\/p>\n<h2 style=\"text-align: justify;\">Protesto<\/h2>\n<p style=\"text-align: justify;\">Pacientes que usam a <em>Cannabis<\/em> medicinal tamb\u00e9m marcaram um protesto silencioso nesta sexta-feira (21), na sede do CFM, em Bras\u00edlia, contra a resolu\u00e7\u00e3o. Segundo a Associa\u00e7\u00e3o Pan-Americana de Medicina Canabinoide, as supostas evid\u00eancias cient\u00edficas listadas pelo CFM na norma se restringiram a estudos publicados h\u00e1 mais de 8 anos e n\u00e3o atualizou os achados da academia mais recentes, citando a PubMed, uma das maiores bases de dados da biomedicina do mundo.<\/p>\n<p style=\"text-align: justify;\">&#8220;Atualmente, h\u00e1 quase 30 mil pesquisas sobre o uso medicinal da <em>Cannabis<\/em> s\u00f3 na PubMed, sem mencionar outras bases de dados cient\u00edficos. No site \u00e9 poss\u00edvel verificar que entre 2018 e 2022, foram produzidos cerca de 10 mil artigos cient\u00edficos sobre o uso medicinal da <em>Cannabis<\/em>. Mas, ao que tudo indica, as pesquisas que embasam a regulamenta\u00e7\u00e3o da <em>Cannabis<\/em> em mais de 50 pa\u00edses ainda s\u00e3o desconhecidas pelos conselheiros do CFM&#8221;, diz nota de pacientes e representantes de entidades da sociedade civil.<\/p>\n","protected":false},"excerpt":{"rendered":"<p>Em meio \u00e0s rea\u00e7\u00f5es contra a resolu\u00e7\u00e3o do Conselho Federal de Medicina (CFM), que estabelece novas regras para a prescri\u00e7\u00e3o de medicamentos \u00e0 base do canabidiol, um derivado da Cannabis, a autarquia federal decidiu nesta quinta-feira (20) abrir consulta p\u00fablica \u00e0 popula\u00e7\u00e3o sobre o assunto. Em nota, o CFM informou que esta etapa ocorrer\u00e1 de [&hellip;]<\/p>\n","protected":false},"author":1,"featured_media":44347,"comment_status":"closed","ping_status":"open","sticky":false,"template":"","format":"standard","meta":{"_uag_custom_page_level_css":"","_monsterinsights_skip_tracking":false,"_monsterinsights_sitenote_active":false,"_monsterinsights_sitenote_note":"","_monsterinsights_sitenote_category":0,"jetpack_post_was_ever_published":false,"_jetpack_newsletter_access":"","_jetpack_dont_email_post_to_subs":false,"_jetpack_newsletter_tier_id":0,"_jetpack_memberships_contains_paywalled_content":false,"_jetpack_memberships_contains_paid_content":false,"footnotes":"","jetpack_publicize_message":"","jetpack_publicize_feature_enabled":true,"jetpack_social_post_already_shared":true,"jetpack_social_options":{"image_generator_settings":{"template":"highway","default_image_id":0,"font":"","enabled":false},"version":2}},"categories":[205],"tags":[5081],"class_list":["post-44346","post","type-post","status-publish","format-standard","has-post-thumbnail","hentry","category-saude","tag-plantas-medicinais"],"jetpack_publicize_connections":[],"jetpack_featured_media_url":"https:\/\/blogopara.com.br\/wp-content\/uploads\/2022\/10\/canabidiol.jpg","uagb_featured_image_src":{"full":["https:\/\/blogopara.com.br\/wp-content\/uploads\/2022\/10\/canabidiol.jpg",500,299,false],"thumbnail":["https:\/\/blogopara.com.br\/wp-content\/uploads\/2022\/10\/canabidiol-150x150.jpg",150,150,true],"medium":["https:\/\/blogopara.com.br\/wp-content\/uploads\/2022\/10\/canabidiol-300x179.jpg",300,179,true],"medium_large":["https:\/\/blogopara.com.br\/wp-content\/uploads\/2022\/10\/canabidiol.jpg",500,299,false],"large":["https:\/\/blogopara.com.br\/wp-content\/uploads\/2022\/10\/canabidiol.jpg",500,299,false],"1536x1536":["https:\/\/blogopara.com.br\/wp-content\/uploads\/2022\/10\/canabidiol.jpg",500,299,false],"2048x2048":["https:\/\/blogopara.com.br\/wp-content\/uploads\/2022\/10\/canabidiol.jpg",500,299,false],"mantranews-slider-large":["https:\/\/blogopara.com.br\/wp-content\/uploads\/2022\/10\/canabidiol.jpg",500,299,false],"mantranews-featured-medium":["https:\/\/blogopara.com.br\/wp-content\/uploads\/2022\/10\/canabidiol-420x299.jpg",420,299,true],"mantranews-featured-long":["https:\/\/blogopara.com.br\/wp-content\/uploads\/2022\/10\/canabidiol-300x299.jpg",300,299,true],"mantranews-block-medium":["https:\/\/blogopara.com.br\/wp-content\/uploads\/2022\/10\/canabidiol-464x290.jpg",464,290,true],"mantranews-carousel-image":["https:\/\/blogopara.com.br\/wp-content\/uploads\/2022\/10\/canabidiol.jpg",500,299,false],"mantranews-block-thumb":["https:\/\/blogopara.com.br\/wp-content\/uploads\/2022\/10\/canabidiol-322x230.jpg",322,230,true],"mantranews-single-large":["https:\/\/blogopara.com.br\/wp-content\/uploads\/2022\/10\/canabidiol.jpg",500,299,false]},"uagb_author_info":{"display_name":"Reda\u00e7\u00e3o geral","author_link":"https:\/\/blogopara.com.br\/index.php\/author\/blogopara"},"uagb_comment_info":0,"uagb_excerpt":"Em meio \u00e0s rea\u00e7\u00f5es contra a resolu\u00e7\u00e3o do Conselho Federal de Medicina (CFM), que estabelece novas regras para a prescri\u00e7\u00e3o de medicamentos \u00e0 base do canabidiol, um derivado da Cannabis, a autarquia federal decidiu nesta quinta-feira (20) abrir consulta p\u00fablica \u00e0 popula\u00e7\u00e3o sobre o assunto. Em nota, o CFM informou que esta etapa ocorrer\u00e1 de&hellip;","jetpack_sharing_enabled":true,"jetpack_likes_enabled":true,"_links":{"self":[{"href":"https:\/\/blogopara.com.br\/index.php\/wp-json\/wp\/v2\/posts\/44346","targetHints":{"allow":["GET"]}}],"collection":[{"href":"https:\/\/blogopara.com.br\/index.php\/wp-json\/wp\/v2\/posts"}],"about":[{"href":"https:\/\/blogopara.com.br\/index.php\/wp-json\/wp\/v2\/types\/post"}],"author":[{"embeddable":true,"href":"https:\/\/blogopara.com.br\/index.php\/wp-json\/wp\/v2\/users\/1"}],"replies":[{"embeddable":true,"href":"https:\/\/blogopara.com.br\/index.php\/wp-json\/wp\/v2\/comments?post=44346"}],"version-history":[{"count":1,"href":"https:\/\/blogopara.com.br\/index.php\/wp-json\/wp\/v2\/posts\/44346\/revisions"}],"predecessor-version":[{"id":44348,"href":"https:\/\/blogopara.com.br\/index.php\/wp-json\/wp\/v2\/posts\/44346\/revisions\/44348"}],"wp:featuredmedia":[{"embeddable":true,"href":"https:\/\/blogopara.com.br\/index.php\/wp-json\/wp\/v2\/media\/44347"}],"wp:attachment":[{"href":"https:\/\/blogopara.com.br\/index.php\/wp-json\/wp\/v2\/media?parent=44346"}],"wp:term":[{"taxonomy":"category","embeddable":true,"href":"https:\/\/blogopara.com.br\/index.php\/wp-json\/wp\/v2\/categories?post=44346"},{"taxonomy":"post_tag","embeddable":true,"href":"https:\/\/blogopara.com.br\/index.php\/wp-json\/wp\/v2\/tags?post=44346"}],"curies":[{"name":"wp","href":"https:\/\/api.w.org\/{rel}","templated":true}]}}