{"id":44386,"date":"2022-10-22T17:38:00","date_gmt":"2022-10-22T20:38:00","guid":{"rendered":"https:\/\/blogopara.com.br\/?p=44386"},"modified":"2022-10-21T20:23:08","modified_gmt":"2022-10-21T23:23:08","slug":"criancas-atendidas-pelo-espaco-humanizar-em-juazeiro-participam-de-evento-ludico-e-recreativo-e-pais-aprovam-iniciativa","status":"publish","type":"post","link":"https:\/\/blogopara.com.br\/index.php\/2022\/10\/22\/criancas-atendidas-pelo-espaco-humanizar-em-juazeiro-participam-de-evento-ludico-e-recreativo-e-pais-aprovam-iniciativa","title":{"rendered":"Crian\u00e7as atendidas pelo Espa\u00e7o Humanizar em Juazeiro participam de evento l\u00fadico e recreativo e pais aprovam iniciativa"},"content":{"rendered":"<p style=\"text-align: justify;\">As crian\u00e7as da rede municipal de ensino atendidas no Espa\u00e7o Humanizar, vinculado \u00e0 Secretaria de Educa\u00e7\u00e3o e Juventude (Seduc) de Juazeiro, participaram nesta sexta-feira (21), de um momento recreativo alusivo ao m\u00eas em que se comemora o Dia das Crian\u00e7as, o \u201cBrincart \u2013 Brincadeira e Arte\u201d. A a\u00e7\u00e3o contou com uma programa\u00e7\u00e3o diversificada e muita alegria e empolga\u00e7\u00e3o dos pequenos, com a realiza\u00e7\u00e3o das atividades na sede do Espa\u00e7o.<\/p>\n<p>Com o apoio das equipes multiprofissionais, as crian\u00e7as participaram de momentos com maquiagem art\u00edstica, banho de piscina, cineminha e distribui\u00e7\u00e3o de lanches e guloseimas, e ainda, momentos l\u00fadicos com palha\u00e7o.<\/p>\n<p>Thailane Laurentino \u00e9 m\u00e3e do pequeno Alef Diego e aprovou a iniciativa. Ela destacou a empolga\u00e7\u00e3o do filho para participar da programa\u00e7\u00e3o. \u201cDesde o dia anterior que ele est\u00e1 muito empolgado e ansios\u00edssimo\u201d, explicou Thailane, que tamb\u00e9m ressaltou a import\u00e2ncia do atendimento que o filho recebe no Espa\u00e7o Humanizar. \u201cO comportamento do meu filho mudou bastante\u201d, finalizou.<\/p>\n<p>Valquiria da Concei\u00e7\u00e3o \u00e9 m\u00e3e de Ana Helo\u00e1, que tamb\u00e9m participou do evento. Ela destacou a felicidade da filha com a participa\u00e7\u00e3o nas atividades l\u00fadicas. \u201cEla est\u00e1 feliz demais. Quando soube que ia ter o evento, com piscina e tudo, eu falei para ela, que ficou super empolgada. Eu tamb\u00e9m estou feliz por ver minha filha feliz. Foi \u00f3timo, perfeito\u201d, concluiu a m\u00e3e.<\/p>\n<p>A programa\u00e7\u00e3o tamb\u00e9m contou com atividades voltadas para os pais, como o atendimento terap\u00eautico coletivo.<\/p>\n","protected":false},"excerpt":{"rendered":"<p>As crian\u00e7as da rede municipal de ensino atendidas no Espa\u00e7o Humanizar, vinculado \u00e0 Secretaria de Educa\u00e7\u00e3o e Juventude (Seduc) de Juazeiro, participaram nesta sexta-feira (21), de um momento recreativo alusivo ao m\u00eas em que se comemora o Dia das Crian\u00e7as, o \u201cBrincart \u2013 Brincadeira e Arte\u201d. A a\u00e7\u00e3o contou com uma programa\u00e7\u00e3o diversificada e muita [&hellip;]<\/p>\n","protected":false},"author":1,"featured_media":44387,"comment_status":"closed","ping_status":"open","sticky":false,"template":"","format":"standard","meta":{"_uag_custom_page_level_css":"","_monsterinsights_skip_tracking":false,"_monsterinsights_sitenote_active":false,"_monsterinsights_sitenote_note":"","_monsterinsights_sitenote_category":0,"jetpack_post_was_ever_published":false,"_jetpack_newsletter_access":"","_jetpack_dont_email_post_to_subs":false,"_jetpack_newsletter_tier_id":0,"_jetpack_memberships_contains_paywalled_content":false,"_jetpack_memberships_contains_paid_content":false,"footnotes":"","jetpack_publicize_message":"","jetpack_publicize_feature_enabled":true,"jetpack_social_post_already_shared":true,"jetpack_social_options":{"image_generator_settings":{"template":"highway","default_image_id":0,"font":"","enabled":false},"version":2}},"categories":[203],"tags":[340],"class_list":["post-44386","post","type-post","status-publish","format-standard","has-post-thumbnail","hentry","category-juazeiro","tag-prefeitura-de-juazeiro"],"jetpack_publicize_connections":[],"jetpack_featured_media_url":"https:\/\/blogopara.com.br\/wp-content\/uploads\/2022\/10\/DIA-DAS-CRIANCAS-HUMANIZAR-NAPSI-1.jpg","uagb_featured_image_src":{"full":["https:\/\/blogopara.com.br\/wp-content\/uploads\/2022\/10\/DIA-DAS-CRIANCAS-HUMANIZAR-NAPSI-1.jpg",500,333,false],"thumbnail":["https:\/\/blogopara.com.br\/wp-content\/uploads\/2022\/10\/DIA-DAS-CRIANCAS-HUMANIZAR-NAPSI-1-150x150.jpg",150,150,true],"medium":["https:\/\/blogopara.com.br\/wp-content\/uploads\/2022\/10\/DIA-DAS-CRIANCAS-HUMANIZAR-NAPSI-1-300x200.jpg",300,200,true],"medium_large":["https:\/\/blogopara.com.br\/wp-content\/uploads\/2022\/10\/DIA-DAS-CRIANCAS-HUMANIZAR-NAPSI-1.jpg",500,333,false],"large":["https:\/\/blogopara.com.br\/wp-content\/uploads\/2022\/10\/DIA-DAS-CRIANCAS-HUMANIZAR-NAPSI-1.jpg",500,333,false],"1536x1536":["https:\/\/blogopara.com.br\/wp-content\/uploads\/2022\/10\/DIA-DAS-CRIANCAS-HUMANIZAR-NAPSI-1.jpg",500,333,false],"2048x2048":["https:\/\/blogopara.com.br\/wp-content\/uploads\/2022\/10\/DIA-DAS-CRIANCAS-HUMANIZAR-NAPSI-1.jpg",500,333,false],"mantranews-slider-large":["https:\/\/blogopara.com.br\/wp-content\/uploads\/2022\/10\/DIA-DAS-CRIANCAS-HUMANIZAR-NAPSI-1.jpg",500,333,false],"mantranews-featured-medium":["https:\/\/blogopara.com.br\/wp-content\/uploads\/2022\/10\/DIA-DAS-CRIANCAS-HUMANIZAR-NAPSI-1-420x307.jpg",420,307,true],"mantranews-featured-long":["https:\/\/blogopara.com.br\/wp-content\/uploads\/2022\/10\/DIA-DAS-CRIANCAS-HUMANIZAR-NAPSI-1-300x333.jpg",300,333,true],"mantranews-block-medium":["https:\/\/blogopara.com.br\/wp-content\/uploads\/2022\/10\/DIA-DAS-CRIANCAS-HUMANIZAR-NAPSI-1-464x290.jpg",464,290,true],"mantranews-carousel-image":["https:\/\/blogopara.com.br\/wp-content\/uploads\/2022\/10\/DIA-DAS-CRIANCAS-HUMANIZAR-NAPSI-1.jpg",500,333,false],"mantranews-block-thumb":["https:\/\/blogopara.com.br\/wp-content\/uploads\/2022\/10\/DIA-DAS-CRIANCAS-HUMANIZAR-NAPSI-1-322x230.jpg",322,230,true],"mantranews-single-large":["https:\/\/blogopara.com.br\/wp-content\/uploads\/2022\/10\/DIA-DAS-CRIANCAS-HUMANIZAR-NAPSI-1.jpg",500,333,false]},"uagb_author_info":{"display_name":"Reda\u00e7\u00e3o geral","author_link":"https:\/\/blogopara.com.br\/index.php\/author\/blogopara"},"uagb_comment_info":0,"uagb_excerpt":"As crian\u00e7as da rede municipal de ensino atendidas no Espa\u00e7o Humanizar, vinculado \u00e0 Secretaria de Educa\u00e7\u00e3o e Juventude (Seduc) de Juazeiro, participaram nesta sexta-feira (21), de um momento recreativo alusivo ao m\u00eas em que se comemora o Dia das Crian\u00e7as, o \u201cBrincart \u2013 Brincadeira e Arte\u201d. A a\u00e7\u00e3o contou com uma programa\u00e7\u00e3o diversificada e muita&hellip;","jetpack_sharing_enabled":true,"jetpack_likes_enabled":true,"_links":{"self":[{"href":"https:\/\/blogopara.com.br\/index.php\/wp-json\/wp\/v2\/posts\/44386","targetHints":{"allow":["GET"]}}],"collection":[{"href":"https:\/\/blogopara.com.br\/index.php\/wp-json\/wp\/v2\/posts"}],"about":[{"href":"https:\/\/blogopara.com.br\/index.php\/wp-json\/wp\/v2\/types\/post"}],"author":[{"embeddable":true,"href":"https:\/\/blogopara.com.br\/index.php\/wp-json\/wp\/v2\/users\/1"}],"replies":[{"embeddable":true,"href":"https:\/\/blogopara.com.br\/index.php\/wp-json\/wp\/v2\/comments?post=44386"}],"version-history":[{"count":1,"href":"https:\/\/blogopara.com.br\/index.php\/wp-json\/wp\/v2\/posts\/44386\/revisions"}],"predecessor-version":[{"id":44388,"href":"https:\/\/blogopara.com.br\/index.php\/wp-json\/wp\/v2\/posts\/44386\/revisions\/44388"}],"wp:featuredmedia":[{"embeddable":true,"href":"https:\/\/blogopara.com.br\/index.php\/wp-json\/wp\/v2\/media\/44387"}],"wp:attachment":[{"href":"https:\/\/blogopara.com.br\/index.php\/wp-json\/wp\/v2\/media?parent=44386"}],"wp:term":[{"taxonomy":"category","embeddable":true,"href":"https:\/\/blogopara.com.br\/index.php\/wp-json\/wp\/v2\/categories?post=44386"},{"taxonomy":"post_tag","embeddable":true,"href":"https:\/\/blogopara.com.br\/index.php\/wp-json\/wp\/v2\/tags?post=44386"}],"curies":[{"name":"wp","href":"https:\/\/api.w.org\/{rel}","templated":true}]}}