{"id":44392,"date":"2022-10-22T09:42:00","date_gmt":"2022-10-22T12:42:00","guid":{"rendered":"https:\/\/blogopara.com.br\/?p=44392"},"modified":"2022-10-21T20:52:00","modified_gmt":"2022-10-21T23:52:00","slug":"mauricio-de-sousa-recebe-premio-catedra-unesco-por-estimulo-a-leitura","status":"publish","type":"post","link":"https:\/\/blogopara.com.br\/index.php\/2022\/10\/22\/mauricio-de-sousa-recebe-premio-catedra-unesco-por-estimulo-a-leitura","title":{"rendered":"Mauricio de Sousa recebe pr\u00eamio C\u00e1tedra Unesco por est\u00edmulo \u00e0 leitura"},"content":{"rendered":"<p style=\"text-align: justify;\">O quadrinhista Mauricio de Sousa recebeu nesta sexta feira (21) uma homenagem da c\u00e1tedra Unesco de Leitura da Pontif\u00edcia Universidade Cat\u00f3lica do Rio de Janeiro (PUC-Rio), em reconhecimento ao est\u00edmulo \u00e0 leitura de v\u00e1rias gera\u00e7\u00f5es no pa\u00eds.<img decoding=\"async\" src=\"https:\/\/agenciabrasil.ebc.com.br\/ebc.png?id=1489513&amp;o=node\" \/><img decoding=\"async\" src=\"https:\/\/agenciabrasil.ebc.com.br\/ebc.gif?id=1489513&amp;o=node\" \/><\/p>\n<p style=\"text-align: justify;\">Para a coordenadora de Educa\u00e7\u00e3o da Organiza\u00e7\u00e3o das Na\u00e7\u00f5es Unidas para a Educa\u00e7\u00e3o, a Ci\u00eancia e a Cultura (Unesco) no Brasil, Rebeca Otero, os personagens e as hist\u00f3rias que Maur\u00edcio de Sousa criou ao longo de sua carreira contribu\u00edram para a forma\u00e7\u00e3o de leitores de muitas gera\u00e7\u00f5es.<\/p>\n<p style=\"text-align: justify;\">\u00c9 o caso do ilustrador Rafael Feitosa. Ele inclusive escolheu a profiss\u00e3o inspirado nas hist\u00f3rias em quadrinhos do Mauricio de Sousa que lia quando crian\u00e7a e hoje l\u00ea as revistinhas para sua filha Sofia.<\/p>\n<p style=\"text-align: justify;\">Segurando o ic\u00f4nico coelho azul de pel\u00facia, a filha de Rafael, Sofia, de 5 anos, contou qual o\u00a0personagem favorito\u00a0da Turma da M\u00f4nica.<\/p>\n<p style=\"text-align: justify;\">Nascido em 27 de outubro de 1935 em Santa Isabel, interior de S\u00e3o Paulo, Mauricio de Sousa come\u00e7ou cedo a carreira de ilustrador. Aos 19 anos, j\u00e1 fazia quadrinhos para jornais locais de Mogi das Cruzes, cidade da Grande S\u00e3o Paulo. Em 1959, publicou uma tirinha vertical, trazendo &#8211; pela primeira vez &#8211; como personagem o c\u00e3o azul Bidu. Em 1962, criou a personagem M\u00f4nica. E, nos anos 1970, publicou a primeira revista em quadrinhos da Turma da M\u00f4nica.<\/p>\n","protected":false},"excerpt":{"rendered":"<p>O quadrinhista Mauricio de Sousa recebeu nesta sexta feira (21) uma homenagem da c\u00e1tedra Unesco de Leitura da Pontif\u00edcia Universidade Cat\u00f3lica do Rio de Janeiro (PUC-Rio), em reconhecimento ao est\u00edmulo \u00e0 leitura de v\u00e1rias gera\u00e7\u00f5es no pa\u00eds. Para a coordenadora de Educa\u00e7\u00e3o da Organiza\u00e7\u00e3o das Na\u00e7\u00f5es Unidas para a Educa\u00e7\u00e3o, a Ci\u00eancia e a Cultura [&hellip;]<\/p>\n","protected":false},"author":1,"featured_media":44393,"comment_status":"closed","ping_status":"open","sticky":false,"template":"","format":"standard","meta":{"_uag_custom_page_level_css":"","_monsterinsights_skip_tracking":false,"_monsterinsights_sitenote_active":false,"_monsterinsights_sitenote_note":"","_monsterinsights_sitenote_category":0,"jetpack_post_was_ever_published":false,"_jetpack_newsletter_access":"","_jetpack_dont_email_post_to_subs":false,"_jetpack_newsletter_tier_id":0,"_jetpack_memberships_contains_paywalled_content":false,"_jetpack_memberships_contains_paid_content":false,"footnotes":"","jetpack_publicize_message":"","jetpack_publicize_feature_enabled":true,"jetpack_social_post_already_shared":true,"jetpack_social_options":{"image_generator_settings":{"template":"highway","default_image_id":0,"font":"","enabled":false},"version":2}},"categories":[203],"tags":[134,2757],"class_list":["post-44392","post","type-post","status-publish","format-standard","has-post-thumbnail","hentry","category-juazeiro","tag-cultura","tag-educacao"],"jetpack_publicize_connections":[],"jetpack_featured_media_url":"https:\/\/blogopara.com.br\/wp-content\/uploads\/2022\/10\/pzzb1159.jpg","uagb_featured_image_src":{"full":["https:\/\/blogopara.com.br\/wp-content\/uploads\/2022\/10\/pzzb1159.jpg",500,299,false],"thumbnail":["https:\/\/blogopara.com.br\/wp-content\/uploads\/2022\/10\/pzzb1159-150x150.jpg",150,150,true],"medium":["https:\/\/blogopara.com.br\/wp-content\/uploads\/2022\/10\/pzzb1159-300x179.jpg",300,179,true],"medium_large":["https:\/\/blogopara.com.br\/wp-content\/uploads\/2022\/10\/pzzb1159.jpg",500,299,false],"large":["https:\/\/blogopara.com.br\/wp-content\/uploads\/2022\/10\/pzzb1159.jpg",500,299,false],"1536x1536":["https:\/\/blogopara.com.br\/wp-content\/uploads\/2022\/10\/pzzb1159.jpg",500,299,false],"2048x2048":["https:\/\/blogopara.com.br\/wp-content\/uploads\/2022\/10\/pzzb1159.jpg",500,299,false],"mantranews-slider-large":["https:\/\/blogopara.com.br\/wp-content\/uploads\/2022\/10\/pzzb1159.jpg",500,299,false],"mantranews-featured-medium":["https:\/\/blogopara.com.br\/wp-content\/uploads\/2022\/10\/pzzb1159-420x299.jpg",420,299,true],"mantranews-featured-long":["https:\/\/blogopara.com.br\/wp-content\/uploads\/2022\/10\/pzzb1159-300x299.jpg",300,299,true],"mantranews-block-medium":["https:\/\/blogopara.com.br\/wp-content\/uploads\/2022\/10\/pzzb1159-464x290.jpg",464,290,true],"mantranews-carousel-image":["https:\/\/blogopara.com.br\/wp-content\/uploads\/2022\/10\/pzzb1159.jpg",500,299,false],"mantranews-block-thumb":["https:\/\/blogopara.com.br\/wp-content\/uploads\/2022\/10\/pzzb1159-322x230.jpg",322,230,true],"mantranews-single-large":["https:\/\/blogopara.com.br\/wp-content\/uploads\/2022\/10\/pzzb1159.jpg",500,299,false]},"uagb_author_info":{"display_name":"Reda\u00e7\u00e3o geral","author_link":"https:\/\/blogopara.com.br\/index.php\/author\/blogopara"},"uagb_comment_info":0,"uagb_excerpt":"O quadrinhista Mauricio de Sousa recebeu nesta sexta feira (21) uma homenagem da c\u00e1tedra Unesco de Leitura da Pontif\u00edcia Universidade Cat\u00f3lica do Rio de Janeiro (PUC-Rio), em reconhecimento ao est\u00edmulo \u00e0 leitura de v\u00e1rias gera\u00e7\u00f5es no pa\u00eds. Para a coordenadora de Educa\u00e7\u00e3o da Organiza\u00e7\u00e3o das Na\u00e7\u00f5es Unidas para a Educa\u00e7\u00e3o, a Ci\u00eancia e a Cultura&hellip;","jetpack_sharing_enabled":true,"jetpack_likes_enabled":true,"_links":{"self":[{"href":"https:\/\/blogopara.com.br\/index.php\/wp-json\/wp\/v2\/posts\/44392","targetHints":{"allow":["GET"]}}],"collection":[{"href":"https:\/\/blogopara.com.br\/index.php\/wp-json\/wp\/v2\/posts"}],"about":[{"href":"https:\/\/blogopara.com.br\/index.php\/wp-json\/wp\/v2\/types\/post"}],"author":[{"embeddable":true,"href":"https:\/\/blogopara.com.br\/index.php\/wp-json\/wp\/v2\/users\/1"}],"replies":[{"embeddable":true,"href":"https:\/\/blogopara.com.br\/index.php\/wp-json\/wp\/v2\/comments?post=44392"}],"version-history":[{"count":1,"href":"https:\/\/blogopara.com.br\/index.php\/wp-json\/wp\/v2\/posts\/44392\/revisions"}],"predecessor-version":[{"id":44394,"href":"https:\/\/blogopara.com.br\/index.php\/wp-json\/wp\/v2\/posts\/44392\/revisions\/44394"}],"wp:featuredmedia":[{"embeddable":true,"href":"https:\/\/blogopara.com.br\/index.php\/wp-json\/wp\/v2\/media\/44393"}],"wp:attachment":[{"href":"https:\/\/blogopara.com.br\/index.php\/wp-json\/wp\/v2\/media?parent=44392"}],"wp:term":[{"taxonomy":"category","embeddable":true,"href":"https:\/\/blogopara.com.br\/index.php\/wp-json\/wp\/v2\/categories?post=44392"},{"taxonomy":"post_tag","embeddable":true,"href":"https:\/\/blogopara.com.br\/index.php\/wp-json\/wp\/v2\/tags?post=44392"}],"curies":[{"name":"wp","href":"https:\/\/api.w.org\/{rel}","templated":true}]}}