{"id":44412,"date":"2022-10-22T19:40:00","date_gmt":"2022-10-22T22:40:00","guid":{"rendered":"https:\/\/blogopara.com.br\/?p=44412"},"modified":"2022-10-21T22:44:05","modified_gmt":"2022-10-22T01:44:05","slug":"na-semana-de-ciencia-e-tecnologia-prefeitura-de-petrolina-expoe-projetos-inovadores-e-consolida-parcerias","status":"publish","type":"post","link":"https:\/\/blogopara.com.br\/index.php\/2022\/10\/22\/na-semana-de-ciencia-e-tecnologia-prefeitura-de-petrolina-expoe-projetos-inovadores-e-consolida-parcerias","title":{"rendered":"Na Semana de Ci\u00eancia e Tecnologia, Prefeitura de Petrolina exp\u00f5e projetos inovadores e consolida parcerias"},"content":{"rendered":"<p style=\"text-align: justify;\">A revolu\u00e7\u00e3o ocasionada pela chegada da Educa\u00e7\u00e3o 5.0 foi a principal tem\u00e1tica impulsionadora da 11\u00aa edi\u00e7\u00e3o da Semana Municipal de Ci\u00eancia e Tecnologia durante essa semana. Promovida pela Prefeitura de Petrolina, por meio da Secretaria de Educa\u00e7\u00e3o, Cultura e Esportes, o evento contou com palestras e oficinas capitaneadas por nomes importantes do cen\u00e1rio nacional e regional, al\u00e9m de uma Feira de Ci\u00eancias com experimentos confeccionados pelos estudantes da rede municipal e apresenta\u00e7\u00f5es culturais.<\/p>\n<p style=\"text-align: justify;\">A iniciativa contou com a parceria da Vivo Telef\u00f4nica, Ita\u00fa Social, Rede de Ensino e Pesquisa (RNP), Big Brain, Sincroniza Educa\u00e7\u00e3o, Ensina Brasil, Instituto de Assuntos Avan\u00e7ados-USP, Maia Educacional, Universidade de Pernambuco (UPE) e Instituto Federal do Sert\u00e3o Pernambucano Campus Petrolina. Para a coordenadora do N\u00facleo de Tecnologia da Secretaria de Educa\u00e7\u00e3o, Cultura e Esportes, Arlete Reges, o evento foi um grande sucesso de p\u00fablico e participa\u00e7\u00e3o.<\/p>\n<p style=\"text-align: justify;\">\u201c<em>Para a realiza\u00e7\u00e3o da Semana de Ci\u00eancia e Tecnologia trouxemos a nossa rede para apresentar as suas produ\u00e7\u00f5es usando as tecnologias adquiridas pela gest\u00e3o municipal. Houve tamb\u00e9m a Feira de Ci\u00eancias, onde os alunos tiveram a oportunidade de demonstrar os conhecimentos adquiridos por meio da pesquisa e experimenta\u00e7\u00e3o. Finalizamos esse evento felizes e realizados, porque fizemos o melhor para nossa rede, com o incentivo do prefeito Sim\u00e3o Durando<\/em>\u201d, destacou Arlete.<\/p>\n<p style=\"text-align: justify;\">O ponto alto do evento foi a consolida\u00e7\u00e3o da parceria entre a Prefeitura de Petrolina com a Funda\u00e7\u00e3o Telef\u00f4nica Vivo, que j\u00e1 est\u00e1 ofertando forma\u00e7\u00f5es on-line para professores da Rede Municipal por meio da plataforma \u2018Escolas Conectadas\u2019, com o objetivo de transformar as pr\u00e1ticas pedag\u00f3gicas dos docentes e com foco na recomposi\u00e7\u00e3o da aprendizagem dos estudantes. E a parceria com o grupo Mathema, que vai promover forma\u00e7\u00f5es para os educadores na \u00e1rea de matem\u00e1tica a partir de 2023.<\/p>\n<p style=\"text-align: justify;\"><strong>A Educa\u00e7\u00e3o 5.0 em Petrolina<\/strong><\/p>\n<p style=\"text-align: justify;\">A Prefeitura de Petrolina est\u00e1 implementando essa metodologia na rede de ensino com investimentos em ferramentas tecnol\u00f3gicas e a\u00e7\u00f5es de inova\u00e7\u00e3o, que colocam os estudantes em um contexto colaborativo de aprendizagem com foco na resolu\u00e7\u00e3o de problemas, para promover o seu desenvolvimento socioemocional e a sua integra\u00e7\u00e3o com o vasto mundo da tecnologia. Dentro dos diversos investimentos e melhorias, o munic\u00edpio adquiriu 126 mesas interativas \u201cPlayTables\u201d; implementa\u00e7\u00e3o do Minecraft Educacional na Escola Municipal Walter Gil, no bairro Mandacaru; contemplou 926 alunos do 3\u00ba ao 9\u00b0 ano da escola Santa Terezinha, no Bairro Dom Avelar, com chip de banda larga m\u00f3vel. Todas as unidades educacionais possuem Wi-fi, com acesso liberado para estudantes e profissionais da Educa\u00e7\u00e3o, entre v\u00e1rias outras conquistas.<\/p>\n","protected":false},"excerpt":{"rendered":"<p>A revolu\u00e7\u00e3o ocasionada pela chegada da Educa\u00e7\u00e3o 5.0 foi a principal tem\u00e1tica impulsionadora da 11\u00aa edi\u00e7\u00e3o da Semana Municipal de Ci\u00eancia e Tecnologia durante essa semana. Promovida pela Prefeitura de Petrolina, por meio da Secretaria de Educa\u00e7\u00e3o, Cultura e Esportes, o evento contou com palestras e oficinas capitaneadas por nomes importantes do cen\u00e1rio nacional e [&hellip;]<\/p>\n","protected":false},"author":1,"featured_media":44413,"comment_status":"closed","ping_status":"open","sticky":false,"template":"","format":"standard","meta":{"_uag_custom_page_level_css":"","_monsterinsights_skip_tracking":false,"_monsterinsights_sitenote_active":false,"_monsterinsights_sitenote_note":"","_monsterinsights_sitenote_category":0,"jetpack_post_was_ever_published":false,"_jetpack_newsletter_access":"","_jetpack_dont_email_post_to_subs":false,"_jetpack_newsletter_tier_id":0,"_jetpack_memberships_contains_paywalled_content":false,"_jetpack_memberships_contains_paid_content":false,"footnotes":"","jetpack_publicize_message":"","jetpack_publicize_feature_enabled":true,"jetpack_social_post_already_shared":true,"jetpack_social_options":{"image_generator_settings":{"template":"highway","default_image_id":0,"font":"","enabled":false},"version":2}},"categories":[851],"tags":[4280],"class_list":["post-44412","post","type-post","status-publish","format-standard","has-post-thumbnail","hentry","category-petrolina","tag-ciencia-e-tecnologia"],"jetpack_publicize_connections":[],"jetpack_featured_media_url":"https:\/\/blogopara.com.br\/wp-content\/uploads\/2022\/10\/semana3.jpg","uagb_featured_image_src":{"full":["https:\/\/blogopara.com.br\/wp-content\/uploads\/2022\/10\/semana3.jpg",500,333,false],"thumbnail":["https:\/\/blogopara.com.br\/wp-content\/uploads\/2022\/10\/semana3-150x150.jpg",150,150,true],"medium":["https:\/\/blogopara.com.br\/wp-content\/uploads\/2022\/10\/semana3-300x200.jpg",300,200,true],"medium_large":["https:\/\/blogopara.com.br\/wp-content\/uploads\/2022\/10\/semana3.jpg",500,333,false],"large":["https:\/\/blogopara.com.br\/wp-content\/uploads\/2022\/10\/semana3.jpg",500,333,false],"1536x1536":["https:\/\/blogopara.com.br\/wp-content\/uploads\/2022\/10\/semana3.jpg",500,333,false],"2048x2048":["https:\/\/blogopara.com.br\/wp-content\/uploads\/2022\/10\/semana3.jpg",500,333,false],"mantranews-slider-large":["https:\/\/blogopara.com.br\/wp-content\/uploads\/2022\/10\/semana3.jpg",500,333,false],"mantranews-featured-medium":["https:\/\/blogopara.com.br\/wp-content\/uploads\/2022\/10\/semana3-420x307.jpg",420,307,true],"mantranews-featured-long":["https:\/\/blogopara.com.br\/wp-content\/uploads\/2022\/10\/semana3-300x333.jpg",300,333,true],"mantranews-block-medium":["https:\/\/blogopara.com.br\/wp-content\/uploads\/2022\/10\/semana3-464x290.jpg",464,290,true],"mantranews-carousel-image":["https:\/\/blogopara.com.br\/wp-content\/uploads\/2022\/10\/semana3.jpg",500,333,false],"mantranews-block-thumb":["https:\/\/blogopara.com.br\/wp-content\/uploads\/2022\/10\/semana3-322x230.jpg",322,230,true],"mantranews-single-large":["https:\/\/blogopara.com.br\/wp-content\/uploads\/2022\/10\/semana3.jpg",500,333,false]},"uagb_author_info":{"display_name":"Reda\u00e7\u00e3o geral","author_link":"https:\/\/blogopara.com.br\/index.php\/author\/blogopara"},"uagb_comment_info":0,"uagb_excerpt":"A revolu\u00e7\u00e3o ocasionada pela chegada da Educa\u00e7\u00e3o 5.0 foi a principal tem\u00e1tica impulsionadora da 11\u00aa edi\u00e7\u00e3o da Semana Municipal de Ci\u00eancia e Tecnologia durante essa semana. Promovida pela Prefeitura de Petrolina, por meio da Secretaria de Educa\u00e7\u00e3o, Cultura e Esportes, o evento contou com palestras e oficinas capitaneadas por nomes importantes do cen\u00e1rio nacional e&hellip;","jetpack_sharing_enabled":true,"jetpack_likes_enabled":true,"_links":{"self":[{"href":"https:\/\/blogopara.com.br\/index.php\/wp-json\/wp\/v2\/posts\/44412","targetHints":{"allow":["GET"]}}],"collection":[{"href":"https:\/\/blogopara.com.br\/index.php\/wp-json\/wp\/v2\/posts"}],"about":[{"href":"https:\/\/blogopara.com.br\/index.php\/wp-json\/wp\/v2\/types\/post"}],"author":[{"embeddable":true,"href":"https:\/\/blogopara.com.br\/index.php\/wp-json\/wp\/v2\/users\/1"}],"replies":[{"embeddable":true,"href":"https:\/\/blogopara.com.br\/index.php\/wp-json\/wp\/v2\/comments?post=44412"}],"version-history":[{"count":1,"href":"https:\/\/blogopara.com.br\/index.php\/wp-json\/wp\/v2\/posts\/44412\/revisions"}],"predecessor-version":[{"id":44414,"href":"https:\/\/blogopara.com.br\/index.php\/wp-json\/wp\/v2\/posts\/44412\/revisions\/44414"}],"wp:featuredmedia":[{"embeddable":true,"href":"https:\/\/blogopara.com.br\/index.php\/wp-json\/wp\/v2\/media\/44413"}],"wp:attachment":[{"href":"https:\/\/blogopara.com.br\/index.php\/wp-json\/wp\/v2\/media?parent=44412"}],"wp:term":[{"taxonomy":"category","embeddable":true,"href":"https:\/\/blogopara.com.br\/index.php\/wp-json\/wp\/v2\/categories?post=44412"},{"taxonomy":"post_tag","embeddable":true,"href":"https:\/\/blogopara.com.br\/index.php\/wp-json\/wp\/v2\/tags?post=44412"}],"curies":[{"name":"wp","href":"https:\/\/api.w.org\/{rel}","templated":true}]}}