{"id":44471,"date":"2022-10-24T14:38:00","date_gmt":"2022-10-24T17:38:00","guid":{"rendered":"https:\/\/blogopara.com.br\/?p=44471"},"modified":"2022-10-23T16:56:01","modified_gmt":"2022-10-23T19:56:01","slug":"em-camacari-acm-neto-reforca-confianca-na-vitoria-no-segundo-turno-a-gente-ja-comecou-a-virada","status":"publish","type":"post","link":"https:\/\/blogopara.com.br\/index.php\/2022\/10\/24\/em-camacari-acm-neto-reforca-confianca-na-vitoria-no-segundo-turno-a-gente-ja-comecou-a-virada","title":{"rendered":"Em Cama\u00e7ari, ACM Neto refor\u00e7a confian\u00e7a na vit\u00f3ria no segundo turno: \u201cA gente j\u00e1 come\u00e7ou a virada\u201d"},"content":{"rendered":"<p>O candidato ACM Neto (Uni\u00e3o Brasil) afirmou neste s\u00e1bado (22) que, se fosse ele o governador, jamais teria a postura passiva de Rui Costa (PT) quando Cama\u00e7ari perdeu a f\u00e1brica da Ford, no in\u00edcio de 2021. Neto realizou uma grande carreata na cidade, que durou quatro horas e meia, reuniu milhares de pessoas e refor\u00e7ou a confian\u00e7a dele na vit\u00f3ria, a uma semana do segundo turno.<\/p>\n<p>\u201cSe eu tiver a oportunidade de ser eleito, Cama\u00e7ari vai ter um governador parceiro e amigo, que vai estar ao lado do povo desta cidade. Se eu fosse governador, jamais aceitaria o que Rui Costa aceitou, de ver, por exemplo, o fechamento da Ford sem reagir, sem fazer nada para manter a f\u00e1brica aberta e assim preservar os empregos da RMS e de todo o estado da Bahia\u201d, disse Neto em entrevista na cidade.<\/p>\n<p>Neto disse que tem sentido o desejo por mudan\u00e7a tomando conta dos eleitores. \u201cA gente j\u00e1 come\u00e7ou a virada, estou muito animado com o que tenho visto nos eventos em toda a Bahia. Todo dia estamos fazendo tr\u00eas, quatro cidades de regi\u00f5es diferentes da Bahia, que est\u00e3o nos mostrando a nossa confian\u00e7a na vit\u00f3ria. E \u00e9 com essa confian\u00e7a que n\u00f3s vamos at\u00e9 o dia 30\u201d, disse.<\/p>\n<p>\u201cOs baianos vivem muitos problemas, fruto de 16 anos deste mesmo grupo no comando da Bahia. \u00c9 hora da mudan\u00e7a, eu n\u00e3o tenho d\u00favida que esse sentimento vai prevalecer. N\u00f3s vamos soltar o grito que est\u00e1 preso na nossa garganta h\u00e1 16 anos. Pe\u00e7o ao povo de Cama\u00e7ari que se junte a essa corrente com a convic\u00e7\u00e3o de que, com o nosso voto, a gente pode mudar o futuro da Bahia\u201d, completou.<\/p>\n<p>O prefeito Elinaldo Ara\u00fajo (UB) recebeu Neto, ao lado do vice-prefeito Tude (UB) e de outras lideran\u00e7as da cidade. A carreata reuniu milhares de pessoas no s\u00e1bado \u00e0 noite em Cama\u00e7ari e, como outras que Neto participou em cidades da Bahia, ganhou ares de festa popular. O evento durou quatro horas e meia, percorrendo as principais vias da cidade.<\/p>\n<p>Estavam presentes tamb\u00e9m os prefeitos Pit\u00e1goras (PP), de Candeias, Alberto Castro (PSDB), de Dias D&#8217;\u00c1vila, Ant\u00f4nio Calmon (PP), de S\u00e3o Francisco do Conde, e Duda Leite (PSDB), de Pojuca. Al\u00e9m deles, deputados federais e estaduais que foram eleitos ou que ficaram como suplentes.<\/p>\n<p>Neto destacou o bom trabalho de Elinaldo, apesar do boicote imposto pelo governo do estado desde que a oposi\u00e7\u00e3o desbancou o PT, em 2016. \u201cO prefeito vem fazendo um grande trabalho ao longo desses seis anos. Agora, esse trabalho pode ser ainda mais coroado, com realiza\u00e7\u00f5es ainda mais importantes nos dois \u00faltimos anos, tendo conosco o apoio do governo do estado\u201d, disse.<\/p>\n<p>O candidato agradeceu pelo resultado que teve em Cama\u00e7ari no primeiro turno, quando recebeu mais da metade dos votos. \u201cTenho certeza que nossa vantagem agora no segundo turno vai ser ainda maior. Eu tenho uma gratid\u00e3o muito grande ao povo de Cama\u00e7ari, que me ajudou a ser eleito tr\u00eas vezes deputado federal, e pela hist\u00f3ria que tive, representando essa cidade\u201d, disse.<\/p>\n","protected":false},"excerpt":{"rendered":"<p>O candidato ACM Neto (Uni\u00e3o Brasil) afirmou neste s\u00e1bado (22) que, se fosse ele o governador, jamais teria a postura passiva de Rui Costa (PT) quando Cama\u00e7ari perdeu a f\u00e1brica da Ford, no in\u00edcio de 2021. Neto realizou uma grande carreata na cidade, que durou quatro horas e meia, reuniu milhares de pessoas e refor\u00e7ou [&hellip;]<\/p>\n","protected":false},"author":1,"featured_media":44472,"comment_status":"closed","ping_status":"open","sticky":false,"template":"","format":"standard","meta":{"_uag_custom_page_level_css":"","_monsterinsights_skip_tracking":false,"_monsterinsights_sitenote_active":false,"_monsterinsights_sitenote_note":"","_monsterinsights_sitenote_category":0,"jetpack_post_was_ever_published":false,"_jetpack_newsletter_access":"","_jetpack_dont_email_post_to_subs":false,"_jetpack_newsletter_tier_id":0,"_jetpack_memberships_contains_paywalled_content":false,"_jetpack_memberships_contains_paid_content":false,"footnotes":"","jetpack_publicize_message":"","jetpack_publicize_feature_enabled":true,"jetpack_social_post_already_shared":true,"jetpack_social_options":{"image_generator_settings":{"template":"highway","default_image_id":0,"font":"","enabled":false},"version":2}},"categories":[199,10109],"tags":[1327],"class_list":["post-44471","post","type-post","status-publish","format-standard","has-post-thumbnail","hentry","category-bahia","category-eleicoes-2022","tag-eleicoes-2022"],"jetpack_publicize_connections":[],"jetpack_featured_media_url":"https:\/\/blogopara.com.br\/wp-content\/uploads\/2022\/10\/WhatsApp-Image-2022-10-23-at-13.13.58.jpg","uagb_featured_image_src":{"full":["https:\/\/blogopara.com.br\/wp-content\/uploads\/2022\/10\/WhatsApp-Image-2022-10-23-at-13.13.58.jpg",500,333,false],"thumbnail":["https:\/\/blogopara.com.br\/wp-content\/uploads\/2022\/10\/WhatsApp-Image-2022-10-23-at-13.13.58-150x150.jpg",150,150,true],"medium":["https:\/\/blogopara.com.br\/wp-content\/uploads\/2022\/10\/WhatsApp-Image-2022-10-23-at-13.13.58-300x200.jpg",300,200,true],"medium_large":["https:\/\/blogopara.com.br\/wp-content\/uploads\/2022\/10\/WhatsApp-Image-2022-10-23-at-13.13.58.jpg",500,333,false],"large":["https:\/\/blogopara.com.br\/wp-content\/uploads\/2022\/10\/WhatsApp-Image-2022-10-23-at-13.13.58.jpg",500,333,false],"1536x1536":["https:\/\/blogopara.com.br\/wp-content\/uploads\/2022\/10\/WhatsApp-Image-2022-10-23-at-13.13.58.jpg",500,333,false],"2048x2048":["https:\/\/blogopara.com.br\/wp-content\/uploads\/2022\/10\/WhatsApp-Image-2022-10-23-at-13.13.58.jpg",500,333,false],"mantranews-slider-large":["https:\/\/blogopara.com.br\/wp-content\/uploads\/2022\/10\/WhatsApp-Image-2022-10-23-at-13.13.58.jpg",500,333,false],"mantranews-featured-medium":["https:\/\/blogopara.com.br\/wp-content\/uploads\/2022\/10\/WhatsApp-Image-2022-10-23-at-13.13.58-420x307.jpg",420,307,true],"mantranews-featured-long":["https:\/\/blogopara.com.br\/wp-content\/uploads\/2022\/10\/WhatsApp-Image-2022-10-23-at-13.13.58-300x333.jpg",300,333,true],"mantranews-block-medium":["https:\/\/blogopara.com.br\/wp-content\/uploads\/2022\/10\/WhatsApp-Image-2022-10-23-at-13.13.58-464x290.jpg",464,290,true],"mantranews-carousel-image":["https:\/\/blogopara.com.br\/wp-content\/uploads\/2022\/10\/WhatsApp-Image-2022-10-23-at-13.13.58.jpg",500,333,false],"mantranews-block-thumb":["https:\/\/blogopara.com.br\/wp-content\/uploads\/2022\/10\/WhatsApp-Image-2022-10-23-at-13.13.58-322x230.jpg",322,230,true],"mantranews-single-large":["https:\/\/blogopara.com.br\/wp-content\/uploads\/2022\/10\/WhatsApp-Image-2022-10-23-at-13.13.58.jpg",500,333,false]},"uagb_author_info":{"display_name":"Reda\u00e7\u00e3o geral","author_link":"https:\/\/blogopara.com.br\/index.php\/author\/blogopara"},"uagb_comment_info":0,"uagb_excerpt":"O candidato ACM Neto (Uni\u00e3o Brasil) afirmou neste s\u00e1bado (22) que, se fosse ele o governador, jamais teria a postura passiva de Rui Costa (PT) quando Cama\u00e7ari perdeu a f\u00e1brica da Ford, no in\u00edcio de 2021. Neto realizou uma grande carreata na cidade, que durou quatro horas e meia, reuniu milhares de pessoas e refor\u00e7ou&hellip;","jetpack_sharing_enabled":true,"jetpack_likes_enabled":true,"_links":{"self":[{"href":"https:\/\/blogopara.com.br\/index.php\/wp-json\/wp\/v2\/posts\/44471","targetHints":{"allow":["GET"]}}],"collection":[{"href":"https:\/\/blogopara.com.br\/index.php\/wp-json\/wp\/v2\/posts"}],"about":[{"href":"https:\/\/blogopara.com.br\/index.php\/wp-json\/wp\/v2\/types\/post"}],"author":[{"embeddable":true,"href":"https:\/\/blogopara.com.br\/index.php\/wp-json\/wp\/v2\/users\/1"}],"replies":[{"embeddable":true,"href":"https:\/\/blogopara.com.br\/index.php\/wp-json\/wp\/v2\/comments?post=44471"}],"version-history":[{"count":1,"href":"https:\/\/blogopara.com.br\/index.php\/wp-json\/wp\/v2\/posts\/44471\/revisions"}],"predecessor-version":[{"id":44473,"href":"https:\/\/blogopara.com.br\/index.php\/wp-json\/wp\/v2\/posts\/44471\/revisions\/44473"}],"wp:featuredmedia":[{"embeddable":true,"href":"https:\/\/blogopara.com.br\/index.php\/wp-json\/wp\/v2\/media\/44472"}],"wp:attachment":[{"href":"https:\/\/blogopara.com.br\/index.php\/wp-json\/wp\/v2\/media?parent=44471"}],"wp:term":[{"taxonomy":"category","embeddable":true,"href":"https:\/\/blogopara.com.br\/index.php\/wp-json\/wp\/v2\/categories?post=44471"},{"taxonomy":"post_tag","embeddable":true,"href":"https:\/\/blogopara.com.br\/index.php\/wp-json\/wp\/v2\/tags?post=44471"}],"curies":[{"name":"wp","href":"https:\/\/api.w.org\/{rel}","templated":true}]}}