{"id":44477,"date":"2022-10-24T15:35:00","date_gmt":"2022-10-24T18:35:00","guid":{"rendered":"https:\/\/blogopara.com.br\/?p=44477"},"modified":"2022-10-24T00:14:40","modified_gmt":"2022-10-24T03:14:40","slug":"festival-do-doce-de-leite-de-juremal-agora-e-patrimonio-cultural-imaterial-de-juazeiro-iniciativa-do-vereador-berg-da-carnaiba","status":"publish","type":"post","link":"https:\/\/blogopara.com.br\/index.php\/2022\/10\/24\/festival-do-doce-de-leite-de-juremal-agora-e-patrimonio-cultural-imaterial-de-juazeiro-iniciativa-do-vereador-berg-da-carnaiba","title":{"rendered":"Festival do Doce de Leite de Juremal agora \u00e9 Patrim\u00f4nio Cultural Imaterial de Juazeiro, iniciativa do vereador Berg da Carna\u00edba"},"content":{"rendered":"<p style=\"text-align: justify;\">O Festival do Doce de Leite de Juremal agora \u00e9 Patrim\u00f4nio Cultural Imaterial de Juazeiro, gra\u00e7as a iniciativa do vereador Berg da Carna\u00edba, que atrav\u00e9s do Projeto de Lei n\u00ba3.773\/2022 pede esse reconhecimento do Legislativo municipal.<br \/>\nA festa est\u00e1 em sua 5\u00aa edi\u00e7\u00e3o, come\u00e7a hoje (21) no Distrito e vai at\u00e9 dia 23. H\u00e1 uma expectativa muito grande j\u00e1 que ficou tr\u00eas anos sem sua realiza\u00e7\u00e3o, em fun\u00e7\u00e3o da pandemia. O evento tem o apoio irrestrito do vereador, com realiza\u00e7\u00e3o da Prefeitura de Juazeiro, por meio da Ag\u00eancia de Desenvolvimento Econ\u00f4mico, Agricultura e Pecu\u00e1ria (Adeap) e em parceria com a Comiss\u00e3o Organizadora do Festival.<\/p>\n<p style=\"text-align: justify;\">A Pra\u00e7a Manoel Gon\u00e7alves Neto, na sede do Distrito, j\u00e1 est\u00e1 pronta para a visita\u00e7\u00e3o da popula\u00e7\u00e3o, que ajuda no fortalecimento da economia local e no resgate da cultura nordestina. \u201cAl\u00e9m de resgatar a cultura local, o evento promove a expans\u00e3o do mercado, fomentando a economia com a produ\u00e7\u00e3o da cadeia produtiva do sertanejo\u201d, explica Berg da Carna\u00edba.<\/p>\n<p>O evento conta com a tradicional exposi\u00e7\u00e3o e comercializa\u00e7\u00e3o dos doces e outras iguarias da culin\u00e1ria local e das comunidades circunvizinhas; com a exposi\u00e7\u00e3o e comercializa\u00e7\u00e3o de artesanato e outros produtos; uma programa\u00e7\u00e3o cultural, com shows musicais, coroa\u00e7\u00e3o da Rainha e do Mister do Festival, homenagem ao filhos ilustre de Juremal, o escritor Jos\u00e9 Guilherme da Cunha (Tota); e a degusta\u00e7\u00e3o da raspa do doce de leite no tacho, com p\u00e3o de Ces\u00e1rio.<\/p>\n<p style=\"text-align: justify;\">A novidade desta edi\u00e7\u00e3o \u00e9 o lan\u00e7amento do doce de leite em barra feito a partir do leite de cabra, o lan\u00e7amento do doce de uva ao vinho, al\u00e9m dos doces sem adi\u00e7\u00e3o de a\u00e7\u00facar.<\/p>\n<p>ASCOM presid\u00eancia CMJ<\/p>\n","protected":false},"excerpt":{"rendered":"<p>O Festival do Doce de Leite de Juremal agora \u00e9 Patrim\u00f4nio Cultural Imaterial de Juazeiro, gra\u00e7as a iniciativa do vereador Berg da Carna\u00edba, que atrav\u00e9s do Projeto de Lei n\u00ba3.773\/2022 pede esse reconhecimento do Legislativo municipal. A festa est\u00e1 em sua 5\u00aa edi\u00e7\u00e3o, come\u00e7a hoje (21) no Distrito e vai at\u00e9 dia 23. H\u00e1 uma [&hellip;]<\/p>\n","protected":false},"author":1,"featured_media":44478,"comment_status":"closed","ping_status":"open","sticky":false,"template":"","format":"standard","meta":{"_uag_custom_page_level_css":"","_monsterinsights_skip_tracking":false,"_monsterinsights_sitenote_active":false,"_monsterinsights_sitenote_note":"","_monsterinsights_sitenote_category":0,"jetpack_post_was_ever_published":false,"_jetpack_newsletter_access":"","_jetpack_dont_email_post_to_subs":false,"_jetpack_newsletter_tier_id":0,"_jetpack_memberships_contains_paywalled_content":false,"_jetpack_memberships_contains_paid_content":false,"footnotes":"","jetpack_publicize_message":"","jetpack_publicize_feature_enabled":true,"jetpack_social_post_already_shared":true,"jetpack_social_options":{"image_generator_settings":{"template":"highway","default_image_id":0,"font":"","enabled":false},"version":2}},"categories":[203],"tags":[2126,340],"class_list":["post-44477","post","type-post","status-publish","format-standard","has-post-thumbnail","hentry","category-juazeiro","tag-camara-de-vereadores-de-juazeiro-2","tag-prefeitura-de-juazeiro"],"jetpack_publicize_connections":[],"jetpack_featured_media_url":"https:\/\/blogopara.com.br\/wp-content\/uploads\/2022\/10\/WhatsApp-Image-2022-10-21-at-11.22.10.jpg","uagb_featured_image_src":{"full":["https:\/\/blogopara.com.br\/wp-content\/uploads\/2022\/10\/WhatsApp-Image-2022-10-21-at-11.22.10.jpg",500,357,false],"thumbnail":["https:\/\/blogopara.com.br\/wp-content\/uploads\/2022\/10\/WhatsApp-Image-2022-10-21-at-11.22.10-150x150.jpg",150,150,true],"medium":["https:\/\/blogopara.com.br\/wp-content\/uploads\/2022\/10\/WhatsApp-Image-2022-10-21-at-11.22.10-300x214.jpg",300,214,true],"medium_large":["https:\/\/blogopara.com.br\/wp-content\/uploads\/2022\/10\/WhatsApp-Image-2022-10-21-at-11.22.10.jpg",500,357,false],"large":["https:\/\/blogopara.com.br\/wp-content\/uploads\/2022\/10\/WhatsApp-Image-2022-10-21-at-11.22.10.jpg",500,357,false],"1536x1536":["https:\/\/blogopara.com.br\/wp-content\/uploads\/2022\/10\/WhatsApp-Image-2022-10-21-at-11.22.10.jpg",500,357,false],"2048x2048":["https:\/\/blogopara.com.br\/wp-content\/uploads\/2022\/10\/WhatsApp-Image-2022-10-21-at-11.22.10.jpg",500,357,false],"mantranews-slider-large":["https:\/\/blogopara.com.br\/wp-content\/uploads\/2022\/10\/WhatsApp-Image-2022-10-21-at-11.22.10.jpg",500,357,false],"mantranews-featured-medium":["https:\/\/blogopara.com.br\/wp-content\/uploads\/2022\/10\/WhatsApp-Image-2022-10-21-at-11.22.10-420x307.jpg",420,307,true],"mantranews-featured-long":["https:\/\/blogopara.com.br\/wp-content\/uploads\/2022\/10\/WhatsApp-Image-2022-10-21-at-11.22.10-300x357.jpg",300,357,true],"mantranews-block-medium":["https:\/\/blogopara.com.br\/wp-content\/uploads\/2022\/10\/WhatsApp-Image-2022-10-21-at-11.22.10-464x290.jpg",464,290,true],"mantranews-carousel-image":["https:\/\/blogopara.com.br\/wp-content\/uploads\/2022\/10\/WhatsApp-Image-2022-10-21-at-11.22.10.jpg",500,357,false],"mantranews-block-thumb":["https:\/\/blogopara.com.br\/wp-content\/uploads\/2022\/10\/WhatsApp-Image-2022-10-21-at-11.22.10-322x230.jpg",322,230,true],"mantranews-single-large":["https:\/\/blogopara.com.br\/wp-content\/uploads\/2022\/10\/WhatsApp-Image-2022-10-21-at-11.22.10.jpg",500,357,false]},"uagb_author_info":{"display_name":"Reda\u00e7\u00e3o geral","author_link":"https:\/\/blogopara.com.br\/index.php\/author\/blogopara"},"uagb_comment_info":0,"uagb_excerpt":"O Festival do Doce de Leite de Juremal agora \u00e9 Patrim\u00f4nio Cultural Imaterial de Juazeiro, gra\u00e7as a iniciativa do vereador Berg da Carna\u00edba, que atrav\u00e9s do Projeto de Lei n\u00ba3.773\/2022 pede esse reconhecimento do Legislativo municipal. A festa est\u00e1 em sua 5\u00aa edi\u00e7\u00e3o, come\u00e7a hoje (21) no Distrito e vai at\u00e9 dia 23. H\u00e1 uma&hellip;","jetpack_sharing_enabled":true,"jetpack_likes_enabled":true,"_links":{"self":[{"href":"https:\/\/blogopara.com.br\/index.php\/wp-json\/wp\/v2\/posts\/44477","targetHints":{"allow":["GET"]}}],"collection":[{"href":"https:\/\/blogopara.com.br\/index.php\/wp-json\/wp\/v2\/posts"}],"about":[{"href":"https:\/\/blogopara.com.br\/index.php\/wp-json\/wp\/v2\/types\/post"}],"author":[{"embeddable":true,"href":"https:\/\/blogopara.com.br\/index.php\/wp-json\/wp\/v2\/users\/1"}],"replies":[{"embeddable":true,"href":"https:\/\/blogopara.com.br\/index.php\/wp-json\/wp\/v2\/comments?post=44477"}],"version-history":[{"count":2,"href":"https:\/\/blogopara.com.br\/index.php\/wp-json\/wp\/v2\/posts\/44477\/revisions"}],"predecessor-version":[{"id":44503,"href":"https:\/\/blogopara.com.br\/index.php\/wp-json\/wp\/v2\/posts\/44477\/revisions\/44503"}],"wp:featuredmedia":[{"embeddable":true,"href":"https:\/\/blogopara.com.br\/index.php\/wp-json\/wp\/v2\/media\/44478"}],"wp:attachment":[{"href":"https:\/\/blogopara.com.br\/index.php\/wp-json\/wp\/v2\/media?parent=44477"}],"wp:term":[{"taxonomy":"category","embeddable":true,"href":"https:\/\/blogopara.com.br\/index.php\/wp-json\/wp\/v2\/categories?post=44477"},{"taxonomy":"post_tag","embeddable":true,"href":"https:\/\/blogopara.com.br\/index.php\/wp-json\/wp\/v2\/tags?post=44477"}],"curies":[{"name":"wp","href":"https:\/\/api.w.org\/{rel}","templated":true}]}}