{"id":44493,"date":"2022-10-24T13:40:00","date_gmt":"2022-10-24T16:40:00","guid":{"rendered":"https:\/\/blogopara.com.br\/?p=44493"},"modified":"2022-10-23T17:44:57","modified_gmt":"2022-10-23T20:44:57","slug":"na-da-bahia-mapa-apresenta-resultados-do-agronordeste-para-diversas-cadeias-produtivas","status":"publish","type":"post","link":"https:\/\/blogopara.com.br\/index.php\/2022\/10\/24\/na-da-bahia-mapa-apresenta-resultados-do-agronordeste-para-diversas-cadeias-produtivas","title":{"rendered":"Na da  Bahia, Mapa apresenta resultados do AgroNordeste para diversas cadeias produtivas"},"content":{"rendered":"<div class=\"tdb-block-inner td-fix-index\">\n<p style=\"text-align: justify;\">Na quinta-feira (20\/10), ocorreu o evento para a apresenta\u00e7\u00e3o de resultados no \u00e2mbito do Plano Agronordeste em Juazeiro e Irec\u00ea, na Bahia. Em tr\u00eas anos, o Agronordeste promoveu a\u00e7\u00f5es de assist\u00eancia t\u00e9cnica, capacita\u00e7\u00e3o, apoio \u00e0 inova\u00e7\u00e3o e ao empreendedorismo, cr\u00e9dito, organiza\u00e7\u00e3o e formaliza\u00e7\u00e3o da produ\u00e7\u00e3o, impactando a atividade de cerca de 30 mil pequenos e m\u00e9dios agricultores.<\/p>\n<div class=\"td-a-ad id_inline_ad0 id_ad_content-horiz-left\" style=\"text-align: justify;\">\n<div class=\"g g-12\">\n<div class=\"g-single a-21\">\n<div class=\"clever-core-ads\"><\/div>\n<\/div>\n<\/div>\n<\/div>\n<p style=\"text-align: justify;\">Na Bahia, o AgroNordeste atua em tr\u00eas territ\u00f3rios: Irec\u00ea, nas cadeias produtivas de olericultura e caprinovinocultura; Jacobina, nas cadeias produtivas de bovinocultura de leite e caprinovinocultura e Feira de Santana, nas cadeias produtivas de bovinocultura de leite e caprinovinocultura. Al\u00e9m disso, em Juazeiro, o Minist\u00e9rio da Agricultura, Pecu\u00e1ria e Abastecimento, em parceria com o BID, desenvolve projeto de cria\u00e7\u00e3o da \u00e1rea livre da mosca das frutas no Vale do S\u00e3o Francisco, beneficiando 3.500 fruticultores.<\/p>\n<p style=\"text-align: justify;\">Durante o evento, o Senar premiou os produtores destaques em Assist\u00eancia T\u00e9cnica Gerencial com o Certificado de M\u00e9rito da ATEG do Senar AgroNordeste. O Banco do Nordeste assinou contratos de financiamento rural nas categorias Agroamigo e Agroneg\u00f3cios. Tamb\u00e9m foi anunciada a revis\u00e3o da IN n\u00ba 37, de 31 de outubro de 2000, que define os par\u00e2metros de qualidade do leite de cabra, com o objetivo de atender \u00e0 demanda dos produtores do setor de ovinocaprinocultura.<\/p>\n<p style=\"text-align: justify;\">Em Juazeiro, foi assinado um protocolo de inten\u00e7\u00f5es entre o Sebrae, a Faeb\/Senar e Abrafrutas, com o objetivo de fomentar a\u00e7\u00f5es conjuntas voltadas ao controle da mosca-das-frutas e promover a redu\u00e7\u00e3o do ataque em frutos hospedeiros nos pomares, atendendo a fruticultores da regi\u00e3o do Vale do S\u00e3o Francisco.<\/p>\n<div class=\"td-a-ad id_inline_ad1 id_ad_content-horiz-left\" style=\"text-align: justify;\">\n<div class=\"g g-14\">\n<div class=\"g-single a-18\"><\/div>\n<\/div>\n<\/div>\n<p style=\"text-align: justify;\">Em Irec\u00ea, foi realizada a entrega da carta-consulta aprovada para a empresa vencedora do leil\u00e3o B3, a Equipav, para realiza\u00e7\u00e3o de projeto de investimento em infraestrutura de irriga\u00e7\u00e3o e beneficiamento agr\u00edcola das etapas 3 e 4 do Baixio de Irec\u00ea, para as culturas de soja, milho e feij\u00e3o, nos munic\u00edpios de Xique-Xique e Itagua\u00e7u.<\/p>\n<p style=\"text-align: justify;\"><strong>Agricultura Familiar<\/strong><\/p>\n<p style=\"text-align: justify;\">Por meio da Secretaria de Agricultura Familiar do Minist\u00e9rio da Agricultura, Pecu\u00e1ria e Abastecimento, foram entregues em Juazeiro (BA), memoriais descritivos e plantas topogr\u00e1ficas para individualiza\u00e7\u00e3o de 50 lotes para im\u00f3veis rurais adquiridos por meio do Programa Nacional de Cr\u00e9dito Fundi\u00e1rio (Terra Brasil \u2013 PNCF). No total ser\u00e3o beneficiadas 32 fam\u00edlias da Associa\u00e7\u00e3o dos Pequenos Produtores Rurais For\u00e7a da Terra Fonte Viva.<\/p>\n<p style=\"text-align: justify;\">O PNCF Terra Brasil tem como objetivo principal o acesso \u00e0 terra, promovendo a produ\u00e7\u00e3o agropecu\u00e1ria, a gera\u00e7\u00e3o de renda, a autonomia do produtor e a sucess\u00e3o rural, al\u00e9m de contribuir para a redu\u00e7\u00e3o das desigualdades sociais, de g\u00eanero, gera\u00e7\u00e3o e etnia, promovendo a inclus\u00e3o social no meio rural. Os recursos para os financiamentos concedidos s\u00e3o oriundos do Fundo de Terras e da Reforma Agr\u00e1ria.<\/p>\n<p style=\"text-align: justify;\">No evento tamb\u00e9m foram entregues pe\u00e7as t\u00e9cnicas aos benefici\u00e1rios do PNCF Terra Brasil representados neste ato pelo presidente da Associa\u00e7\u00e3o Agr\u00edcola Juriti do Munic\u00edpio de Sobradinho (BA) que compareceu ao evento simbolizando a entrega dos lotes individualizados do PNCF para mais de 230 fam\u00edlias.<\/p>\n<p style=\"text-align: justify;\">Em Irec\u00ea (BA), foram entregues lotes individualizados do PNCF para lideran\u00e7as da Associa\u00e7\u00e3o Comunit\u00e1ria dos Pequenos Agricultores da Baixa do Cip\u00f3 que representaram a concess\u00e3o desses benef\u00edcios para 400 fam\u00edlias de agricultores do Munic\u00edpio de Xique-Xique (BA).<\/p>\n<p style=\"text-align: justify;\">No evento tamb\u00e9m foram apresentados os resultados do Programa Alimenta Brasil (PAB), de 2019 a 2022, que beneficiou cerca de 2.640 produtores em 65 munic\u00edpios da Bahia, com investimento de R$ 17,77 milh\u00f5es. O PAB tem como finalidade ampliar o acesso \u00e0 alimenta\u00e7\u00e3o e incentivar a produ\u00e7\u00e3o de agricultores familiares, extrativistas, pescadores artesanais, povos ind\u00edgenas e demais popula\u00e7\u00f5es tradicionais. Para o alcance desses objetivos, o programa compra alimentos produzidos pela agricultura familiar, com dispensa de licita\u00e7\u00e3o, e os destina a pessoas em situa\u00e7\u00e3o de inseguran\u00e7a alimentar e nutricional.<\/p>\n<p style=\"text-align: justify;\"><strong>Plano AgroNordeste <\/strong><\/p>\n<p style=\"text-align: justify;\">O AgroNordeste \u00e9 uma iniciativa do Minist\u00e9rio da Agricultura, Pecu\u00e1ria e Abastecimento, em parceria com o Sistema CNA\/Senar e a Ag\u00eancia Nacional de Assist\u00eancia T\u00e9cnica e Extens\u00e3o Rural (Anater). Em Minas Gerais, o AgroNordeste \u00e9 desenvolvido pela Faemg em parceria com os Sindicatos Rurais.<\/p>\n<p style=\"text-align: justify;\">Tamb\u00e9m envolve a coordena\u00e7\u00e3o dos minist\u00e9rios da Ci\u00eancia, Tecnologia e Inova\u00e7\u00f5es, da Educa\u00e7\u00e3o, da Infraestrutura, e a parceria do Sebrae e Banco do Nordeste. O Plano conta com um comit\u00ea central de coordena\u00e7\u00e3o, que exerce a inst\u00e2ncia diretiva, e nos estados conta com o comit\u00eas estaduais, e ainda com escrit\u00f3rios locais de opera\u00e7\u00f5es e 24 agentes de desenvolvimento que atuam nos 11 estados.<\/p>\n<\/div>\n","protected":false},"excerpt":{"rendered":"<p>Na quinta-feira (20\/10), ocorreu o evento para a apresenta\u00e7\u00e3o de resultados no \u00e2mbito do Plano Agronordeste em Juazeiro e Irec\u00ea, na Bahia. Em tr\u00eas anos, o Agronordeste promoveu a\u00e7\u00f5es de assist\u00eancia t\u00e9cnica, capacita\u00e7\u00e3o, apoio \u00e0 inova\u00e7\u00e3o e ao empreendedorismo, cr\u00e9dito, organiza\u00e7\u00e3o e formaliza\u00e7\u00e3o da produ\u00e7\u00e3o, impactando a atividade de cerca de 30 mil pequenos e [&hellip;]<\/p>\n","protected":false},"author":1,"featured_media":44494,"comment_status":"closed","ping_status":"open","sticky":false,"template":"","format":"standard","meta":{"_uag_custom_page_level_css":"","_monsterinsights_skip_tracking":false,"_monsterinsights_sitenote_active":false,"_monsterinsights_sitenote_note":"","_monsterinsights_sitenote_category":0,"jetpack_post_was_ever_published":false,"_jetpack_newsletter_access":"","_jetpack_dont_email_post_to_subs":false,"_jetpack_newsletter_tier_id":0,"_jetpack_memberships_contains_paywalled_content":false,"_jetpack_memberships_contains_paid_content":false,"footnotes":"","jetpack_publicize_message":"","jetpack_publicize_feature_enabled":true,"jetpack_social_post_already_shared":true,"jetpack_social_options":{"image_generator_settings":{"template":"highway","default_image_id":0,"font":"","enabled":false},"version":2}},"categories":[10088,199],"tags":[],"class_list":["post-44493","post","type-post","status-publish","format-standard","has-post-thumbnail","hentry","category-agricultura","category-bahia"],"jetpack_publicize_connections":[],"jetpack_featured_media_url":"https:\/\/blogopara.com.br\/wp-content\/uploads\/2022\/10\/WhatsApp-Image-2022-10-23-at-17.38.32.jpg","uagb_featured_image_src":{"full":["https:\/\/blogopara.com.br\/wp-content\/uploads\/2022\/10\/WhatsApp-Image-2022-10-23-at-17.38.32.jpg",500,264,false],"thumbnail":["https:\/\/blogopara.com.br\/wp-content\/uploads\/2022\/10\/WhatsApp-Image-2022-10-23-at-17.38.32-150x150.jpg",150,150,true],"medium":["https:\/\/blogopara.com.br\/wp-content\/uploads\/2022\/10\/WhatsApp-Image-2022-10-23-at-17.38.32-300x158.jpg",300,158,true],"medium_large":["https:\/\/blogopara.com.br\/wp-content\/uploads\/2022\/10\/WhatsApp-Image-2022-10-23-at-17.38.32.jpg",500,264,false],"large":["https:\/\/blogopara.com.br\/wp-content\/uploads\/2022\/10\/WhatsApp-Image-2022-10-23-at-17.38.32.jpg",500,264,false],"1536x1536":["https:\/\/blogopara.com.br\/wp-content\/uploads\/2022\/10\/WhatsApp-Image-2022-10-23-at-17.38.32.jpg",500,264,false],"2048x2048":["https:\/\/blogopara.com.br\/wp-content\/uploads\/2022\/10\/WhatsApp-Image-2022-10-23-at-17.38.32.jpg",500,264,false],"mantranews-slider-large":["https:\/\/blogopara.com.br\/wp-content\/uploads\/2022\/10\/WhatsApp-Image-2022-10-23-at-17.38.32.jpg",500,264,false],"mantranews-featured-medium":["https:\/\/blogopara.com.br\/wp-content\/uploads\/2022\/10\/WhatsApp-Image-2022-10-23-at-17.38.32-420x264.jpg",420,264,true],"mantranews-featured-long":["https:\/\/blogopara.com.br\/wp-content\/uploads\/2022\/10\/WhatsApp-Image-2022-10-23-at-17.38.32-300x264.jpg",300,264,true],"mantranews-block-medium":["https:\/\/blogopara.com.br\/wp-content\/uploads\/2022\/10\/WhatsApp-Image-2022-10-23-at-17.38.32-464x264.jpg",464,264,true],"mantranews-carousel-image":["https:\/\/blogopara.com.br\/wp-content\/uploads\/2022\/10\/WhatsApp-Image-2022-10-23-at-17.38.32.jpg",500,264,false],"mantranews-block-thumb":["https:\/\/blogopara.com.br\/wp-content\/uploads\/2022\/10\/WhatsApp-Image-2022-10-23-at-17.38.32-322x230.jpg",322,230,true],"mantranews-single-large":["https:\/\/blogopara.com.br\/wp-content\/uploads\/2022\/10\/WhatsApp-Image-2022-10-23-at-17.38.32.jpg",500,264,false]},"uagb_author_info":{"display_name":"Reda\u00e7\u00e3o geral","author_link":"https:\/\/blogopara.com.br\/index.php\/author\/blogopara"},"uagb_comment_info":0,"uagb_excerpt":"Na quinta-feira (20\/10), ocorreu o evento para a apresenta\u00e7\u00e3o de resultados no \u00e2mbito do Plano Agronordeste em Juazeiro e Irec\u00ea, na Bahia. Em tr\u00eas anos, o Agronordeste promoveu a\u00e7\u00f5es de assist\u00eancia t\u00e9cnica, capacita\u00e7\u00e3o, apoio \u00e0 inova\u00e7\u00e3o e ao empreendedorismo, cr\u00e9dito, organiza\u00e7\u00e3o e formaliza\u00e7\u00e3o da produ\u00e7\u00e3o, impactando a atividade de cerca de 30 mil pequenos e&hellip;","jetpack_sharing_enabled":true,"jetpack_likes_enabled":true,"_links":{"self":[{"href":"https:\/\/blogopara.com.br\/index.php\/wp-json\/wp\/v2\/posts\/44493","targetHints":{"allow":["GET"]}}],"collection":[{"href":"https:\/\/blogopara.com.br\/index.php\/wp-json\/wp\/v2\/posts"}],"about":[{"href":"https:\/\/blogopara.com.br\/index.php\/wp-json\/wp\/v2\/types\/post"}],"author":[{"embeddable":true,"href":"https:\/\/blogopara.com.br\/index.php\/wp-json\/wp\/v2\/users\/1"}],"replies":[{"embeddable":true,"href":"https:\/\/blogopara.com.br\/index.php\/wp-json\/wp\/v2\/comments?post=44493"}],"version-history":[{"count":1,"href":"https:\/\/blogopara.com.br\/index.php\/wp-json\/wp\/v2\/posts\/44493\/revisions"}],"predecessor-version":[{"id":44495,"href":"https:\/\/blogopara.com.br\/index.php\/wp-json\/wp\/v2\/posts\/44493\/revisions\/44495"}],"wp:featuredmedia":[{"embeddable":true,"href":"https:\/\/blogopara.com.br\/index.php\/wp-json\/wp\/v2\/media\/44494"}],"wp:attachment":[{"href":"https:\/\/blogopara.com.br\/index.php\/wp-json\/wp\/v2\/media?parent=44493"}],"wp:term":[{"taxonomy":"category","embeddable":true,"href":"https:\/\/blogopara.com.br\/index.php\/wp-json\/wp\/v2\/categories?post=44493"},{"taxonomy":"post_tag","embeddable":true,"href":"https:\/\/blogopara.com.br\/index.php\/wp-json\/wp\/v2\/tags?post=44493"}],"curies":[{"name":"wp","href":"https:\/\/api.w.org\/{rel}","templated":true}]}}