{"id":44608,"date":"2022-10-26T19:35:00","date_gmt":"2022-10-26T22:35:00","guid":{"rendered":"https:\/\/blogopara.com.br\/?p=44608"},"modified":"2022-10-26T09:08:13","modified_gmt":"2022-10-26T12:08:13","slug":"como-eleicao-e-encarada-em-bairros-marcados-pela-violencia","status":"publish","type":"post","link":"https:\/\/blogopara.com.br\/index.php\/2022\/10\/26\/como-eleicao-e-encarada-em-bairros-marcados-pela-violencia","title":{"rendered":"Como elei\u00e7\u00e3o \u00e9 encarada em bairros marcados pela viol\u00eancia"},"content":{"rendered":"<div class=\"bbc-19j92fr ebmt73l0\" dir=\"ltr\">\n<p class=\"bbc-hhl7in e17g058b0\" dir=\"ltr\" style=\"text-align: justify;\"><b>A viol\u00eancia costuma ser citada em pesquisas como uma das principais preocupa\u00e7\u00f5es dos brasileiros. <\/b><\/p>\n<\/div>\n<div class=\"bbc-19j92fr ebmt73l0\" dir=\"ltr\" style=\"text-align: justify;\">\n<p class=\"bbc-hhl7in e17g058b0\" dir=\"ltr\">Mas como o tema influencia as escolhas eleitorais de moradores de favelas dominadas pelo crime organizado, ou de brasileiros que tiveram parentes mortos em opera\u00e7\u00f5es policiais?<\/p>\n<\/div>\n<div class=\"bbc-19j92fr ebmt73l0\" dir=\"ltr\" style=\"text-align: justify;\">\n<p class=\"bbc-hhl7in e17g058b0\" dir=\"ltr\">Esse \u00e9 o tema do sexto epis\u00f3dio de Brasil Partido, um podcast da BBC News Brasil, veiculado nesta quarta-feira (26\/10) no site da <a class=\"bbc-n8oauk e1p3sufg0\" href=\"https:\/\/www.bbc.com\/portuguese\/podcasts\/p0cyhvny\">BBC<\/a>, no canal da emissora no <a class=\"bbc-n8oauk e1p3sufg0\" href=\"https:\/\/www.youtube.com\/user\/BBCBrasil\" aria-label=\"YouTube, externo\">YouTube<\/a> e em plataformas de \u00e1udio como <a class=\"bbc-n8oauk e1p3sufg0\" href=\"https:\/\/open.spotify.com\/show\/4909a8iZAdJ01DLyJxiwcd\" aria-label=\"Spotify, externo\">Spotify<\/a>, <a class=\"bbc-n8oauk e1p3sufg0\" href=\"https:\/\/podcasts.apple.com\/us\/podcast\/brasil-partido\/id1643515422\" aria-label=\"Apple Podcasts, externo\">Apple Podcasts<\/a> e <a class=\"bbc-n8oauk e1p3sufg0\" href=\"https:\/\/www.deezer.com\/br\/show\/5253387\" aria-label=\"Deezer, externo\">Deezer<\/a>.<\/p>\n<\/div>\n<div class=\"bbc-19j92fr ebmt73l0\" dir=\"ltr\">\n<p class=\"bbc-hhl7in e17g058b0\" dir=\"ltr\" style=\"text-align: justify;\">Apresentado pelo rep\u00f3rter Jo\u00e3o Fellet &#8211; e com a produ\u00e7\u00e3o deste epis\u00f3dio a cargo de Tatiana Lima -, o podcast aborda como pessoas de diferentes grupos sociais &#8211; como jovens evang\u00e9licas, executivos do mercado financeiro e brasileiros que se identificam como pardos &#8211; se posicionam diante de conflitos pol\u00edticos atuais.<\/p>\n<p dir=\"ltr\" style=\"text-align: justify;\">O podcast busca ainda entender como os brasileiros chegaram ao atual grau de divis\u00e3o na pol\u00edtica e se h\u00e1 possibilidade de di\u00e1logo entre grupos divergentes.<\/p>\n<div class=\"bbc-19j92fr ebmt73l0\" dir=\"ltr\" style=\"text-align: justify;\">\n<h2 id=\"Pacifica\u00e7\u00e3o-ef\u00eamera\" class=\"bbc-1f03ibc eglt09e0\" tabindex=\"-1\">Pacifica\u00e7\u00e3o ef\u00eamera<\/h2>\n<\/div>\n<div class=\"bbc-19j92fr ebmt73l0\" dir=\"ltr\" style=\"text-align: justify;\">\n<p class=\"bbc-hhl7in e17g058b0\" dir=\"ltr\">Em 2010, uma s\u00e9rie de opera\u00e7\u00f5es policiais marcou a hist\u00f3ria do Rio de Janeiro.<\/p>\n<\/div>\n<div class=\"bbc-19j92fr ebmt73l0\" dir=\"ltr\" style=\"text-align: justify;\">\n<p class=\"bbc-hhl7in e17g058b0\" dir=\"ltr\">A pol\u00edcia e as For\u00e7as Armadas ocuparam favelas que eram dominadas h\u00e1 v\u00e1rias d\u00e9cadas pelo crime organizado. Daquela vez, as autoridades prometiam que os agentes de seguran\u00e7a tinham chegado para ficar.<\/p>\n<\/div>\n<div class=\"bbc-1hhy4ie etl18e90\" style=\"text-align: justify;\">\n<div class=\"bbc-1w61dvh e1rfboeq4\">\n<div class=\"bbc-997y1y eihqrxw0\" data-e2e=\"image-placeholder\">\n<div class=\"lazyload-wrapper \"><picture class=\"bbc-yfiktt e1mo64ex1\"><source srcset=\"https:\/\/ichef.bbc.co.uk\/images\/ic\/128x128\/p0d67gkg.jpg 128w,https:\/\/ichef.bbc.co.uk\/images\/ic\/240x240\/p0d67gkg.jpg 240w,https:\/\/ichef.bbc.co.uk\/images\/ic\/480x480\/p0d67gkg.jpg 480w\" type=\"image\/jpeg\" sizes=\"(min-width: 1008px) 228px, 30vw\" \/><\/picture><\/div>\n<\/div>\n<\/div>\n<\/div>\n<div class=\"bbc-zvnee0 e1rfboeq6\" dir=\"ltr\" style=\"text-align: justify;\">\n<section class=\"e1rfboeq5 bbc-gua01y e1s8ztj50\" role=\"region\" aria-labelledby=\"podcast-promo\">\n<div class=\"bbc-bjn8wh eveec6k2\">\n<div class=\"bbc-1hhy4ie etl18e90\">\n<div class=\"bbc-1l4z0zk e1rfboeq3\">\n<p class=\"e1rfboeq1 bbc-y343kw eh4j0a10\" dir=\"ltr\">Epis\u00f3dios<\/p>\n<\/div>\n<\/div>\n<p id=\"end-of-podcasts\" class=\"bbc-1gnhmg2 eveec6k0\" tabindex=\"-1\">Fim do Podcast<\/p>\n<\/div>\n<\/section>\n<\/div>\n<div class=\"bbc-19j92fr ebmt73l0\" dir=\"ltr\" style=\"text-align: justify;\">\n<p class=\"bbc-hhl7in e17g058b0\" dir=\"ltr\">As opera\u00e7\u00f5es abriram o caminho para a instala\u00e7\u00e3o das UPPs (Unidades de Pol\u00edcia Pacificadoras). A estrat\u00e9gia deu certo por um tempo. Na v\u00e9spera da Copa do Mundo de 2014 e da Olimp\u00edada de 2016, favelas com fama de violentas chegaram a hospedar turistas estrangeiros.<\/p>\n<\/div>\n<div class=\"bbc-19j92fr ebmt73l0\" dir=\"ltr\" style=\"text-align: justify;\">\n<p class=\"bbc-hhl7in e17g058b0\" dir=\"ltr\">Mas, em poucos anos, o crime organizado voltou a dominar os territ\u00f3rios.<\/p>\n<\/div>\n<div class=\"bbc-19j92fr ebmt73l0\" dir=\"ltr\" style=\"text-align: justify;\">\n<p class=\"bbc-hhl7in e17g058b0\" dir=\"ltr\">&#8220;Disseram que estavam combatendo, mas, na verdade, eles estavam alimentando um novo modelo de crime&#8221;, diz ao podcast Brasil Partido a artista pl\u00e1stica Mariluce Maia, uma l\u00edder comunit\u00e1ria de 40 anos que vive no Complexo do Alem\u00e3o, uma das maiores favelas do Rio.<\/p>\n<\/div>\n<div class=\"bbc-19j92fr ebmt73l0\" dir=\"ltr\" style=\"text-align: justify;\">\n<p class=\"bbc-hhl7in e17g058b0\" dir=\"ltr\">Ela diz que, nos \u00faltimos anos, os confrontos no Complexo do Alem\u00e3o entre fac\u00e7\u00f5es criminosos e a pol\u00edcia t\u00eam se tornado mais violentos.<\/p>\n<\/div>\n<div class=\"bbc-19j92fr ebmt73l0\" dir=\"ltr\" style=\"text-align: justify;\">\n<p class=\"bbc-hhl7in e17g058b0\" dir=\"ltr\">Antigamente, diz ela, os moradores conseguiam se abrigar quando a pol\u00edcia subia o morro atr\u00e1s de traficantes. Hoje, por\u00e9m, ela afirma que os armamentos usados por policiais e traficantes s\u00e3o t\u00e3o potentes que derrubam paredes.<\/p>\n<\/div>\n<div class=\"bbc-sffzb7 e1hrqbfn0\" style=\"text-align: justify;\">\n<div class=\"bbc-1ka88fa ebmt73l0\" dir=\"ltr\">\n<figure class=\"bbc-1qdcvv9 e1aczekt0\">\n<div class=\"bbc-172p16q ebmt73l0\" dir=\"ltr\">\n<div class=\"bbc-189y18v ebmt73l0\" dir=\"ltr\">\n<div class=\"bbc-997y1y eihqrxw0\" data-e2e=\"image-placeholder\">\n<div class=\"lazyload-wrapper \"><picture class=\"bbc-yfiktt e1mo64ex1\"><source srcset=\"https:\/\/ichef.bbci.co.uk\/news\/240\/cpsprodpb\/33BA\/production\/_127324231_gettyimages-1133195954.jpg.webp 240w, https:\/\/ichef.bbci.co.uk\/news\/320\/cpsprodpb\/33BA\/production\/_127324231_gettyimages-1133195954.jpg.webp 320w, https:\/\/ichef.bbci.co.uk\/news\/480\/cpsprodpb\/33BA\/production\/_127324231_gettyimages-1133195954.jpg.webp 480w, https:\/\/ichef.bbci.co.uk\/news\/624\/cpsprodpb\/33BA\/production\/_127324231_gettyimages-1133195954.jpg.webp 624w, https:\/\/ichef.bbci.co.uk\/news\/800\/cpsprodpb\/33BA\/production\/_127324231_gettyimages-1133195954.jpg.webp 800w\" type=\"image\/webp\" sizes=\"(min-width: 1008px) 645px, 100vw\" \/><source srcset=\"https:\/\/ichef.bbci.co.uk\/news\/240\/cpsprodpb\/33BA\/production\/_127324231_gettyimages-1133195954.jpg 240w, https:\/\/ichef.bbci.co.uk\/news\/320\/cpsprodpb\/33BA\/production\/_127324231_gettyimages-1133195954.jpg 320w, https:\/\/ichef.bbci.co.uk\/news\/480\/cpsprodpb\/33BA\/production\/_127324231_gettyimages-1133195954.jpg 480w, https:\/\/ichef.bbci.co.uk\/news\/624\/cpsprodpb\/33BA\/production\/_127324231_gettyimages-1133195954.jpg 624w, https:\/\/ichef.bbci.co.uk\/news\/800\/cpsprodpb\/33BA\/production\/_127324231_gettyimages-1133195954.jpg 800w\" type=\"image\/jpeg\" sizes=\"(min-width: 1008px) 645px, 100vw\" \/><\/picture><\/div>\n<\/div>\n<\/div>\n<\/div>\n<\/figure>\n<\/div>\n<\/div>\n<p dir=\"ltr\" style=\"text-align: justify;\">\n<\/div>\n","protected":false},"excerpt":{"rendered":"<p>A viol\u00eancia costuma ser citada em pesquisas como uma das principais preocupa\u00e7\u00f5es dos brasileiros. Mas como o tema influencia as escolhas eleitorais de moradores de favelas dominadas pelo crime organizado, ou de brasileiros que tiveram parentes mortos em opera\u00e7\u00f5es policiais? Esse \u00e9 o tema do sexto epis\u00f3dio de Brasil Partido, um podcast da BBC News [&hellip;]<\/p>\n","protected":false},"author":1,"featured_media":32623,"comment_status":"closed","ping_status":"open","sticky":false,"template":"","format":"standard","meta":{"_uag_custom_page_level_css":"","_monsterinsights_skip_tracking":false,"_monsterinsights_sitenote_active":false,"_monsterinsights_sitenote_note":"","_monsterinsights_sitenote_category":0,"jetpack_post_was_ever_published":false,"_jetpack_newsletter_access":"","_jetpack_dont_email_post_to_subs":false,"_jetpack_newsletter_tier_id":0,"_jetpack_memberships_contains_paywalled_content":false,"_jetpack_memberships_contains_paid_content":false,"footnotes":"","jetpack_publicize_message":"","jetpack_publicize_feature_enabled":true,"jetpack_social_post_already_shared":true,"jetpack_social_options":{"image_generator_settings":{"template":"highway","default_image_id":0,"font":"","enabled":false},"version":2}},"categories":[10109],"tags":[1327],"class_list":["post-44608","post","type-post","status-publish","format-standard","has-post-thumbnail","hentry","category-eleicoes-2022","tag-eleicoes-2022"],"jetpack_publicize_connections":[],"jetpack_featured_media_url":"https:\/\/blogopara.com.br\/wp-content\/uploads\/2022\/01\/ce14d368-798b-11e9-b610-00505697492c-wp-660x372-1.jpg","uagb_featured_image_src":{"full":["https:\/\/blogopara.com.br\/wp-content\/uploads\/2022\/01\/ce14d368-798b-11e9-b610-00505697492c-wp-660x372-1.jpg",500,281,false],"thumbnail":["https:\/\/blogopara.com.br\/wp-content\/uploads\/2022\/01\/ce14d368-798b-11e9-b610-00505697492c-wp-660x372-1-150x150.jpg",150,150,true],"medium":["https:\/\/blogopara.com.br\/wp-content\/uploads\/2022\/01\/ce14d368-798b-11e9-b610-00505697492c-wp-660x372-1-300x169.jpg",300,169,true],"medium_large":["https:\/\/blogopara.com.br\/wp-content\/uploads\/2022\/01\/ce14d368-798b-11e9-b610-00505697492c-wp-660x372-1.jpg",500,281,false],"large":["https:\/\/blogopara.com.br\/wp-content\/uploads\/2022\/01\/ce14d368-798b-11e9-b610-00505697492c-wp-660x372-1.jpg",500,281,false],"1536x1536":["https:\/\/blogopara.com.br\/wp-content\/uploads\/2022\/01\/ce14d368-798b-11e9-b610-00505697492c-wp-660x372-1.jpg",500,281,false],"2048x2048":["https:\/\/blogopara.com.br\/wp-content\/uploads\/2022\/01\/ce14d368-798b-11e9-b610-00505697492c-wp-660x372-1.jpg",500,281,false],"mantranews-slider-large":["https:\/\/blogopara.com.br\/wp-content\/uploads\/2022\/01\/ce14d368-798b-11e9-b610-00505697492c-wp-660x372-1.jpg",500,281,false],"mantranews-featured-medium":["https:\/\/blogopara.com.br\/wp-content\/uploads\/2022\/01\/ce14d368-798b-11e9-b610-00505697492c-wp-660x372-1-420x281.jpg",420,281,true],"mantranews-featured-long":["https:\/\/blogopara.com.br\/wp-content\/uploads\/2022\/01\/ce14d368-798b-11e9-b610-00505697492c-wp-660x372-1-300x281.jpg",300,281,true],"mantranews-block-medium":["https:\/\/blogopara.com.br\/wp-content\/uploads\/2022\/01\/ce14d368-798b-11e9-b610-00505697492c-wp-660x372-1-464x281.jpg",464,281,true],"mantranews-carousel-image":["https:\/\/blogopara.com.br\/wp-content\/uploads\/2022\/01\/ce14d368-798b-11e9-b610-00505697492c-wp-660x372-1.jpg",500,281,false],"mantranews-block-thumb":["https:\/\/blogopara.com.br\/wp-content\/uploads\/2022\/01\/ce14d368-798b-11e9-b610-00505697492c-wp-660x372-1-322x230.jpg",322,230,true],"mantranews-single-large":["https:\/\/blogopara.com.br\/wp-content\/uploads\/2022\/01\/ce14d368-798b-11e9-b610-00505697492c-wp-660x372-1.jpg",500,281,false]},"uagb_author_info":{"display_name":"Reda\u00e7\u00e3o geral","author_link":"https:\/\/blogopara.com.br\/index.php\/author\/blogopara"},"uagb_comment_info":0,"uagb_excerpt":"A viol\u00eancia costuma ser citada em pesquisas como uma das principais preocupa\u00e7\u00f5es dos brasileiros. Mas como o tema influencia as escolhas eleitorais de moradores de favelas dominadas pelo crime organizado, ou de brasileiros que tiveram parentes mortos em opera\u00e7\u00f5es policiais? Esse \u00e9 o tema do sexto epis\u00f3dio de Brasil Partido, um podcast da BBC News&hellip;","jetpack_sharing_enabled":true,"jetpack_likes_enabled":true,"_links":{"self":[{"href":"https:\/\/blogopara.com.br\/index.php\/wp-json\/wp\/v2\/posts\/44608","targetHints":{"allow":["GET"]}}],"collection":[{"href":"https:\/\/blogopara.com.br\/index.php\/wp-json\/wp\/v2\/posts"}],"about":[{"href":"https:\/\/blogopara.com.br\/index.php\/wp-json\/wp\/v2\/types\/post"}],"author":[{"embeddable":true,"href":"https:\/\/blogopara.com.br\/index.php\/wp-json\/wp\/v2\/users\/1"}],"replies":[{"embeddable":true,"href":"https:\/\/blogopara.com.br\/index.php\/wp-json\/wp\/v2\/comments?post=44608"}],"version-history":[{"count":1,"href":"https:\/\/blogopara.com.br\/index.php\/wp-json\/wp\/v2\/posts\/44608\/revisions"}],"predecessor-version":[{"id":44609,"href":"https:\/\/blogopara.com.br\/index.php\/wp-json\/wp\/v2\/posts\/44608\/revisions\/44609"}],"wp:featuredmedia":[{"embeddable":true,"href":"https:\/\/blogopara.com.br\/index.php\/wp-json\/wp\/v2\/media\/32623"}],"wp:attachment":[{"href":"https:\/\/blogopara.com.br\/index.php\/wp-json\/wp\/v2\/media?parent=44608"}],"wp:term":[{"taxonomy":"category","embeddable":true,"href":"https:\/\/blogopara.com.br\/index.php\/wp-json\/wp\/v2\/categories?post=44608"},{"taxonomy":"post_tag","embeddable":true,"href":"https:\/\/blogopara.com.br\/index.php\/wp-json\/wp\/v2\/tags?post=44608"}],"curies":[{"name":"wp","href":"https:\/\/api.w.org\/{rel}","templated":true}]}}