{"id":44613,"date":"2022-10-26T18:45:00","date_gmt":"2022-10-26T21:45:00","guid":{"rendered":"https:\/\/blogopara.com.br\/?p=44613"},"modified":"2022-10-26T09:25:28","modified_gmt":"2022-10-26T12:25:28","slug":"monkeypox-brasil-registra-8a-morte-e-se-torna-pais-com-mais-obitos-pela-doenca","status":"publish","type":"post","link":"https:\/\/blogopara.com.br\/index.php\/2022\/10\/26\/monkeypox-brasil-registra-8a-morte-e-se-torna-pais-com-mais-obitos-pela-doenca","title":{"rendered":"Monkeypox: Brasil registra 8\u00aa morte e se torna pa\u00eds com mais \u00f3bitos pela doen\u00e7a"},"content":{"rendered":"<p style=\"text-align: justify;\">O Minist\u00e9rio da Sa\u00fade registrou, nesta ter\u00e7a-feira (25\/10), a oitava morte por var\u00edola dos macacos, em Minas Gerais. Com isso, o Brasil <a href=\"https:\/\/www.correiobraziliense.com.br\/cidades-df\/2022\/10\/5042894-avanco-da-variola-do-macaco-liga-o-alerta-na-saude-publica-do-df.html\" target=\"_blank\" rel=\"noopener noreferrer\">se tornou o pa\u00eds com mais\u00a0\u00f3bitos\u00a0pela doen\u00e7a<\/a>, ultrapassando a Nig\u00e9ria, na\u00e7\u00e3o que listava a maior quantidade de v\u00edtimas\u00a0em escala mundial. Ao todo, o estado do Sudeste contabiliza 545 casos confirmados e 355 suspeitos.<\/p>\n<p style=\"text-align: justify;\">A v\u00edtima \u00e9 um homem de 33 anos, morador de Divin\u00f3polis, e que tinha comorbidades. Ele estava internado em Belo Horizonte e faleceu no \u00faltimo s\u00e1bado (22).<\/p>\n<p class=\"texto\" style=\"text-align: justify;\">A\u00a0<a href=\"https:\/\/www.correiobraziliense.com.br\/brasil\/2022\/07\/5025483-brasil-registra-1-morte-por-variola-dos-macacos-vitima-e-um-homem.html\">primeira morte anunciada no Brasil ocorreu em julho,<\/a>\u00a0tamb\u00e9m no estado mineiro. O homem tinha 41 anos, era natural de Uberl\u00e2ndia, mas estava internado no Hospital Eduardo de Menezes, em Belo Horizonte. Possu\u00eda comorbidades, tratava de um c\u00e2ncer no sistema linf\u00e1tico e estava com o sistema imunol\u00f3gico fraco. A monkeypox fez com que o quadro piorasse.<\/p>\n<p class=\"texto\" style=\"text-align: justify;\">De acordo com o minist\u00e9rio, no pa\u00eds h\u00e1 9.026 casos confirmados e 4.765 suspeitos. S\u00e3o Paulo tem sido o epicentro da doen\u00e7a, com 4.014 casos. Isso coloca o Brasil em segundo lugar no n\u00famero de infec\u00e7\u00f5es, ficando atr\u00e1s apenas dos Estados Unidos, que tem mais de 27 mil casos.<\/p>\n","protected":false},"excerpt":{"rendered":"<p>O Minist\u00e9rio da Sa\u00fade registrou, nesta ter\u00e7a-feira (25\/10), a oitava morte por var\u00edola dos macacos, em Minas Gerais. Com isso, o Brasil se tornou o pa\u00eds com mais\u00a0\u00f3bitos\u00a0pela doen\u00e7a, ultrapassando a Nig\u00e9ria, na\u00e7\u00e3o que listava a maior quantidade de v\u00edtimas\u00a0em escala mundial. Ao todo, o estado do Sudeste contabiliza 545 casos confirmados e 355 suspeitos. [&hellip;]<\/p>\n","protected":false},"author":1,"featured_media":44614,"comment_status":"closed","ping_status":"open","sticky":false,"template":"","format":"standard","meta":{"_uag_custom_page_level_css":"","_monsterinsights_skip_tracking":false,"_monsterinsights_sitenote_active":false,"_monsterinsights_sitenote_note":"","_monsterinsights_sitenote_category":0,"jetpack_post_was_ever_published":false,"_jetpack_newsletter_access":"","_jetpack_dont_email_post_to_subs":false,"_jetpack_newsletter_tier_id":0,"_jetpack_memberships_contains_paywalled_content":false,"_jetpack_memberships_contains_paid_content":false,"footnotes":"","jetpack_publicize_message":"","jetpack_publicize_feature_enabled":true,"jetpack_social_post_already_shared":true,"jetpack_social_options":{"image_generator_settings":{"template":"highway","default_image_id":0,"font":"","enabled":false},"version":2}},"categories":[205],"tags":[],"class_list":["post-44613","post","type-post","status-publish","format-standard","has-post-thumbnail","hentry","category-saude"],"jetpack_publicize_connections":[],"jetpack_featured_media_url":"https:\/\/blogopara.com.br\/wp-content\/uploads\/2022\/10\/1_lesoes_de_variola_dos_macacos_em_mao_masculina__1_25544-26267020.jpg","uagb_featured_image_src":{"full":["https:\/\/blogopara.com.br\/wp-content\/uploads\/2022\/10\/1_lesoes_de_variola_dos_macacos_em_mao_masculina__1_25544-26267020.jpg",500,333,false],"thumbnail":["https:\/\/blogopara.com.br\/wp-content\/uploads\/2022\/10\/1_lesoes_de_variola_dos_macacos_em_mao_masculina__1_25544-26267020-150x150.jpg",150,150,true],"medium":["https:\/\/blogopara.com.br\/wp-content\/uploads\/2022\/10\/1_lesoes_de_variola_dos_macacos_em_mao_masculina__1_25544-26267020-300x200.jpg",300,200,true],"medium_large":["https:\/\/blogopara.com.br\/wp-content\/uploads\/2022\/10\/1_lesoes_de_variola_dos_macacos_em_mao_masculina__1_25544-26267020.jpg",500,333,false],"large":["https:\/\/blogopara.com.br\/wp-content\/uploads\/2022\/10\/1_lesoes_de_variola_dos_macacos_em_mao_masculina__1_25544-26267020.jpg",500,333,false],"1536x1536":["https:\/\/blogopara.com.br\/wp-content\/uploads\/2022\/10\/1_lesoes_de_variola_dos_macacos_em_mao_masculina__1_25544-26267020.jpg",500,333,false],"2048x2048":["https:\/\/blogopara.com.br\/wp-content\/uploads\/2022\/10\/1_lesoes_de_variola_dos_macacos_em_mao_masculina__1_25544-26267020.jpg",500,333,false],"mantranews-slider-large":["https:\/\/blogopara.com.br\/wp-content\/uploads\/2022\/10\/1_lesoes_de_variola_dos_macacos_em_mao_masculina__1_25544-26267020.jpg",500,333,false],"mantranews-featured-medium":["https:\/\/blogopara.com.br\/wp-content\/uploads\/2022\/10\/1_lesoes_de_variola_dos_macacos_em_mao_masculina__1_25544-26267020-420x307.jpg",420,307,true],"mantranews-featured-long":["https:\/\/blogopara.com.br\/wp-content\/uploads\/2022\/10\/1_lesoes_de_variola_dos_macacos_em_mao_masculina__1_25544-26267020-300x333.jpg",300,333,true],"mantranews-block-medium":["https:\/\/blogopara.com.br\/wp-content\/uploads\/2022\/10\/1_lesoes_de_variola_dos_macacos_em_mao_masculina__1_25544-26267020-464x290.jpg",464,290,true],"mantranews-carousel-image":["https:\/\/blogopara.com.br\/wp-content\/uploads\/2022\/10\/1_lesoes_de_variola_dos_macacos_em_mao_masculina__1_25544-26267020.jpg",500,333,false],"mantranews-block-thumb":["https:\/\/blogopara.com.br\/wp-content\/uploads\/2022\/10\/1_lesoes_de_variola_dos_macacos_em_mao_masculina__1_25544-26267020-322x230.jpg",322,230,true],"mantranews-single-large":["https:\/\/blogopara.com.br\/wp-content\/uploads\/2022\/10\/1_lesoes_de_variola_dos_macacos_em_mao_masculina__1_25544-26267020.jpg",500,333,false]},"uagb_author_info":{"display_name":"Reda\u00e7\u00e3o geral","author_link":"https:\/\/blogopara.com.br\/index.php\/author\/blogopara"},"uagb_comment_info":0,"uagb_excerpt":"O Minist\u00e9rio da Sa\u00fade registrou, nesta ter\u00e7a-feira (25\/10), a oitava morte por var\u00edola dos macacos, em Minas Gerais. Com isso, o Brasil se tornou o pa\u00eds com mais\u00a0\u00f3bitos\u00a0pela doen\u00e7a, ultrapassando a Nig\u00e9ria, na\u00e7\u00e3o que listava a maior quantidade de v\u00edtimas\u00a0em escala mundial. Ao todo, o estado do Sudeste contabiliza 545 casos confirmados e 355 suspeitos.&hellip;","jetpack_sharing_enabled":true,"jetpack_likes_enabled":true,"_links":{"self":[{"href":"https:\/\/blogopara.com.br\/index.php\/wp-json\/wp\/v2\/posts\/44613","targetHints":{"allow":["GET"]}}],"collection":[{"href":"https:\/\/blogopara.com.br\/index.php\/wp-json\/wp\/v2\/posts"}],"about":[{"href":"https:\/\/blogopara.com.br\/index.php\/wp-json\/wp\/v2\/types\/post"}],"author":[{"embeddable":true,"href":"https:\/\/blogopara.com.br\/index.php\/wp-json\/wp\/v2\/users\/1"}],"replies":[{"embeddable":true,"href":"https:\/\/blogopara.com.br\/index.php\/wp-json\/wp\/v2\/comments?post=44613"}],"version-history":[{"count":1,"href":"https:\/\/blogopara.com.br\/index.php\/wp-json\/wp\/v2\/posts\/44613\/revisions"}],"predecessor-version":[{"id":44615,"href":"https:\/\/blogopara.com.br\/index.php\/wp-json\/wp\/v2\/posts\/44613\/revisions\/44615"}],"wp:featuredmedia":[{"embeddable":true,"href":"https:\/\/blogopara.com.br\/index.php\/wp-json\/wp\/v2\/media\/44614"}],"wp:attachment":[{"href":"https:\/\/blogopara.com.br\/index.php\/wp-json\/wp\/v2\/media?parent=44613"}],"wp:term":[{"taxonomy":"category","embeddable":true,"href":"https:\/\/blogopara.com.br\/index.php\/wp-json\/wp\/v2\/categories?post=44613"},{"taxonomy":"post_tag","embeddable":true,"href":"https:\/\/blogopara.com.br\/index.php\/wp-json\/wp\/v2\/tags?post=44613"}],"curies":[{"name":"wp","href":"https:\/\/api.w.org\/{rel}","templated":true}]}}