{"id":44633,"date":"2022-10-27T08:42:00","date_gmt":"2022-10-27T11:42:00","guid":{"rendered":"https:\/\/blogopara.com.br\/?p=44633"},"modified":"2022-10-26T21:27:51","modified_gmt":"2022-10-27T00:27:51","slug":"o-principal-programa-do-meu-governo-vai-ser-a-geracao-de-emprego-afirma-acm-neto-durante-visita-ao-extremo-sul","status":"publish","type":"post","link":"https:\/\/blogopara.com.br\/index.php\/2022\/10\/27\/o-principal-programa-do-meu-governo-vai-ser-a-geracao-de-emprego-afirma-acm-neto-durante-visita-ao-extremo-sul","title":{"rendered":"&#8220;O principal programa do meu governo vai ser a gera\u00e7\u00e3o de emprego&#8221;, afirma ACM Neto durante visita ao Extremo-Sul"},"content":{"rendered":"<p style=\"text-align: justify;\">O candidato a governador ACM Neto (Uni\u00e3o Brasil) defendeu nesta quarta-feira (26) a\u00e7\u00f5es de transfer\u00eancia de renda para os mais pobres como forma de combater a pobreza na Bahia, mas salientou que vai focar tamb\u00e9m na gera\u00e7\u00e3o de empregos como projeto de sua futura gest\u00e3o. Ele realizou caminhadas em Teixeira de Freitas e em Eun\u00e1polis, no Extremo-Sul baiano.<\/p>\n<p style=\"text-align: justify;\">De acordo com o candidato, para tirar a Bahia da posi\u00e7\u00e3o de estado com maior n\u00famero de pessoas vivendo abaixo da linha da pobreza, s\u00e3o necess\u00e1rias a\u00e7\u00f5es capazes de aumentar a renda dos cidad\u00e3os e garantir a oportunidade de trabalho para todas as regi\u00f5es.<\/p>\n<p style=\"text-align: justify;\">&#8220;\u00c9 preciso reconhecer, infelizmente, que hoje a Bahia \u00e9 o estado com o maior n\u00famero de pessoas abaixo da linha da pobreza. E n\u00e3o h\u00e1 outro caminho a n\u00e3o ser ter programas sociais fortes, transfer\u00eancia de renda para melhorar a condi\u00e7\u00e3o de vida dessas pessoas e a gera\u00e7\u00e3o de postos de emprego&#8221;, apontou o candidato.<\/p>\n<p style=\"text-align: justify;\">O maior legado ser\u00e1 tirar a Bahia da situa\u00e7\u00e3o de estado com maior n\u00famero de desempregados do pa\u00eds, algo que est\u00e1 diretamente ligado \u00e0 pobreza.<\/p>\n<p style=\"text-align: justify;\">&#8220;O principal programa do meu governo vai ser gerar emprego, fazer a economia crescer. Dar oportunidade de trabalho para as pessoas, seja para as pessoas que vivem nas cidades ou para as pessoas que vivem na zona rural. A economia de cada regi\u00e3o e a gera\u00e7\u00e3o de emprego vai ser um compromisso fundamental da nossa gest\u00e3o&#8221;, apontou.<\/p>\n<p style=\"text-align: justify;\">Nas caminhadas, Neto esteve, respectivamente, ao lado dos prefeitos Dr. Marcelo Belitardo (Uni\u00e3o Brasil) e Cord\u00e9lia Torres (Uni\u00e3o Brasil). O candidato tamb\u00e9m esteve acompanhado pela candidata a vice-governadora Ana Coelho (Republicanos) e dos deputados Sandro R\u00e9gis (Uni\u00e3o Brasil), Elmar Nascimento (Uni\u00e3o Brasil) e Tiago Correia (PSDB).<\/p>\n<p style=\"text-align: justify;\">Durante conversa com a popula\u00e7\u00e3o que participou do evento de apoio \u00e0 sua candidatura, o ex-prefeito de Salvador lembrou que faltam apenas quatro dias para a vota\u00e7\u00e3o do segundo turno. \u201cN\u00f3s estamos a quatro dias da elei\u00e7\u00e3o. A quatro dias de decidirmos o futuro da Bahia. De decidirmos o nosso futuro&#8221;, ressaltou.<\/p>\n<p style=\"text-align: justify;\">\u201cNo domingo, s\u00f3 existem duas possibilidades para a Bahia. Ou a gente vai manter tudo que est\u00e1 a\u00ed h\u00e1 16 anos e os baianos v\u00e3o continuar vivendo os mesmos problemas que vivem hoje, ou n\u00f3s vamos escolher o caminho da mudan\u00e7a\u201d, enfatizou o candidato.<\/p>\n<p style=\"text-align: justify;\">Neto lembrou ainda que nesta quinta-feira (27), est\u00e1 previsto o \u00faltimo debate a ser realizado entre os candidatos ao Governo da Bahia no segundo turno das elei\u00e7\u00f5es. Seu advers\u00e1rio, Jer\u00f4nimo Rodrigues (PT), n\u00e3o participou de nenhum dos quatro eventos programado pelas emissoras locais. \u201cAmanh\u00e3 tem debate na TV Globo, \u00e0s 22h. Vamos ver se ele toma coragem e aparece\u201d, disse.<\/p>\n<p style=\"text-align: justify;\">Em seguida, afirmou que apesar do candidato do PT tentar se esconder atr\u00e1s de um n\u00famero, os baianos saber\u00e3o decidir quem \u00e9 o mais preparado para mudar o futuro do estado. Em seu discurso, Neto relembrou sua trajet\u00f3ria de 20 anos na vida p\u00fablica, e destacou que nunca se envolveu em esc\u00e2ndalos, &#8220;diferentemente do PT da Bahia&#8221;.<\/p>\n<p style=\"text-align: justify;\">\u201cJer\u00f4nimo tenta se esconder do povo atr\u00e1s de um n\u00famero, mas o baiano \u00e9 inteligente e sabe que no domingo s\u00f3 tem que dar satisfa\u00e7\u00e3o \u00e0 sua consci\u00eancia, sabe que \u00e9 livre para escolher. E eu, com muito orgulho, digo: tenho mais de 20 anos de vida p\u00fablica, n\u00e3o tenho nada para esconder, nunca me envolvi em nenhum esc\u00e2ndalo. Diferentemente do PT da Bahia\u201d, pontuou.<\/p>\n","protected":false},"excerpt":{"rendered":"<p>O candidato a governador ACM Neto (Uni\u00e3o Brasil) defendeu nesta quarta-feira (26) a\u00e7\u00f5es de transfer\u00eancia de renda para os mais pobres como forma de combater a pobreza na Bahia, mas salientou que vai focar tamb\u00e9m na gera\u00e7\u00e3o de empregos como projeto de sua futura gest\u00e3o. Ele realizou caminhadas em Teixeira de Freitas e em Eun\u00e1polis, [&hellip;]<\/p>\n","protected":false},"author":1,"featured_media":44634,"comment_status":"closed","ping_status":"open","sticky":false,"template":"","format":"standard","meta":{"_uag_custom_page_level_css":"","_monsterinsights_skip_tracking":false,"_monsterinsights_sitenote_active":false,"_monsterinsights_sitenote_note":"","_monsterinsights_sitenote_category":0,"jetpack_post_was_ever_published":false,"_jetpack_newsletter_access":"","_jetpack_dont_email_post_to_subs":false,"_jetpack_newsletter_tier_id":0,"_jetpack_memberships_contains_paywalled_content":false,"_jetpack_memberships_contains_paid_content":false,"footnotes":"","jetpack_publicize_message":"","jetpack_publicize_feature_enabled":true,"jetpack_social_post_already_shared":true,"jetpack_social_options":{"image_generator_settings":{"template":"highway","default_image_id":0,"font":"","enabled":false},"version":2}},"categories":[10109],"tags":[1327],"class_list":["post-44633","post","type-post","status-publish","format-standard","has-post-thumbnail","hentry","category-eleicoes-2022","tag-eleicoes-2022"],"jetpack_publicize_connections":[],"jetpack_featured_media_url":"https:\/\/blogopara.com.br\/wp-content\/uploads\/2022\/10\/WhatsApp-Image-2022-10-26-at-21.19.081.jpg","uagb_featured_image_src":{"full":["https:\/\/blogopara.com.br\/wp-content\/uploads\/2022\/10\/WhatsApp-Image-2022-10-26-at-21.19.081.jpg",500,332,false],"thumbnail":["https:\/\/blogopara.com.br\/wp-content\/uploads\/2022\/10\/WhatsApp-Image-2022-10-26-at-21.19.081-150x150.jpg",150,150,true],"medium":["https:\/\/blogopara.com.br\/wp-content\/uploads\/2022\/10\/WhatsApp-Image-2022-10-26-at-21.19.081-300x199.jpg",300,199,true],"medium_large":["https:\/\/blogopara.com.br\/wp-content\/uploads\/2022\/10\/WhatsApp-Image-2022-10-26-at-21.19.081.jpg",500,332,false],"large":["https:\/\/blogopara.com.br\/wp-content\/uploads\/2022\/10\/WhatsApp-Image-2022-10-26-at-21.19.081.jpg",500,332,false],"1536x1536":["https:\/\/blogopara.com.br\/wp-content\/uploads\/2022\/10\/WhatsApp-Image-2022-10-26-at-21.19.081.jpg",500,332,false],"2048x2048":["https:\/\/blogopara.com.br\/wp-content\/uploads\/2022\/10\/WhatsApp-Image-2022-10-26-at-21.19.081.jpg",500,332,false],"mantranews-slider-large":["https:\/\/blogopara.com.br\/wp-content\/uploads\/2022\/10\/WhatsApp-Image-2022-10-26-at-21.19.081.jpg",500,332,false],"mantranews-featured-medium":["https:\/\/blogopara.com.br\/wp-content\/uploads\/2022\/10\/WhatsApp-Image-2022-10-26-at-21.19.081-420x307.jpg",420,307,true],"mantranews-featured-long":["https:\/\/blogopara.com.br\/wp-content\/uploads\/2022\/10\/WhatsApp-Image-2022-10-26-at-21.19.081-300x332.jpg",300,332,true],"mantranews-block-medium":["https:\/\/blogopara.com.br\/wp-content\/uploads\/2022\/10\/WhatsApp-Image-2022-10-26-at-21.19.081-464x290.jpg",464,290,true],"mantranews-carousel-image":["https:\/\/blogopara.com.br\/wp-content\/uploads\/2022\/10\/WhatsApp-Image-2022-10-26-at-21.19.081.jpg",500,332,false],"mantranews-block-thumb":["https:\/\/blogopara.com.br\/wp-content\/uploads\/2022\/10\/WhatsApp-Image-2022-10-26-at-21.19.081-322x230.jpg",322,230,true],"mantranews-single-large":["https:\/\/blogopara.com.br\/wp-content\/uploads\/2022\/10\/WhatsApp-Image-2022-10-26-at-21.19.081.jpg",500,332,false]},"uagb_author_info":{"display_name":"Reda\u00e7\u00e3o geral","author_link":"https:\/\/blogopara.com.br\/index.php\/author\/blogopara"},"uagb_comment_info":0,"uagb_excerpt":"O candidato a governador ACM Neto (Uni\u00e3o Brasil) defendeu nesta quarta-feira (26) a\u00e7\u00f5es de transfer\u00eancia de renda para os mais pobres como forma de combater a pobreza na Bahia, mas salientou que vai focar tamb\u00e9m na gera\u00e7\u00e3o de empregos como projeto de sua futura gest\u00e3o. Ele realizou caminhadas em Teixeira de Freitas e em Eun\u00e1polis,&hellip;","jetpack_sharing_enabled":true,"jetpack_likes_enabled":true,"_links":{"self":[{"href":"https:\/\/blogopara.com.br\/index.php\/wp-json\/wp\/v2\/posts\/44633","targetHints":{"allow":["GET"]}}],"collection":[{"href":"https:\/\/blogopara.com.br\/index.php\/wp-json\/wp\/v2\/posts"}],"about":[{"href":"https:\/\/blogopara.com.br\/index.php\/wp-json\/wp\/v2\/types\/post"}],"author":[{"embeddable":true,"href":"https:\/\/blogopara.com.br\/index.php\/wp-json\/wp\/v2\/users\/1"}],"replies":[{"embeddable":true,"href":"https:\/\/blogopara.com.br\/index.php\/wp-json\/wp\/v2\/comments?post=44633"}],"version-history":[{"count":1,"href":"https:\/\/blogopara.com.br\/index.php\/wp-json\/wp\/v2\/posts\/44633\/revisions"}],"predecessor-version":[{"id":44635,"href":"https:\/\/blogopara.com.br\/index.php\/wp-json\/wp\/v2\/posts\/44633\/revisions\/44635"}],"wp:featuredmedia":[{"embeddable":true,"href":"https:\/\/blogopara.com.br\/index.php\/wp-json\/wp\/v2\/media\/44634"}],"wp:attachment":[{"href":"https:\/\/blogopara.com.br\/index.php\/wp-json\/wp\/v2\/media?parent=44633"}],"wp:term":[{"taxonomy":"category","embeddable":true,"href":"https:\/\/blogopara.com.br\/index.php\/wp-json\/wp\/v2\/categories?post=44633"},{"taxonomy":"post_tag","embeddable":true,"href":"https:\/\/blogopara.com.br\/index.php\/wp-json\/wp\/v2\/tags?post=44633"}],"curies":[{"name":"wp","href":"https:\/\/api.w.org\/{rel}","templated":true}]}}