{"id":4464,"date":"2019-11-04T18:51:57","date_gmt":"2019-11-04T20:51:57","guid":{"rendered":"http:\/\/blogopara.com.br\/?p=4464"},"modified":"2019-11-04T18:52:07","modified_gmt":"2019-11-04T20:52:07","slug":"pastor-teobaldo-retorna-ao-interior-para-reforcar-e-ampliar-suas-aliancas-para-2020","status":"publish","type":"post","link":"https:\/\/blogopara.com.br\/index.php\/2019\/11\/04\/pastor-teobaldo-retorna-ao-interior-para-reforcar-e-ampliar-suas-aliancas-para-2020","title":{"rendered":"Pastor Teobaldo retorna ao interior para refor\u00e7ar e ampliar suas alian\u00e7as para 2020"},"content":{"rendered":"<div style=\"text-align: justify;\">O Pr\u00e9-candidato a Prefeito de Juazeiro esteve em viagem ao interior neste final de semana, refor\u00e7ando alian\u00e7as e obtendo novos apoiadores.<\/div>\n<div style=\"text-align: justify;\"><\/div>\n<div style=\"text-align: justify;\">Segundo Teobaldo, &#8220;a viagem foi um sucesso. Fui ao NH1, Sussurana, Guanh\u00e3es, Almas, Pontal, Itamotinga, NH3, S\u00e3o Jos\u00e9 e Mani\u00e7oba. Nestes locais participei de importantes reuni\u00f5es com v\u00e1rias lideran\u00e7as, produtores, criadores e trabalhadores.&#8221; Diversos destes contatos estabeleceram alian\u00e7a com o Pr\u00e9-candidato rumo \u00e0s elei\u00e7\u00f5es de 2020<\/div>\n<div style=\"text-align: justify;\">\n<div style=\"text-align: justify;\"><\/div>\n<div style=\"text-align: justify;\">Na avalia\u00e7\u00e3o de alguns estrategistas pol\u00edticos, na aus\u00eancia de apoio de grandes nomes e lideran\u00e7as da Pol\u00edtica tradicional em Juazeiro, o Pastor vem fazendo um jogo bonito pela movimenta\u00e7\u00e3o e constru\u00e7\u00e3o de uma rede de apoio popular que vai bem al\u00e9m da comunidade religiosa e que se faz propositiva com ideias ousadas e inovadoras.<\/div>\n<\/div>\n<div style=\"text-align: justify;\"><img decoding=\"async\" src=\"http:\/\/4.bp.blogspot.com\/-DHJxXvzlPLY\/XcCGBFOJwtI\/AAAAAAAB--k\/Dak7EW5y69QaHs-oQfnW2_g_JQxh1wBMwCK4BGAYYCw\/s1600\/WhatsApp%2BImage%2B2019-11-04%2Bat%2B17.56.45.jpeg\" \/><img decoding=\"async\" src=\"https:\/\/4.bp.blogspot.com\/-fhTzPKpSMNY\/XcCGBssj02I\/AAAAAAAB--s\/tLTSp2db71MhZi2_slBXmtDVgZxJBBzjACK4BGAYYCw\/s640\/WhatsApp%2BImage%2B2019-11-04%2Bat%2B17.56.44.jpeg\" \/><img decoding=\"async\" src=\"https:\/\/4.bp.blogspot.com\/-Ty4Mv6tboEI\/XcCFtxIW0wI\/AAAAAAAB-9Q\/7NScbGKLSwUpPKW9CcdOtfa_pjJY8j3RwCK4BGAYYCw\/s640\/WhatsApp%2BImage%2B2019-11-04%2Bat%2B17.56.29.jpeg\" \/><img decoding=\"async\" src=\"https:\/\/2.bp.blogspot.com\/-qRxsdDcTMnM\/XcCGCMsfzLI\/AAAAAAAB--0\/_hcLYTLsx7EUzMfaRC2JbHrXgQc6sywLACK4BGAYYCw\/s320\/WhatsApp%2BImage%2B2019-11-04%2Bat%2B17.56.43.jpeg\" \/><img decoding=\"async\" src=\"https:\/\/4.bp.blogspot.com\/-Hzl8z4hc-5k\/XcCF3zQ2H3I\/AAAAAAAB-98\/Mb938wPiTrsesOtytiKYxFx_RSVQHARswCK4BGAYYCw\/s320\/WhatsApp%2BImage%2B2019-11-04%2Bat%2B17.56.36%2B%25281%2529.jpeg\" \/><\/div>\n<pre>Ascom Patriotas<\/pre>\n","protected":false},"excerpt":{"rendered":"<p>O Pr\u00e9-candidato a Prefeito de Juazeiro esteve em viagem ao interior neste final de semana, refor\u00e7ando alian\u00e7as e obtendo novos apoiadores. Segundo Teobaldo, &#8220;a viagem foi um sucesso. Fui ao NH1, Sussurana, Guanh\u00e3es, Almas, Pontal, Itamotinga, NH3, S\u00e3o Jos\u00e9 e Mani\u00e7oba. Nestes locais participei de importantes reuni\u00f5es com v\u00e1rias lideran\u00e7as, produtores, criadores e trabalhadores.&#8221; Diversos [&hellip;]<\/p>\n","protected":false},"author":1,"featured_media":4465,"comment_status":"open","ping_status":"open","sticky":false,"template":"","format":"standard","meta":{"_uag_custom_page_level_css":"","_monsterinsights_skip_tracking":false,"_monsterinsights_sitenote_active":false,"_monsterinsights_sitenote_note":"","_monsterinsights_sitenote_category":0,"jetpack_post_was_ever_published":false,"_jetpack_newsletter_access":"","_jetpack_dont_email_post_to_subs":false,"_jetpack_newsletter_tier_id":0,"_jetpack_memberships_contains_paywalled_content":false,"_jetpack_memberships_contains_paid_content":false,"footnotes":"","jetpack_publicize_message":"","jetpack_publicize_feature_enabled":true,"jetpack_social_post_already_shared":true,"jetpack_social_options":{"image_generator_settings":{"template":"highway","default_image_id":0,"font":"","enabled":false},"version":2}},"categories":[203],"tags":[1073,653,49],"class_list":["post-4464","post","type-post","status-publish","format-standard","has-post-thumbnail","hentry","category-juazeiro","tag-eleicao-2020","tag-pre-candidato","tag-teobaldo"],"jetpack_publicize_connections":[],"jetpack_featured_media_url":"https:\/\/blogopara.com.br\/wp-content\/uploads\/2019\/11\/teo.jpeg","uagb_featured_image_src":{"full":["https:\/\/blogopara.com.br\/wp-content\/uploads\/2019\/11\/teo.jpeg",640,480,false],"thumbnail":["https:\/\/blogopara.com.br\/wp-content\/uploads\/2019\/11\/teo-150x150.jpeg",150,150,true],"medium":["https:\/\/blogopara.com.br\/wp-content\/uploads\/2019\/11\/teo-300x225.jpeg",300,225,true],"medium_large":["https:\/\/blogopara.com.br\/wp-content\/uploads\/2019\/11\/teo.jpeg",640,480,false],"large":["https:\/\/blogopara.com.br\/wp-content\/uploads\/2019\/11\/teo.jpeg",640,480,false],"1536x1536":["https:\/\/blogopara.com.br\/wp-content\/uploads\/2019\/11\/teo.jpeg",640,480,false],"2048x2048":["https:\/\/blogopara.com.br\/wp-content\/uploads\/2019\/11\/teo.jpeg",640,480,false],"mantranews-slider-large":["https:\/\/blogopara.com.br\/wp-content\/uploads\/2019\/11\/teo.jpeg",640,480,false],"mantranews-featured-medium":["https:\/\/blogopara.com.br\/wp-content\/uploads\/2019\/11\/teo.jpeg",409,307,false],"mantranews-featured-long":["https:\/\/blogopara.com.br\/wp-content\/uploads\/2019\/11\/teo.jpeg",300,225,false],"mantranews-block-medium":["https:\/\/blogopara.com.br\/wp-content\/uploads\/2019\/11\/teo.jpeg",387,290,false],"mantranews-carousel-image":["https:\/\/blogopara.com.br\/wp-content\/uploads\/2019\/11\/teo.jpeg",600,450,false],"mantranews-block-thumb":["https:\/\/blogopara.com.br\/wp-content\/uploads\/2019\/11\/teo.jpeg",307,230,false],"mantranews-single-large":["https:\/\/blogopara.com.br\/wp-content\/uploads\/2019\/11\/teo.jpeg",640,480,false]},"uagb_author_info":{"display_name":"Reda\u00e7\u00e3o geral","author_link":"https:\/\/blogopara.com.br\/index.php\/author\/blogopara"},"uagb_comment_info":0,"uagb_excerpt":"O Pr\u00e9-candidato a Prefeito de Juazeiro esteve em viagem ao interior neste final de semana, refor\u00e7ando alian\u00e7as e obtendo novos apoiadores. Segundo Teobaldo, &#8220;a viagem foi um sucesso. Fui ao NH1, Sussurana, Guanh\u00e3es, Almas, Pontal, Itamotinga, NH3, S\u00e3o Jos\u00e9 e Mani\u00e7oba. Nestes locais participei de importantes reuni\u00f5es com v\u00e1rias lideran\u00e7as, produtores, criadores e trabalhadores.&#8221; Diversos&hellip;","jetpack_sharing_enabled":true,"jetpack_likes_enabled":true,"_links":{"self":[{"href":"https:\/\/blogopara.com.br\/index.php\/wp-json\/wp\/v2\/posts\/4464","targetHints":{"allow":["GET"]}}],"collection":[{"href":"https:\/\/blogopara.com.br\/index.php\/wp-json\/wp\/v2\/posts"}],"about":[{"href":"https:\/\/blogopara.com.br\/index.php\/wp-json\/wp\/v2\/types\/post"}],"author":[{"embeddable":true,"href":"https:\/\/blogopara.com.br\/index.php\/wp-json\/wp\/v2\/users\/1"}],"replies":[{"embeddable":true,"href":"https:\/\/blogopara.com.br\/index.php\/wp-json\/wp\/v2\/comments?post=4464"}],"version-history":[{"count":1,"href":"https:\/\/blogopara.com.br\/index.php\/wp-json\/wp\/v2\/posts\/4464\/revisions"}],"predecessor-version":[{"id":4466,"href":"https:\/\/blogopara.com.br\/index.php\/wp-json\/wp\/v2\/posts\/4464\/revisions\/4466"}],"wp:featuredmedia":[{"embeddable":true,"href":"https:\/\/blogopara.com.br\/index.php\/wp-json\/wp\/v2\/media\/4465"}],"wp:attachment":[{"href":"https:\/\/blogopara.com.br\/index.php\/wp-json\/wp\/v2\/media?parent=4464"}],"wp:term":[{"taxonomy":"category","embeddable":true,"href":"https:\/\/blogopara.com.br\/index.php\/wp-json\/wp\/v2\/categories?post=4464"},{"taxonomy":"post_tag","embeddable":true,"href":"https:\/\/blogopara.com.br\/index.php\/wp-json\/wp\/v2\/tags?post=4464"}],"curies":[{"name":"wp","href":"https:\/\/api.w.org\/{rel}","templated":true}]}}