{"id":44642,"date":"2022-10-27T12:45:00","date_gmt":"2022-10-27T15:45:00","guid":{"rendered":"https:\/\/blogopara.com.br\/?p=44642"},"modified":"2022-10-26T22:02:47","modified_gmt":"2022-10-27T01:02:47","slug":"agruras-que-vao-alem-de-qualquer-civilidade-diz-carmen-lucia-no-stf-apos-sofrer-ataques-de-roberto-jefferson","status":"publish","type":"post","link":"https:\/\/blogopara.com.br\/index.php\/2022\/10\/27\/agruras-que-vao-alem-de-qualquer-civilidade-diz-carmen-lucia-no-stf-apos-sofrer-ataques-de-roberto-jefferson","title":{"rendered":"&#8216;Agruras que v\u00e3o al\u00e9m de qualquer civilidade&#8217;, diz C\u00e1rmen L\u00facia no STF ap\u00f3s sofrer ataques de Roberto Jefferson"},"content":{"rendered":"<p style=\"text-align: justify;\">A ministra do Supremo Tribunal Federal (STF) C\u00e1rmen L\u00facia fez um discurso nesta quarta-feira (26) em agradecimento pelas manifesta\u00e7\u00f5es de apoio nos \u00faltimos dias, ap\u00f3s ter sido v\u00edtima de ataques mis\u00f3ginos e preconceituosos do ex-deputado Roberto Jefferson (PTB-RJ).<\/p>\n<p style=\"text-align: justify;\">\u201cGostaria de reafirmar que n\u00f3s somos um tribunal\u201d, afirmou, destacando que o objetivo do STF \u00e9 \u201cfazer cumprir uma Constitui\u00e7\u00e3o\u201d.<\/p>\n<p style=\"text-align: justify;\">\u201cComo j\u00e1 foi reiterado aqui, n\u00e3o \u00e9 tarefa simples. Menos ainda, em horas de tentativa de subvers\u00e3o ou de eros\u00e3o democr\u00e1tica e contra o estado de direito. [&#8230;] Dificuldades fazem parte, mas o Brasil vale a pena, o estado de direito vale a pena, a democracia vale o que cada um de n\u00f3s faz\u201d, afirmou C\u00e1rmen L\u00facia.<\/p>\n<p style=\"text-align: justify;\">\u201cV\u00e1rios de n\u00f3s passamos \u2013 nesses \u00faltimos tempos especialmente, talvez diferente de outros per\u00edodos, mas que j\u00e1 devem ter se repetido em outros per\u00edodos \u2013 por agruras que v\u00e3o al\u00e9m de qualquer civilidade\u201d, declarou.<\/p>\n<p style=\"text-align: justify;\">\u201cPortanto serenamente, do mesmo jeito, continuo julgando e acho um privil\u00e9gio na minha vida estar entre os senhores ministros desta composi\u00e7\u00e3o. Tenho certeza de que estamos juntos, porque o atingimento de um \u00e9 de todos, mas n\u00f3s temos este compromisso com este grande sonho dos homens, no caso brasileiro, constitucionalmente definidos\u201d, afirmou.<\/p>\n<p style=\"text-align: justify;\">Em v\u00eddeo publicado na internet pela filha Cristiane Brasil, Roberto Jefferson proferiu xingamentos contra a ministra por discordar de um voto dela em julgamento do Tribunal Superior Eleitoral (TSE).<\/p>\n<p style=\"text-align: justify;\">As ofensas, somadas a outras infra\u00e7\u00f5es, levaram o ministro Alexandre de Moraes a revogar a pris\u00e3o domiciliar de Roberto Jefferson e determinar o retorno dele \u00e0 pris\u00e3o. Quando a PF foi cumprir o mandado, Jefferson disparou granadas e tiros de fuzil, ferindo dois agentes. Agora, ele responde tamb\u00e9m por quatro tentativas de homic\u00eddio.<\/p>\n<p style=\"text-align: justify;\">Jefferson voltou ainda a ofender a ministra na audi\u00eancia de cust\u00f3dia que manteve a pris\u00e3o preventiva do pol\u00edtico em regime fechado.<\/p>\n<p style=\"text-align: justify;\"><strong>Apoio de colegas<\/strong><\/p>\n<p style=\"text-align: justify;\">Na abertura da sess\u00e3o desta quarta, a presidente do STF, ministra Rosa Weber, leu em plen\u00e1rio a nota de rep\u00fadio \u00e0s agress\u00f5es que j\u00e1 tinha sido divulgada pelo tribunal.<\/p>\n<p style=\"text-align: justify;\">O texto diz que o STF &#8220;manifesta seu veemente rep\u00fadio \u00e0 agress\u00e3o s\u00f3rdida e vil, express\u00e3o da mais repulsiva misoginia, de que foi v\u00edtima a ministra C\u00e1rmen L\u00facia&#8221; e que &#8220;condutas covardes dessa natureza s\u00e3o inadmiss\u00edveis em uma democracia&#8221;.<\/p>\n<p style=\"text-align: justify;\">Ap\u00f3s o discurso de C\u00e1rmen L\u00facia, Rosa Weber retomou a palavra e afirmou que a colega de plen\u00e1rio conta com o apoio da Corte \u2013 e que o STF continuar\u00e1 na defesa do estado democr\u00e1tico de direito.<\/p>\n<p style=\"text-align: justify;\">\u201cVossa Excel\u00eancia \u00e9 um expoente dessa Suprema Corte, \u00e9 uma estrela de primeira grandeza, n\u00e3o s\u00f3 da magistratura constitucional, como do magist\u00e9rio jur\u00eddico da academia e cidad\u00e3 de primeira linha\u201d, disse.<\/p>\n<p style=\"text-align: justify;\">Decano da Corte, o ministro Gilmar Mendes tamb\u00e9m discursou em apoio a C\u00e1rmen L\u00facia, em nome do plen\u00e1rio. E disse ser uma &#8220;sorte&#8221; poder contar com a magistrada no tribunal.<\/p>\n<p style=\"text-align: justify;\">\u201cA Rep\u00fablica sobreviver\u00e1. Porque a Rep\u00fablica \u00e9 mulher. E que bom que temos a honra, alegria e satisfa\u00e7\u00e3o de contar, neste caminho, com a eminente ministra C\u00e1rmen L\u00facia\u201d, disse.<\/p>\n<p style=\"text-align: justify;\">Sem citar Roberto Jefferson, Gilmar Mendes disse que \u201cum magistrado n\u00e3o \u00e9 acometido de alegria ao sentenciar um cidad\u00e3o \u00e0 pena privativa de liberdade\u201d. \u201cAo magistrado cabe cumprir seu papel\u201d, declarou.<\/p>\n<p style=\"text-align: justify;\">\u201cA ci\u00eancia de nosso papel no mundo possui um efeito quase que \u201cterap\u00eautico\u201d quando nos defrontamos com um corvo e seus crocitos de mau agouro\u201d, continuou. \u201cDiante de n\u00f3s, n\u00e3o faltam corvos a crocitar. Em alguns momentos, a sordidez moral \u00e9 tamanha que n\u00e3o \u00e9 tarefa simples vislumbrar quaisquer aspectos positivos.\u201d<\/p>\n<p style=\"text-align: justify;\">Mendes tamb\u00e9m citou o que chamou de \u201crecrudescimento do populismo autorit\u00e1rio em escala global\u201d e disse que \u201cestrat\u00e9gias de \u00f3dio e discursos sect\u00e1rios de radicaliza\u00e7\u00e3o pol\u00edtica, amplificados por uma m\u00e1quina de desinforma\u00e7\u00e3o, t\u00eam comprometido o debate p\u00fablico, colocando em risco garantias individuais\u201d.<\/p>\n<p style=\"text-align: justify;\">\u201cNessa realidade paralela, os que militam por ditadura apresentam-se como defensores da liberdade. Como uma mentira dita mil vezes come\u00e7a a assumir tons de verdade, qualquer decis\u00e3o do Tribunal que busque proteger o Estado Democr\u00e1tico de Direito passa a ser descrita, histericamente, como um abuso. \u00c9 assim que o Poder Judici\u00e1rio, um poder desarmado, consegue ser pintado como \u2018golpista\u2019, afirmou.<\/p>\n","protected":false},"excerpt":{"rendered":"<p>A ministra do Supremo Tribunal Federal (STF) C\u00e1rmen L\u00facia fez um discurso nesta quarta-feira (26) em agradecimento pelas manifesta\u00e7\u00f5es de apoio nos \u00faltimos dias, ap\u00f3s ter sido v\u00edtima de ataques mis\u00f3ginos e preconceituosos do ex-deputado Roberto Jefferson (PTB-RJ). \u201cGostaria de reafirmar que n\u00f3s somos um tribunal\u201d, afirmou, destacando que o objetivo do STF \u00e9 \u201cfazer [&hellip;]<\/p>\n","protected":false},"author":1,"featured_media":44643,"comment_status":"closed","ping_status":"open","sticky":false,"template":"","format":"standard","meta":{"_uag_custom_page_level_css":"","_monsterinsights_skip_tracking":false,"_monsterinsights_sitenote_active":false,"_monsterinsights_sitenote_note":"","_monsterinsights_sitenote_category":0,"jetpack_post_was_ever_published":false,"_jetpack_newsletter_access":"","_jetpack_dont_email_post_to_subs":false,"_jetpack_newsletter_tier_id":0,"_jetpack_memberships_contains_paywalled_content":false,"_jetpack_memberships_contains_paid_content":false,"footnotes":"","jetpack_publicize_message":"","jetpack_publicize_feature_enabled":true,"jetpack_social_post_already_shared":true,"jetpack_social_options":{"image_generator_settings":{"template":"highway","default_image_id":0,"font":"","enabled":false},"version":2}},"categories":[197],"tags":[194],"class_list":["post-44642","post","type-post","status-publish","format-standard","has-post-thumbnail","hentry","category-politica","tag-violencia-contra-mulher"],"jetpack_publicize_connections":[],"jetpack_featured_media_url":"https:\/\/blogopara.com.br\/wp-content\/uploads\/2022\/10\/WhatsApp-Image-2022-10-26-at-15_51_19.jpg","uagb_featured_image_src":{"full":["https:\/\/blogopara.com.br\/wp-content\/uploads\/2022\/10\/WhatsApp-Image-2022-10-26-at-15_51_19.jpg",500,281,false],"thumbnail":["https:\/\/blogopara.com.br\/wp-content\/uploads\/2022\/10\/WhatsApp-Image-2022-10-26-at-15_51_19-150x150.jpg",150,150,true],"medium":["https:\/\/blogopara.com.br\/wp-content\/uploads\/2022\/10\/WhatsApp-Image-2022-10-26-at-15_51_19-300x169.jpg",300,169,true],"medium_large":["https:\/\/blogopara.com.br\/wp-content\/uploads\/2022\/10\/WhatsApp-Image-2022-10-26-at-15_51_19.jpg",500,281,false],"large":["https:\/\/blogopara.com.br\/wp-content\/uploads\/2022\/10\/WhatsApp-Image-2022-10-26-at-15_51_19.jpg",500,281,false],"1536x1536":["https:\/\/blogopara.com.br\/wp-content\/uploads\/2022\/10\/WhatsApp-Image-2022-10-26-at-15_51_19.jpg",500,281,false],"2048x2048":["https:\/\/blogopara.com.br\/wp-content\/uploads\/2022\/10\/WhatsApp-Image-2022-10-26-at-15_51_19.jpg",500,281,false],"mantranews-slider-large":["https:\/\/blogopara.com.br\/wp-content\/uploads\/2022\/10\/WhatsApp-Image-2022-10-26-at-15_51_19.jpg",500,281,false],"mantranews-featured-medium":["https:\/\/blogopara.com.br\/wp-content\/uploads\/2022\/10\/WhatsApp-Image-2022-10-26-at-15_51_19-420x281.jpg",420,281,true],"mantranews-featured-long":["https:\/\/blogopara.com.br\/wp-content\/uploads\/2022\/10\/WhatsApp-Image-2022-10-26-at-15_51_19-300x281.jpg",300,281,true],"mantranews-block-medium":["https:\/\/blogopara.com.br\/wp-content\/uploads\/2022\/10\/WhatsApp-Image-2022-10-26-at-15_51_19-464x281.jpg",464,281,true],"mantranews-carousel-image":["https:\/\/blogopara.com.br\/wp-content\/uploads\/2022\/10\/WhatsApp-Image-2022-10-26-at-15_51_19.jpg",500,281,false],"mantranews-block-thumb":["https:\/\/blogopara.com.br\/wp-content\/uploads\/2022\/10\/WhatsApp-Image-2022-10-26-at-15_51_19-322x230.jpg",322,230,true],"mantranews-single-large":["https:\/\/blogopara.com.br\/wp-content\/uploads\/2022\/10\/WhatsApp-Image-2022-10-26-at-15_51_19.jpg",500,281,false]},"uagb_author_info":{"display_name":"Reda\u00e7\u00e3o geral","author_link":"https:\/\/blogopara.com.br\/index.php\/author\/blogopara"},"uagb_comment_info":0,"uagb_excerpt":"A ministra do Supremo Tribunal Federal (STF) C\u00e1rmen L\u00facia fez um discurso nesta quarta-feira (26) em agradecimento pelas manifesta\u00e7\u00f5es de apoio nos \u00faltimos dias, ap\u00f3s ter sido v\u00edtima de ataques mis\u00f3ginos e preconceituosos do ex-deputado Roberto Jefferson (PTB-RJ). \u201cGostaria de reafirmar que n\u00f3s somos um tribunal\u201d, afirmou, destacando que o objetivo do STF \u00e9 \u201cfazer&hellip;","jetpack_sharing_enabled":true,"jetpack_likes_enabled":true,"_links":{"self":[{"href":"https:\/\/blogopara.com.br\/index.php\/wp-json\/wp\/v2\/posts\/44642","targetHints":{"allow":["GET"]}}],"collection":[{"href":"https:\/\/blogopara.com.br\/index.php\/wp-json\/wp\/v2\/posts"}],"about":[{"href":"https:\/\/blogopara.com.br\/index.php\/wp-json\/wp\/v2\/types\/post"}],"author":[{"embeddable":true,"href":"https:\/\/blogopara.com.br\/index.php\/wp-json\/wp\/v2\/users\/1"}],"replies":[{"embeddable":true,"href":"https:\/\/blogopara.com.br\/index.php\/wp-json\/wp\/v2\/comments?post=44642"}],"version-history":[{"count":1,"href":"https:\/\/blogopara.com.br\/index.php\/wp-json\/wp\/v2\/posts\/44642\/revisions"}],"predecessor-version":[{"id":44644,"href":"https:\/\/blogopara.com.br\/index.php\/wp-json\/wp\/v2\/posts\/44642\/revisions\/44644"}],"wp:featuredmedia":[{"embeddable":true,"href":"https:\/\/blogopara.com.br\/index.php\/wp-json\/wp\/v2\/media\/44643"}],"wp:attachment":[{"href":"https:\/\/blogopara.com.br\/index.php\/wp-json\/wp\/v2\/media?parent=44642"}],"wp:term":[{"taxonomy":"category","embeddable":true,"href":"https:\/\/blogopara.com.br\/index.php\/wp-json\/wp\/v2\/categories?post=44642"},{"taxonomy":"post_tag","embeddable":true,"href":"https:\/\/blogopara.com.br\/index.php\/wp-json\/wp\/v2\/tags?post=44642"}],"curies":[{"name":"wp","href":"https:\/\/api.w.org\/{rel}","templated":true}]}}