{"id":44648,"date":"2022-10-27T14:45:00","date_gmt":"2022-10-27T17:45:00","guid":{"rendered":"https:\/\/blogopara.com.br\/?p=44648"},"modified":"2022-10-27T12:31:04","modified_gmt":"2022-10-27T15:31:04","slug":"partidos-e-candidatos-tem-ate-terca-para-prestar-contas-do-1-turno","status":"publish","type":"post","link":"https:\/\/blogopara.com.br\/index.php\/2022\/10\/27\/partidos-e-candidatos-tem-ate-terca-para-prestar-contas-do-1-turno","title":{"rendered":"Partidos e candidatos t\u00eam at\u00e9 ter\u00e7a para prestar contas do 1\u00b0 turno"},"content":{"rendered":"<div class=\"post-item-wrap\">\n<p style=\"text-align: justify;\">Partidos pol\u00edticos e candidatos a cargos eletivos que disputaram o primeiro turno das elei\u00e7\u00f5es gerais deste ano t\u00eam at\u00e9 a pr\u00f3xima ter\u00e7a-feira (1\u00b0) para prestar contas \u00e0 Justi\u00e7a Eleitoral sobre gastos de campanha.<img decoding=\"async\" src=\"https:\/\/agenciabrasil.ebc.com.br\/ebc.png?id=1490520&amp;o=node\" \/><img decoding=\"async\" src=\"https:\/\/agenciabrasil.ebc.com.br\/ebc.gif?id=1490520&amp;o=node\" \/><\/p>\n<p style=\"text-align: justify;\">Os partidos que concorreram isoladamente, em coliga\u00e7\u00e3o ou que integram federa\u00e7\u00e3o partid\u00e1ria devem apresentar o detalhamento da movimenta\u00e7\u00e3o financeira de forma individualizada, nos n\u00edveis municipal, regional e nacional. Devem ser informados inclusive as receitas e os gastos relativos a candidatos a vice e suplentes, quando houver.<\/p>\n<p style=\"text-align: justify;\">Apesar da proximidade do prazo final, apenas 9,74% dos candidatos e 1,43% das agremia\u00e7\u00f5es tinham prestado contas \u00e0 Justi\u00e7a Eleitoral at\u00e9 a manh\u00e3 de hoje (27).<\/p>\n<p style=\"text-align: justify;\">Em nota, o TSE aconselhou os respons\u00e1veis por repassar as informa\u00e7\u00f5es partid\u00e1rias a agilizar o envio, n\u00e3o deixando para faz\u00ea-lo na \u00faltima hora. Principalmente porque, devido \u00e0 realiza\u00e7\u00e3o do segundo turno, no pr\u00f3ximo domingo (30), os sistemas eletr\u00f4nicos do tribunal estar\u00e3o indispon\u00edveis a partir das 18h de 28 de outubro at\u00e9 as 8h de 31 de outubro.<\/p>\n<p style=\"text-align: justify;\">As legendas que deixarem de prestar contas \u00e0 Justi\u00e7a Eleitoral podem perder o direito \u00e0s cotas dos fundos Partid\u00e1rio e Especial de Financiamento de Campanha at\u00e9 que a irregularidade seja resolvida. Tamb\u00e9m pode haver a suspens\u00e3o do registro ou da anota\u00e7\u00e3o do \u00f3rg\u00e3o partid\u00e1rio, ap\u00f3s decis\u00e3o, com tr\u00e2nsito em julgado, precedida de processo regular que assegure ampla defesa.<\/p>\n<\/div>\n","protected":false},"excerpt":{"rendered":"<p>Partidos pol\u00edticos e candidatos a cargos eletivos que disputaram o primeiro turno das elei\u00e7\u00f5es gerais deste ano t\u00eam at\u00e9 a pr\u00f3xima ter\u00e7a-feira (1\u00b0) para prestar contas \u00e0 Justi\u00e7a Eleitoral sobre gastos de campanha. Os partidos que concorreram isoladamente, em coliga\u00e7\u00e3o ou que integram federa\u00e7\u00e3o partid\u00e1ria devem apresentar o detalhamento da movimenta\u00e7\u00e3o financeira de forma individualizada, [&hellip;]<\/p>\n","protected":false},"author":1,"featured_media":14310,"comment_status":"closed","ping_status":"open","sticky":false,"template":"","format":"standard","meta":{"_uag_custom_page_level_css":"","_monsterinsights_skip_tracking":false,"_monsterinsights_sitenote_active":false,"_monsterinsights_sitenote_note":"","_monsterinsights_sitenote_category":0,"jetpack_post_was_ever_published":false,"_jetpack_newsletter_access":"","_jetpack_dont_email_post_to_subs":false,"_jetpack_newsletter_tier_id":0,"_jetpack_memberships_contains_paywalled_content":false,"_jetpack_memberships_contains_paid_content":false,"footnotes":"","jetpack_publicize_message":"","jetpack_publicize_feature_enabled":true,"jetpack_social_post_already_shared":true,"jetpack_social_options":{"image_generator_settings":{"template":"highway","default_image_id":0,"font":"","enabled":false},"version":2}},"categories":[10109],"tags":[1327],"class_list":["post-44648","post","type-post","status-publish","format-standard","has-post-thumbnail","hentry","category-eleicoes-2022","tag-eleicoes-2022"],"jetpack_publicize_connections":[],"jetpack_featured_media_url":"https:\/\/blogopara.com.br\/wp-content\/uploads\/2020\/09\/20200915095346836130u.jpg","uagb_featured_image_src":{"full":["https:\/\/blogopara.com.br\/wp-content\/uploads\/2020\/09\/20200915095346836130u.jpg",500,321,false],"thumbnail":["https:\/\/blogopara.com.br\/wp-content\/uploads\/2020\/09\/20200915095346836130u-150x150.jpg",150,150,true],"medium":["https:\/\/blogopara.com.br\/wp-content\/uploads\/2020\/09\/20200915095346836130u-300x193.jpg",300,193,true],"medium_large":["https:\/\/blogopara.com.br\/wp-content\/uploads\/2020\/09\/20200915095346836130u.jpg",500,321,false],"large":["https:\/\/blogopara.com.br\/wp-content\/uploads\/2020\/09\/20200915095346836130u.jpg",500,321,false],"1536x1536":["https:\/\/blogopara.com.br\/wp-content\/uploads\/2020\/09\/20200915095346836130u.jpg",500,321,false],"2048x2048":["https:\/\/blogopara.com.br\/wp-content\/uploads\/2020\/09\/20200915095346836130u.jpg",500,321,false],"mantranews-slider-large":["https:\/\/blogopara.com.br\/wp-content\/uploads\/2020\/09\/20200915095346836130u.jpg",500,321,false],"mantranews-featured-medium":["https:\/\/blogopara.com.br\/wp-content\/uploads\/2020\/09\/20200915095346836130u-420x307.jpg",420,307,true],"mantranews-featured-long":["https:\/\/blogopara.com.br\/wp-content\/uploads\/2020\/09\/20200915095346836130u-300x321.jpg",300,321,true],"mantranews-block-medium":["https:\/\/blogopara.com.br\/wp-content\/uploads\/2020\/09\/20200915095346836130u-464x290.jpg",464,290,true],"mantranews-carousel-image":["https:\/\/blogopara.com.br\/wp-content\/uploads\/2020\/09\/20200915095346836130u.jpg",500,321,false],"mantranews-block-thumb":["https:\/\/blogopara.com.br\/wp-content\/uploads\/2020\/09\/20200915095346836130u-322x230.jpg",322,230,true],"mantranews-single-large":["https:\/\/blogopara.com.br\/wp-content\/uploads\/2020\/09\/20200915095346836130u.jpg",500,321,false]},"uagb_author_info":{"display_name":"Reda\u00e7\u00e3o geral","author_link":"https:\/\/blogopara.com.br\/index.php\/author\/blogopara"},"uagb_comment_info":0,"uagb_excerpt":"Partidos pol\u00edticos e candidatos a cargos eletivos que disputaram o primeiro turno das elei\u00e7\u00f5es gerais deste ano t\u00eam at\u00e9 a pr\u00f3xima ter\u00e7a-feira (1\u00b0) para prestar contas \u00e0 Justi\u00e7a Eleitoral sobre gastos de campanha. Os partidos que concorreram isoladamente, em coliga\u00e7\u00e3o ou que integram federa\u00e7\u00e3o partid\u00e1ria devem apresentar o detalhamento da movimenta\u00e7\u00e3o financeira de forma individualizada,&hellip;","jetpack_sharing_enabled":true,"jetpack_likes_enabled":true,"_links":{"self":[{"href":"https:\/\/blogopara.com.br\/index.php\/wp-json\/wp\/v2\/posts\/44648","targetHints":{"allow":["GET"]}}],"collection":[{"href":"https:\/\/blogopara.com.br\/index.php\/wp-json\/wp\/v2\/posts"}],"about":[{"href":"https:\/\/blogopara.com.br\/index.php\/wp-json\/wp\/v2\/types\/post"}],"author":[{"embeddable":true,"href":"https:\/\/blogopara.com.br\/index.php\/wp-json\/wp\/v2\/users\/1"}],"replies":[{"embeddable":true,"href":"https:\/\/blogopara.com.br\/index.php\/wp-json\/wp\/v2\/comments?post=44648"}],"version-history":[{"count":1,"href":"https:\/\/blogopara.com.br\/index.php\/wp-json\/wp\/v2\/posts\/44648\/revisions"}],"predecessor-version":[{"id":44649,"href":"https:\/\/blogopara.com.br\/index.php\/wp-json\/wp\/v2\/posts\/44648\/revisions\/44649"}],"wp:featuredmedia":[{"embeddable":true,"href":"https:\/\/blogopara.com.br\/index.php\/wp-json\/wp\/v2\/media\/14310"}],"wp:attachment":[{"href":"https:\/\/blogopara.com.br\/index.php\/wp-json\/wp\/v2\/media?parent=44648"}],"wp:term":[{"taxonomy":"category","embeddable":true,"href":"https:\/\/blogopara.com.br\/index.php\/wp-json\/wp\/v2\/categories?post=44648"},{"taxonomy":"post_tag","embeddable":true,"href":"https:\/\/blogopara.com.br\/index.php\/wp-json\/wp\/v2\/tags?post=44648"}],"curies":[{"name":"wp","href":"https:\/\/api.w.org\/{rel}","templated":true}]}}