{"id":44650,"date":"2022-10-27T15:35:00","date_gmt":"2022-10-27T18:35:00","guid":{"rendered":"https:\/\/blogopara.com.br\/?p=44650"},"modified":"2022-10-27T12:34:56","modified_gmt":"2022-10-27T15:34:56","slug":"edicao-da-fenagri-e-adiada-para-agosto-de-2023","status":"publish","type":"post","link":"https:\/\/blogopara.com.br\/index.php\/2022\/10\/27\/edicao-da-fenagri-e-adiada-para-agosto-de-2023","title":{"rendered":"Edi\u00e7\u00e3o da Fenagri \u00e9 adiada para agosto de 2023"},"content":{"rendered":"<p style=\"text-align: justify;\">A Prefeitura de Petrolina e a Associa\u00e7\u00e3o dos Produtores e Exportadores de Hortigranjeiros e Derivados do Vale do S\u00e3o Francisco (Valexport) informam que a 28\u00aa edi\u00e7\u00e3o da Feira Nacional da Agricultura Irrigada (Fenagri) ser\u00e1 adiada devido a inviabilidades t\u00e9cnicas. Al\u00e9m disso, por conta da grandiosidade e import\u00e2ncia do evento, alguns ajustes ser\u00e3o necess\u00e1rios.<\/p>\n<p style=\"text-align: justify;\">O evento estava previsto para acontecer entre os dias 16 a 19 de novembro, no P\u00e1tio Ana das Carrancas. Agora, foi transferido para o per\u00edodo de 09 a 12 de agosto de 2023.<\/p>\n<p style=\"text-align: justify;\">Com o tema &#8216;Agricultura 4.0: Tecnologia e Inova\u00e7\u00e3o&#8217;, a Fenagri ter\u00e1 al\u00e9m da rodada de neg\u00f3cios, minicursos, semin\u00e1rios, feira de neg\u00f3cios da economia solid\u00e1ria\/agricultura familiar, visitas t\u00e9cnicas e a mostra de produtos e servi\u00e7os em uma estruturada \u00e1rea de exposi\u00e7\u00f5es.<\/p>\n<p style=\"text-align: justify;\">\n<div>\n<div id=\"denakop-auto-intext-73bdf931-42a6-4173-80ec-0ada544c02fb\" data-google-query-id=\"CL2XlLHdgPsCFaAzuQYdEPADrA\">\n<div id=\"google_ads_iframe_\/21715141650,133092422\/desktop_intext_0__container__\"><\/div>\n<\/div>\n<\/div>\n","protected":false},"excerpt":{"rendered":"<p>A Prefeitura de Petrolina e a Associa\u00e7\u00e3o dos Produtores e Exportadores de Hortigranjeiros e Derivados do Vale do S\u00e3o Francisco (Valexport) informam que a 28\u00aa edi\u00e7\u00e3o da Feira Nacional da Agricultura Irrigada (Fenagri) ser\u00e1 adiada devido a inviabilidades t\u00e9cnicas. Al\u00e9m disso, por conta da grandiosidade e import\u00e2ncia do evento, alguns ajustes ser\u00e3o necess\u00e1rios. O evento [&hellip;]<\/p>\n","protected":false},"author":1,"featured_media":44651,"comment_status":"closed","ping_status":"open","sticky":false,"template":"","format":"standard","meta":{"_uag_custom_page_level_css":"","_monsterinsights_skip_tracking":false,"_monsterinsights_sitenote_active":false,"_monsterinsights_sitenote_note":"","_monsterinsights_sitenote_category":0,"jetpack_post_was_ever_published":false,"_jetpack_newsletter_access":"","_jetpack_dont_email_post_to_subs":false,"_jetpack_newsletter_tier_id":0,"_jetpack_memberships_contains_paywalled_content":false,"_jetpack_memberships_contains_paid_content":false,"footnotes":"","jetpack_publicize_message":"","jetpack_publicize_feature_enabled":true,"jetpack_social_post_already_shared":true,"jetpack_social_options":{"image_generator_settings":{"template":"highway","default_image_id":0,"font":"","enabled":false},"version":2}},"categories":[10088],"tags":[2686],"class_list":["post-44650","post","type-post","status-publish","format-standard","has-post-thumbnail","hentry","category-agricultura","tag-fenagri"],"jetpack_publicize_connections":[],"jetpack_featured_media_url":"https:\/\/blogopara.com.br\/wp-content\/uploads\/2022\/10\/LOGO-FENAGRI.jpg","uagb_featured_image_src":{"full":["https:\/\/blogopara.com.br\/wp-content\/uploads\/2022\/10\/LOGO-FENAGRI.jpg",500,379,false],"thumbnail":["https:\/\/blogopara.com.br\/wp-content\/uploads\/2022\/10\/LOGO-FENAGRI-150x150.jpg",150,150,true],"medium":["https:\/\/blogopara.com.br\/wp-content\/uploads\/2022\/10\/LOGO-FENAGRI-300x227.jpg",300,227,true],"medium_large":["https:\/\/blogopara.com.br\/wp-content\/uploads\/2022\/10\/LOGO-FENAGRI.jpg",500,379,false],"large":["https:\/\/blogopara.com.br\/wp-content\/uploads\/2022\/10\/LOGO-FENAGRI.jpg",500,379,false],"1536x1536":["https:\/\/blogopara.com.br\/wp-content\/uploads\/2022\/10\/LOGO-FENAGRI.jpg",500,379,false],"2048x2048":["https:\/\/blogopara.com.br\/wp-content\/uploads\/2022\/10\/LOGO-FENAGRI.jpg",500,379,false],"mantranews-slider-large":["https:\/\/blogopara.com.br\/wp-content\/uploads\/2022\/10\/LOGO-FENAGRI.jpg",500,379,false],"mantranews-featured-medium":["https:\/\/blogopara.com.br\/wp-content\/uploads\/2022\/10\/LOGO-FENAGRI-420x307.jpg",420,307,true],"mantranews-featured-long":["https:\/\/blogopara.com.br\/wp-content\/uploads\/2022\/10\/LOGO-FENAGRI-300x379.jpg",300,379,true],"mantranews-block-medium":["https:\/\/blogopara.com.br\/wp-content\/uploads\/2022\/10\/LOGO-FENAGRI-464x290.jpg",464,290,true],"mantranews-carousel-image":["https:\/\/blogopara.com.br\/wp-content\/uploads\/2022\/10\/LOGO-FENAGRI.jpg",500,379,false],"mantranews-block-thumb":["https:\/\/blogopara.com.br\/wp-content\/uploads\/2022\/10\/LOGO-FENAGRI-322x230.jpg",322,230,true],"mantranews-single-large":["https:\/\/blogopara.com.br\/wp-content\/uploads\/2022\/10\/LOGO-FENAGRI.jpg",500,379,false]},"uagb_author_info":{"display_name":"Reda\u00e7\u00e3o geral","author_link":"https:\/\/blogopara.com.br\/index.php\/author\/blogopara"},"uagb_comment_info":0,"uagb_excerpt":"A Prefeitura de Petrolina e a Associa\u00e7\u00e3o dos Produtores e Exportadores de Hortigranjeiros e Derivados do Vale do S\u00e3o Francisco (Valexport) informam que a 28\u00aa edi\u00e7\u00e3o da Feira Nacional da Agricultura Irrigada (Fenagri) ser\u00e1 adiada devido a inviabilidades t\u00e9cnicas. Al\u00e9m disso, por conta da grandiosidade e import\u00e2ncia do evento, alguns ajustes ser\u00e3o necess\u00e1rios. O evento&hellip;","jetpack_sharing_enabled":true,"jetpack_likes_enabled":true,"_links":{"self":[{"href":"https:\/\/blogopara.com.br\/index.php\/wp-json\/wp\/v2\/posts\/44650","targetHints":{"allow":["GET"]}}],"collection":[{"href":"https:\/\/blogopara.com.br\/index.php\/wp-json\/wp\/v2\/posts"}],"about":[{"href":"https:\/\/blogopara.com.br\/index.php\/wp-json\/wp\/v2\/types\/post"}],"author":[{"embeddable":true,"href":"https:\/\/blogopara.com.br\/index.php\/wp-json\/wp\/v2\/users\/1"}],"replies":[{"embeddable":true,"href":"https:\/\/blogopara.com.br\/index.php\/wp-json\/wp\/v2\/comments?post=44650"}],"version-history":[{"count":1,"href":"https:\/\/blogopara.com.br\/index.php\/wp-json\/wp\/v2\/posts\/44650\/revisions"}],"predecessor-version":[{"id":44652,"href":"https:\/\/blogopara.com.br\/index.php\/wp-json\/wp\/v2\/posts\/44650\/revisions\/44652"}],"wp:featuredmedia":[{"embeddable":true,"href":"https:\/\/blogopara.com.br\/index.php\/wp-json\/wp\/v2\/media\/44651"}],"wp:attachment":[{"href":"https:\/\/blogopara.com.br\/index.php\/wp-json\/wp\/v2\/media?parent=44650"}],"wp:term":[{"taxonomy":"category","embeddable":true,"href":"https:\/\/blogopara.com.br\/index.php\/wp-json\/wp\/v2\/categories?post=44650"},{"taxonomy":"post_tag","embeddable":true,"href":"https:\/\/blogopara.com.br\/index.php\/wp-json\/wp\/v2\/tags?post=44650"}],"curies":[{"name":"wp","href":"https:\/\/api.w.org\/{rel}","templated":true}]}}