{"id":44653,"date":"2022-10-27T18:36:00","date_gmt":"2022-10-27T21:36:00","guid":{"rendered":"https:\/\/blogopara.com.br\/?p=44653"},"modified":"2022-10-27T12:39:10","modified_gmt":"2022-10-27T15:39:10","slug":"cerimonia-de-emissao-da-zeresima-acontece-neste-sabado-29","status":"publish","type":"post","link":"https:\/\/blogopara.com.br\/index.php\/2022\/10\/27\/cerimonia-de-emissao-da-zeresima-acontece-neste-sabado-29","title":{"rendered":"Cerim\u00f4nia de Emiss\u00e3o da Zer\u00e9sima acontece neste s\u00e1bado (29)"},"content":{"rendered":"<p style=\"text-align: justify;\">O Tribunal Regional Eleitoral da Bahia (TRE-BA) realizar\u00e1, neste s\u00e1bado (29\/10), a Cerim\u00f4nia de Emiss\u00e3o do Relat\u00f3rio da Zer\u00e9sima do Sistema de Gerenciamento da Totaliza\u00e7\u00e3o dos Resultados (SISTOT). O procedimento est\u00e1 marcado para 13h e acontecer\u00e1 na Sala da Comiss\u00e3o Apuradora das Elei\u00e7\u00f5es 2022, localizada na sede do Regional, no CAB.<\/p>\n<p style=\"text-align: justify;\">De acordo com o edital TRE-BA N\u00ba 92, de 18 de outubro de 2022, publicado no Di\u00e1rio da Justi\u00e7a Eletr\u00f4nico (DJE), a cerim\u00f4nia tem a finalidade de comprovar a inexist\u00eancia de votos computados no SISTOT, relativamente ao 2\u00ba turno da elei\u00e7\u00e3o para governador e vice-governador.<\/p>\n<p style=\"text-align: justify;\">O procedimento \u00e9 aberto ao p\u00fablico e dever\u00e1 ser acompanhado por representantes do Minist\u00e9rio P\u00fablico, da Ordem dos Advogados do Brasil, fiscais, delegados e delegadas dos partidos, das federa\u00e7\u00f5es de partidos, das coliga\u00e7\u00f5es, da imprensa e demais interessados.<\/p>\n<p style=\"text-align: justify;\">\n<div>\n<div id=\"denakop-auto-intext-751322bd-b4aa-4252-ba75-5630651f0ad8\" data-google-query-id=\"CIKg4LHegPsCFeYYuQYdi80Big\">\n<div id=\"google_ads_iframe_\/21715141650,133092422\/desktop_intext_0__container__\" style=\"text-align: justify;\"><\/div>\n<\/div>\n<\/div>\n","protected":false},"excerpt":{"rendered":"<p>O Tribunal Regional Eleitoral da Bahia (TRE-BA) realizar\u00e1, neste s\u00e1bado (29\/10), a Cerim\u00f4nia de Emiss\u00e3o do Relat\u00f3rio da Zer\u00e9sima do Sistema de Gerenciamento da Totaliza\u00e7\u00e3o dos Resultados (SISTOT). O procedimento est\u00e1 marcado para 13h e acontecer\u00e1 na Sala da Comiss\u00e3o Apuradora das Elei\u00e7\u00f5es 2022, localizada na sede do Regional, no CAB. De acordo com o [&hellip;]<\/p>\n","protected":false},"author":1,"featured_media":44654,"comment_status":"closed","ping_status":"open","sticky":false,"template":"","format":"standard","meta":{"_uag_custom_page_level_css":"","_monsterinsights_skip_tracking":false,"_monsterinsights_sitenote_active":false,"_monsterinsights_sitenote_note":"","_monsterinsights_sitenote_category":0,"jetpack_post_was_ever_published":false,"_jetpack_newsletter_access":"","_jetpack_dont_email_post_to_subs":false,"_jetpack_newsletter_tier_id":0,"_jetpack_memberships_contains_paywalled_content":false,"_jetpack_memberships_contains_paid_content":false,"footnotes":"","jetpack_publicize_message":"","jetpack_publicize_feature_enabled":true,"jetpack_social_post_already_shared":true,"jetpack_social_options":{"image_generator_settings":{"template":"highway","default_image_id":0,"font":"","enabled":false},"version":2}},"categories":[10109],"tags":[1327],"class_list":["post-44653","post","type-post","status-publish","format-standard","has-post-thumbnail","hentry","category-eleicoes-2022","tag-eleicoes-2022"],"jetpack_publicize_connections":[],"jetpack_featured_media_url":"https:\/\/blogopara.com.br\/wp-content\/uploads\/2022\/10\/zeressima26.jpg","uagb_featured_image_src":{"full":["https:\/\/blogopara.com.br\/wp-content\/uploads\/2022\/10\/zeressima26.jpg",500,240,false],"thumbnail":["https:\/\/blogopara.com.br\/wp-content\/uploads\/2022\/10\/zeressima26-150x150.jpg",150,150,true],"medium":["https:\/\/blogopara.com.br\/wp-content\/uploads\/2022\/10\/zeressima26-300x144.jpg",300,144,true],"medium_large":["https:\/\/blogopara.com.br\/wp-content\/uploads\/2022\/10\/zeressima26.jpg",500,240,false],"large":["https:\/\/blogopara.com.br\/wp-content\/uploads\/2022\/10\/zeressima26.jpg",500,240,false],"1536x1536":["https:\/\/blogopara.com.br\/wp-content\/uploads\/2022\/10\/zeressima26.jpg",500,240,false],"2048x2048":["https:\/\/blogopara.com.br\/wp-content\/uploads\/2022\/10\/zeressima26.jpg",500,240,false],"mantranews-slider-large":["https:\/\/blogopara.com.br\/wp-content\/uploads\/2022\/10\/zeressima26.jpg",500,240,false],"mantranews-featured-medium":["https:\/\/blogopara.com.br\/wp-content\/uploads\/2022\/10\/zeressima26-420x240.jpg",420,240,true],"mantranews-featured-long":["https:\/\/blogopara.com.br\/wp-content\/uploads\/2022\/10\/zeressima26-300x240.jpg",300,240,true],"mantranews-block-medium":["https:\/\/blogopara.com.br\/wp-content\/uploads\/2022\/10\/zeressima26-464x240.jpg",464,240,true],"mantranews-carousel-image":["https:\/\/blogopara.com.br\/wp-content\/uploads\/2022\/10\/zeressima26.jpg",500,240,false],"mantranews-block-thumb":["https:\/\/blogopara.com.br\/wp-content\/uploads\/2022\/10\/zeressima26-322x230.jpg",322,230,true],"mantranews-single-large":["https:\/\/blogopara.com.br\/wp-content\/uploads\/2022\/10\/zeressima26.jpg",500,240,false]},"uagb_author_info":{"display_name":"Reda\u00e7\u00e3o geral","author_link":"https:\/\/blogopara.com.br\/index.php\/author\/blogopara"},"uagb_comment_info":0,"uagb_excerpt":"O Tribunal Regional Eleitoral da Bahia (TRE-BA) realizar\u00e1, neste s\u00e1bado (29\/10), a Cerim\u00f4nia de Emiss\u00e3o do Relat\u00f3rio da Zer\u00e9sima do Sistema de Gerenciamento da Totaliza\u00e7\u00e3o dos Resultados (SISTOT). O procedimento est\u00e1 marcado para 13h e acontecer\u00e1 na Sala da Comiss\u00e3o Apuradora das Elei\u00e7\u00f5es 2022, localizada na sede do Regional, no CAB. De acordo com o&hellip;","jetpack_sharing_enabled":true,"jetpack_likes_enabled":true,"_links":{"self":[{"href":"https:\/\/blogopara.com.br\/index.php\/wp-json\/wp\/v2\/posts\/44653","targetHints":{"allow":["GET"]}}],"collection":[{"href":"https:\/\/blogopara.com.br\/index.php\/wp-json\/wp\/v2\/posts"}],"about":[{"href":"https:\/\/blogopara.com.br\/index.php\/wp-json\/wp\/v2\/types\/post"}],"author":[{"embeddable":true,"href":"https:\/\/blogopara.com.br\/index.php\/wp-json\/wp\/v2\/users\/1"}],"replies":[{"embeddable":true,"href":"https:\/\/blogopara.com.br\/index.php\/wp-json\/wp\/v2\/comments?post=44653"}],"version-history":[{"count":1,"href":"https:\/\/blogopara.com.br\/index.php\/wp-json\/wp\/v2\/posts\/44653\/revisions"}],"predecessor-version":[{"id":44655,"href":"https:\/\/blogopara.com.br\/index.php\/wp-json\/wp\/v2\/posts\/44653\/revisions\/44655"}],"wp:featuredmedia":[{"embeddable":true,"href":"https:\/\/blogopara.com.br\/index.php\/wp-json\/wp\/v2\/media\/44654"}],"wp:attachment":[{"href":"https:\/\/blogopara.com.br\/index.php\/wp-json\/wp\/v2\/media?parent=44653"}],"wp:term":[{"taxonomy":"category","embeddable":true,"href":"https:\/\/blogopara.com.br\/index.php\/wp-json\/wp\/v2\/categories?post=44653"},{"taxonomy":"post_tag","embeddable":true,"href":"https:\/\/blogopara.com.br\/index.php\/wp-json\/wp\/v2\/tags?post=44653"}],"curies":[{"name":"wp","href":"https:\/\/api.w.org\/{rel}","templated":true}]}}