{"id":44670,"date":"2022-10-28T08:36:00","date_gmt":"2022-10-28T11:36:00","guid":{"rendered":"https:\/\/blogopara.com.br\/?p=44670"},"modified":"2022-10-27T18:49:51","modified_gmt":"2022-10-27T21:49:51","slug":"eleicao-do-brasil-decidira-futuro-do-planeta-diz-artigo-do-nyt","status":"publish","type":"post","link":"https:\/\/blogopara.com.br\/index.php\/2022\/10\/28\/eleicao-do-brasil-decidira-futuro-do-planeta-diz-artigo-do-nyt","title":{"rendered":"Elei\u00e7\u00e3o do Brasil decidir\u00e1 futuro do planeta, diz artigo do \u201cNYT\u201d"},"content":{"rendered":"<div style=\"text-align: justify;\">Um artigo de opini\u00e3o do jornal norte-americano New York Times escreveu nesta 5\u00aa feira (27.out.2022) que a elei\u00e7\u00e3o presidencial do Brasil coloca \u201cem jogo\u201d n\u00e3o apenas a lideran\u00e7a de \u201cuma das maiores economias do mundo\u201d, mas tamb\u00e9m o \u201cfuturo do planeta\u201d. O 2\u00ba turno ser\u00e1 no domingo (30.out).<\/div>\n<div style=\"text-align: justify;\"><\/div>\n<div style=\"text-align: justify;\">Assinado pela jornalista de v\u00eddeo Agnes Walton e pela ativista Alessandra Orofino, o texto tem como foco o desmatamento da Amaz\u00f4nia. Afirma que quem vencer o pleito \u201cherdar\u00e1 o controle de mais da metade da floresta amaz\u00f4nica e, por extens\u00e3o, determinar\u00e1 as condi\u00e7\u00f5es para a vida futura na Terra\u201d<\/p>\n<\/div>\n<div>\n<div style=\"text-align: justify;\">Segundo as autoras, as \u201ccrescentes taxas de desmatamento\u201d registradas no governo do presidente Jair Bolsonaro (PL) deixou o ecossistema da floresta \u201c\u00e0 beira da cat\u00e1strofe\u201d. Elas afirmam que as consequ\u00eancias \u201cser\u00e3o sentidas muito al\u00e9m\u201d da regi\u00e3o. Sobre as atitudes dos candidatos Luiz In\u00e1cio Lula da Silva (PT) e Bolsonaro no assunto, o texto diz que o atual presidente brasileiro \u00e9 \u201cintransigente em seu desejo de sacrificar a amaz\u00f4nia, suas reservas de conserva\u00e7\u00e3o e terras ind\u00edgenas para o agroneg\u00f3cio e o \u2018desenvolvimento&#8217;\u201d<\/p>\n<\/div>\n<div>\n<div style=\"text-align: justify;\">J\u00e1, para as autoras, o candidato do PT \u201cprovou\u201d nos mandatos anteriores \u201cque pode ser duro\u201d contra o crime ambiental e \u201centregar resultados\u201d. \u201cPara muitos brasileiros, esta ser\u00e1 uma elei\u00e7\u00e3o dolorosa entre 2 candidatos profundamente falhos. Mas, para o futuro da vida humana neste planeta, h\u00e1 apenas uma escolha certa\u201d, conclui o texto.<\/div>\n<div style=\"text-align: justify;\"><\/div>\n<div style=\"text-align: justify;\">\n<div>do mundo \u00e9 a minha casa, mas o resultado dessas elei\u00e7\u00f5es amea\u00e7a n\u00e3o apenas tudo isso [a Amaz\u00f4nia], mas tudo isso [a Terra]\u201d, disse. \u201cIsso significa que 30 de outubro \u00e9 o dia mais importante para o Planeta e para sua sobreviv\u00eancia\u201d, continua a narradora depois da fala de Suru\u00ed.<\/div>\n<div><\/div>\n<div>O v\u00eddeo mostra ainda imagens de queimadas e desmatamento no Brasil. Registros do presidente brasileiro segurando armas tamb\u00e9m s\u00e3o apresentados. O produto tamb\u00e9m dedica algum tempo para falar de Bolsonaro e de Lula.<\/p>\n<p>O artigo de opini\u00e3o tamb\u00e9m \u00e9 acompanhado de um v\u00eddeo. Nele, aparece ind\u00edgena brasileira Txai Suru\u00ed. Ela afirma que elei\u00e7\u00e3o \u00e9 a \u201c\u00faltima chance de salvar a Amaz\u00f4nia\u201d. \u201cUm candidato quer salvar a Amaz\u00f4nia e o outro, quer queim\u00e1-la. A maior floresta tropical<\/p>\n<\/div>\n<\/div>\n<\/div>\n<\/div>\n","protected":false},"excerpt":{"rendered":"<p>Um artigo de opini\u00e3o do jornal norte-americano New York Times escreveu nesta 5\u00aa feira (27.out.2022) que a elei\u00e7\u00e3o presidencial do Brasil coloca \u201cem jogo\u201d n\u00e3o apenas a lideran\u00e7a de \u201cuma das maiores economias do mundo\u201d, mas tamb\u00e9m o \u201cfuturo do planeta\u201d. O 2\u00ba turno ser\u00e1 no domingo (30.out). Assinado pela jornalista de v\u00eddeo Agnes Walton [&hellip;]<\/p>\n","protected":false},"author":1,"featured_media":31153,"comment_status":"closed","ping_status":"open","sticky":false,"template":"","format":"standard","meta":{"_uag_custom_page_level_css":"","_monsterinsights_skip_tracking":false,"_monsterinsights_sitenote_active":false,"_monsterinsights_sitenote_note":"","_monsterinsights_sitenote_category":0,"jetpack_post_was_ever_published":false,"_jetpack_newsletter_access":"","_jetpack_dont_email_post_to_subs":false,"_jetpack_newsletter_tier_id":0,"_jetpack_memberships_contains_paywalled_content":false,"_jetpack_memberships_contains_paid_content":false,"footnotes":"","jetpack_publicize_message":"","jetpack_publicize_feature_enabled":true,"jetpack_social_post_already_shared":true,"jetpack_social_options":{"image_generator_settings":{"template":"highway","default_image_id":0,"font":"","enabled":false},"version":2}},"categories":[10109],"tags":[14,1559],"class_list":["post-44670","post","type-post","status-publish","format-standard","has-post-thumbnail","hentry","category-eleicoes-2022","tag-brasil","tag-politica-2"],"jetpack_publicize_connections":[],"jetpack_featured_media_url":"https:\/\/blogopara.com.br\/wp-content\/uploads\/2021\/12\/lula_e_bolsonaro_widelg.jpg","uagb_featured_image_src":{"full":["https:\/\/blogopara.com.br\/wp-content\/uploads\/2021\/12\/lula_e_bolsonaro_widelg.jpg",500,267,false],"thumbnail":["https:\/\/blogopara.com.br\/wp-content\/uploads\/2021\/12\/lula_e_bolsonaro_widelg-150x150.jpg",150,150,true],"medium":["https:\/\/blogopara.com.br\/wp-content\/uploads\/2021\/12\/lula_e_bolsonaro_widelg-300x160.jpg",300,160,true],"medium_large":["https:\/\/blogopara.com.br\/wp-content\/uploads\/2021\/12\/lula_e_bolsonaro_widelg.jpg",500,267,false],"large":["https:\/\/blogopara.com.br\/wp-content\/uploads\/2021\/12\/lula_e_bolsonaro_widelg.jpg",500,267,false],"1536x1536":["https:\/\/blogopara.com.br\/wp-content\/uploads\/2021\/12\/lula_e_bolsonaro_widelg.jpg",500,267,false],"2048x2048":["https:\/\/blogopara.com.br\/wp-content\/uploads\/2021\/12\/lula_e_bolsonaro_widelg.jpg",500,267,false],"mantranews-slider-large":["https:\/\/blogopara.com.br\/wp-content\/uploads\/2021\/12\/lula_e_bolsonaro_widelg.jpg",500,267,false],"mantranews-featured-medium":["https:\/\/blogopara.com.br\/wp-content\/uploads\/2021\/12\/lula_e_bolsonaro_widelg-420x267.jpg",420,267,true],"mantranews-featured-long":["https:\/\/blogopara.com.br\/wp-content\/uploads\/2021\/12\/lula_e_bolsonaro_widelg-300x267.jpg",300,267,true],"mantranews-block-medium":["https:\/\/blogopara.com.br\/wp-content\/uploads\/2021\/12\/lula_e_bolsonaro_widelg-464x267.jpg",464,267,true],"mantranews-carousel-image":["https:\/\/blogopara.com.br\/wp-content\/uploads\/2021\/12\/lula_e_bolsonaro_widelg.jpg",500,267,false],"mantranews-block-thumb":["https:\/\/blogopara.com.br\/wp-content\/uploads\/2021\/12\/lula_e_bolsonaro_widelg-322x230.jpg",322,230,true],"mantranews-single-large":["https:\/\/blogopara.com.br\/wp-content\/uploads\/2021\/12\/lula_e_bolsonaro_widelg.jpg",500,267,false]},"uagb_author_info":{"display_name":"Reda\u00e7\u00e3o geral","author_link":"https:\/\/blogopara.com.br\/index.php\/author\/blogopara"},"uagb_comment_info":0,"uagb_excerpt":"Um artigo de opini\u00e3o do jornal norte-americano New York Times escreveu nesta 5\u00aa feira (27.out.2022) que a elei\u00e7\u00e3o presidencial do Brasil coloca \u201cem jogo\u201d n\u00e3o apenas a lideran\u00e7a de \u201cuma das maiores economias do mundo\u201d, mas tamb\u00e9m o \u201cfuturo do planeta\u201d. O 2\u00ba turno ser\u00e1 no domingo (30.out). Assinado pela jornalista de v\u00eddeo Agnes Walton&hellip;","jetpack_sharing_enabled":true,"jetpack_likes_enabled":true,"_links":{"self":[{"href":"https:\/\/blogopara.com.br\/index.php\/wp-json\/wp\/v2\/posts\/44670","targetHints":{"allow":["GET"]}}],"collection":[{"href":"https:\/\/blogopara.com.br\/index.php\/wp-json\/wp\/v2\/posts"}],"about":[{"href":"https:\/\/blogopara.com.br\/index.php\/wp-json\/wp\/v2\/types\/post"}],"author":[{"embeddable":true,"href":"https:\/\/blogopara.com.br\/index.php\/wp-json\/wp\/v2\/users\/1"}],"replies":[{"embeddable":true,"href":"https:\/\/blogopara.com.br\/index.php\/wp-json\/wp\/v2\/comments?post=44670"}],"version-history":[{"count":2,"href":"https:\/\/blogopara.com.br\/index.php\/wp-json\/wp\/v2\/posts\/44670\/revisions"}],"predecessor-version":[{"id":44672,"href":"https:\/\/blogopara.com.br\/index.php\/wp-json\/wp\/v2\/posts\/44670\/revisions\/44672"}],"wp:featuredmedia":[{"embeddable":true,"href":"https:\/\/blogopara.com.br\/index.php\/wp-json\/wp\/v2\/media\/31153"}],"wp:attachment":[{"href":"https:\/\/blogopara.com.br\/index.php\/wp-json\/wp\/v2\/media?parent=44670"}],"wp:term":[{"taxonomy":"category","embeddable":true,"href":"https:\/\/blogopara.com.br\/index.php\/wp-json\/wp\/v2\/categories?post=44670"},{"taxonomy":"post_tag","embeddable":true,"href":"https:\/\/blogopara.com.br\/index.php\/wp-json\/wp\/v2\/tags?post=44670"}],"curies":[{"name":"wp","href":"https:\/\/api.w.org\/{rel}","templated":true}]}}