{"id":44673,"date":"2022-10-28T10:49:00","date_gmt":"2022-10-28T13:49:00","guid":{"rendered":"https:\/\/blogopara.com.br\/?p=44673"},"modified":"2022-10-27T19:00:16","modified_gmt":"2022-10-27T22:00:16","slug":"salario-minimo-sera-definido-com-presidente-eleito-diz-tesouro","status":"publish","type":"post","link":"https:\/\/blogopara.com.br\/index.php\/2022\/10\/28\/salario-minimo-sera-definido-com-presidente-eleito-diz-tesouro","title":{"rendered":"Sal\u00e1rio m\u00ednimo ser\u00e1 definido com presidente eleito, diz Tesouro"},"content":{"rendered":"<div style=\"text-align: justify;\">O secret\u00e1rio do Tesouro Nacional, Paulo Valle, disse que a defini\u00e7\u00e3o sobre os reajustes do sal\u00e1rio m\u00ednimo e das aposentadorias ficar\u00e1 para depois do resultado das elei\u00e7\u00f5es de 2022, com o presidente eleito.<\/div>\n<div style=\"text-align: justify;\"><\/div>\n<div style=\"text-align: justify;\">Ele comentou nesta 5\u00aa feira (27.out.2022) o superavit prim\u00e1rio de setembro deste ano, que foi de R$ 10,95 bilh\u00f5es. Esse foi o melhor saldo positivo para o m\u00eas em 12 anos.<\/p>\n<\/div>\n<div>\n<div style=\"text-align: justify;\">O ministro Paulo Guedes (Economia) disse, na 4\u00aa feira (26.out.2022), que haver\u00e1 aumento real do sal\u00e1rio m\u00ednimo e aposentadorias, al\u00e9m de reajuste para os funcion\u00e1rios p\u00fablicos.<\/div>\n<div style=\"text-align: justify;\"><\/div>\n<div>J\u00e1 Paulo Valle afirmou que a defini\u00e7\u00e3o destes temas ser\u00e1 feita de acordo com as prioridades do presidente eleito que assumir\u00e1 em 2023.<\/p>\n<div style=\"text-align: justify;\">\u201cIsso vai ficar mais claro a partir de 2\u00aa feira (31.out.2022), porque a gente vai ter que definir isso com o presidente eleito\u201d, declarou. \u201cPelo arcabou\u00e7o [fiscal] atual, a gente est\u00e1 bastante confiante, terminando o ano com superavit prim\u00e1rio e tudo\u201d, completou.<\/div>\n<div style=\"text-align: justify;\"><\/div>\n<div style=\"text-align: justify;\">O secret\u00e1rio disse, por\u00e9m, que \u201ctem que ver como que vai ser contornado o Or\u00e7amento em 2023\u201d.<\/p>\n<\/div>\n<div>\n<div style=\"text-align: justify;\">\u201cFoi enviada a [Proposta de] Lei Or\u00e7ament\u00e1ria com deficit de R$ 63,7 bilh\u00f5es. Era o n\u00famero que a gente tinha com o arcabou\u00e7o atual e agora, com o p\u00f3s-elei\u00e7\u00e3o, acho que vai ter que ser discutido com o presidente eleito quais s\u00e3o as prioridades\u201d, disse. Valle foi questionado sobre os riscos de crescimento com a despesa com previd\u00eancia, porque h\u00e1 maior n\u00famero de concess\u00f5es de benef\u00edcios.<\/div>\n<div style=\"text-align: justify;\"><\/div>\n<div style=\"text-align: justify;\">\n<div>CONTAS P\u00daBLICAS<\/div>\n<div><\/div>\n<div>O governo federal registrou superavit prim\u00e1rio de R$ 10,95 bilh\u00f5es em setembro. Esse foi o melhor resultado para as contas p\u00fablicas do m\u00eas desde 2010. O Tesouro Nacional divulgou o resultado nesta 5\u00aa feira (27.out.2022).<\/div>\n<div><\/div>\n<div>Eis a \u00edntegra do relat\u00f3rio (333 KB) e da apresenta\u00e7\u00e3o (830 KB). O resultado prim\u00e1rio \u00e9 formado pelas receitas (como arrecada\u00e7\u00e3o de tributos) contra as despesas. N\u00e3o contabiliza o pagamento com os juros da d\u00edvida.<\/p>\n<p>Ele afirmou que os gastos j\u00e1 est\u00e3o previstos no Relat\u00f3rio Bimestral de Avalia\u00e7\u00e3o de Receitas e Despesas de setembro..<\/p>\n<\/div>\n<\/div>\n<div style=\"text-align: justify;\"><\/div>\n<\/div>\n<\/div>\n<\/div>\n","protected":false},"excerpt":{"rendered":"<p>O secret\u00e1rio do Tesouro Nacional, Paulo Valle, disse que a defini\u00e7\u00e3o sobre os reajustes do sal\u00e1rio m\u00ednimo e das aposentadorias ficar\u00e1 para depois do resultado das elei\u00e7\u00f5es de 2022, com o presidente eleito. Ele comentou nesta 5\u00aa feira (27.out.2022) o superavit prim\u00e1rio de setembro deste ano, que foi de R$ 10,95 bilh\u00f5es. Esse foi o [&hellip;]<\/p>\n","protected":false},"author":1,"featured_media":44674,"comment_status":"closed","ping_status":"open","sticky":false,"template":"","format":"standard","meta":{"_uag_custom_page_level_css":"","_monsterinsights_skip_tracking":false,"_monsterinsights_sitenote_active":false,"_monsterinsights_sitenote_note":"","_monsterinsights_sitenote_category":0,"jetpack_post_was_ever_published":false,"_jetpack_newsletter_access":"","_jetpack_dont_email_post_to_subs":false,"_jetpack_newsletter_tier_id":0,"_jetpack_memberships_contains_paywalled_content":false,"_jetpack_memberships_contains_paid_content":false,"footnotes":"","jetpack_publicize_message":"","jetpack_publicize_feature_enabled":true,"jetpack_social_post_already_shared":true,"jetpack_social_options":{"image_generator_settings":{"template":"highway","default_image_id":0,"font":"","enabled":false},"version":2}},"categories":[10109],"tags":[],"class_list":["post-44673","post","type-post","status-publish","format-standard","has-post-thumbnail","hentry","category-eleicoes-2022"],"jetpack_publicize_connections":[],"jetpack_featured_media_url":"https:\/\/blogopara.com.br\/wp-content\/uploads\/2022\/10\/salario-minimo-em-2022.jpg","uagb_featured_image_src":{"full":["https:\/\/blogopara.com.br\/wp-content\/uploads\/2022\/10\/salario-minimo-em-2022.jpg",500,314,false],"thumbnail":["https:\/\/blogopara.com.br\/wp-content\/uploads\/2022\/10\/salario-minimo-em-2022-150x150.jpg",150,150,true],"medium":["https:\/\/blogopara.com.br\/wp-content\/uploads\/2022\/10\/salario-minimo-em-2022-300x188.jpg",300,188,true],"medium_large":["https:\/\/blogopara.com.br\/wp-content\/uploads\/2022\/10\/salario-minimo-em-2022.jpg",500,314,false],"large":["https:\/\/blogopara.com.br\/wp-content\/uploads\/2022\/10\/salario-minimo-em-2022.jpg",500,314,false],"1536x1536":["https:\/\/blogopara.com.br\/wp-content\/uploads\/2022\/10\/salario-minimo-em-2022.jpg",500,314,false],"2048x2048":["https:\/\/blogopara.com.br\/wp-content\/uploads\/2022\/10\/salario-minimo-em-2022.jpg",500,314,false],"mantranews-slider-large":["https:\/\/blogopara.com.br\/wp-content\/uploads\/2022\/10\/salario-minimo-em-2022.jpg",500,314,false],"mantranews-featured-medium":["https:\/\/blogopara.com.br\/wp-content\/uploads\/2022\/10\/salario-minimo-em-2022-420x307.jpg",420,307,true],"mantranews-featured-long":["https:\/\/blogopara.com.br\/wp-content\/uploads\/2022\/10\/salario-minimo-em-2022-300x314.jpg",300,314,true],"mantranews-block-medium":["https:\/\/blogopara.com.br\/wp-content\/uploads\/2022\/10\/salario-minimo-em-2022-464x290.jpg",464,290,true],"mantranews-carousel-image":["https:\/\/blogopara.com.br\/wp-content\/uploads\/2022\/10\/salario-minimo-em-2022.jpg",500,314,false],"mantranews-block-thumb":["https:\/\/blogopara.com.br\/wp-content\/uploads\/2022\/10\/salario-minimo-em-2022-322x230.jpg",322,230,true],"mantranews-single-large":["https:\/\/blogopara.com.br\/wp-content\/uploads\/2022\/10\/salario-minimo-em-2022.jpg",500,314,false]},"uagb_author_info":{"display_name":"Reda\u00e7\u00e3o geral","author_link":"https:\/\/blogopara.com.br\/index.php\/author\/blogopara"},"uagb_comment_info":0,"uagb_excerpt":"O secret\u00e1rio do Tesouro Nacional, Paulo Valle, disse que a defini\u00e7\u00e3o sobre os reajustes do sal\u00e1rio m\u00ednimo e das aposentadorias ficar\u00e1 para depois do resultado das elei\u00e7\u00f5es de 2022, com o presidente eleito. Ele comentou nesta 5\u00aa feira (27.out.2022) o superavit prim\u00e1rio de setembro deste ano, que foi de R$ 10,95 bilh\u00f5es. Esse foi o&hellip;","jetpack_sharing_enabled":true,"jetpack_likes_enabled":true,"_links":{"self":[{"href":"https:\/\/blogopara.com.br\/index.php\/wp-json\/wp\/v2\/posts\/44673","targetHints":{"allow":["GET"]}}],"collection":[{"href":"https:\/\/blogopara.com.br\/index.php\/wp-json\/wp\/v2\/posts"}],"about":[{"href":"https:\/\/blogopara.com.br\/index.php\/wp-json\/wp\/v2\/types\/post"}],"author":[{"embeddable":true,"href":"https:\/\/blogopara.com.br\/index.php\/wp-json\/wp\/v2\/users\/1"}],"replies":[{"embeddable":true,"href":"https:\/\/blogopara.com.br\/index.php\/wp-json\/wp\/v2\/comments?post=44673"}],"version-history":[{"count":1,"href":"https:\/\/blogopara.com.br\/index.php\/wp-json\/wp\/v2\/posts\/44673\/revisions"}],"predecessor-version":[{"id":44675,"href":"https:\/\/blogopara.com.br\/index.php\/wp-json\/wp\/v2\/posts\/44673\/revisions\/44675"}],"wp:featuredmedia":[{"embeddable":true,"href":"https:\/\/blogopara.com.br\/index.php\/wp-json\/wp\/v2\/media\/44674"}],"wp:attachment":[{"href":"https:\/\/blogopara.com.br\/index.php\/wp-json\/wp\/v2\/media?parent=44673"}],"wp:term":[{"taxonomy":"category","embeddable":true,"href":"https:\/\/blogopara.com.br\/index.php\/wp-json\/wp\/v2\/categories?post=44673"},{"taxonomy":"post_tag","embeddable":true,"href":"https:\/\/blogopara.com.br\/index.php\/wp-json\/wp\/v2\/tags?post=44673"}],"curies":[{"name":"wp","href":"https:\/\/api.w.org\/{rel}","templated":true}]}}