{"id":44676,"date":"2022-10-28T11:37:00","date_gmt":"2022-10-28T14:37:00","guid":{"rendered":"https:\/\/blogopara.com.br\/?p=44676"},"modified":"2022-10-27T19:10:04","modified_gmt":"2022-10-27T22:10:04","slug":"governo-anuncia-pagamento-do-fundef-para-esta-sexta","status":"publish","type":"post","link":"https:\/\/blogopara.com.br\/index.php\/2022\/10\/28\/governo-anuncia-pagamento-do-fundef-para-esta-sexta","title":{"rendered":"Governo anuncia pagamento do Fundef para esta sexta"},"content":{"rendered":"<p style=\"text-align: justify;\">Ser\u00e1 pago nesta sexta-feira, 28, o precat\u00f3rio do Fundo de Desenvolvimento da Educa\u00e7\u00e3o Fundamental (Fundef) a 10.247 educadores da rede b\u00e1sica de educa\u00e7\u00e3o que n\u00e3o possuem mais v\u00ednculo com o Estado. O governo anunciou nesta quinta-feira, 27, o repasse de R$ 69,8 milh\u00f5es \u00e0 categoria na Bahia.<\/p>\n<p style=\"text-align: justify;\">O pagamento corresponde a 90% do total a que os educadores t\u00eam direito. Os 10% restantes ser\u00e3o pagos em 90 dias.<\/p>\n<p style=\"text-align: justify;\">Os valores ser\u00e3o pagos aos educadores que fizeram a atualiza\u00e7\u00e3o cadastral, informando dados pessoais e banc\u00e1rios, nos postos da Rede SAC.<\/p>\n<p style=\"text-align: justify;\">Para receber o repasse os educadores precisam ter exercido atividades no Estado, entre janeiro de 1998 e dezembro de 2006.<\/p>\n<p style=\"text-align: justify;\">Aqueles que ainda n\u00e3o atualizaram os dados, pode ir ao SAC at\u00e9 o dia 25 de novembro para efetuar a atualiza\u00e7\u00e3o cadastral.<\/p>\n","protected":false},"excerpt":{"rendered":"<p>Ser\u00e1 pago nesta sexta-feira, 28, o precat\u00f3rio do Fundo de Desenvolvimento da Educa\u00e7\u00e3o Fundamental (Fundef) a 10.247 educadores da rede b\u00e1sica de educa\u00e7\u00e3o que n\u00e3o possuem mais v\u00ednculo com o Estado. O governo anunciou nesta quinta-feira, 27, o repasse de R$ 69,8 milh\u00f5es \u00e0 categoria na Bahia. O pagamento corresponde a 90% do total a [&hellip;]<\/p>\n","protected":false},"author":1,"featured_media":41806,"comment_status":"closed","ping_status":"open","sticky":false,"template":"","format":"standard","meta":{"_uag_custom_page_level_css":"","_monsterinsights_skip_tracking":false,"_monsterinsights_sitenote_active":false,"_monsterinsights_sitenote_note":"","_monsterinsights_sitenote_category":0,"jetpack_post_was_ever_published":false,"_jetpack_newsletter_access":"","_jetpack_dont_email_post_to_subs":false,"_jetpack_newsletter_tier_id":0,"_jetpack_memberships_contains_paywalled_content":false,"_jetpack_memberships_contains_paid_content":false,"footnotes":"","jetpack_publicize_message":"","jetpack_publicize_feature_enabled":true,"jetpack_social_post_already_shared":true,"jetpack_social_options":{"image_generator_settings":{"template":"highway","default_image_id":0,"font":"","enabled":false},"version":2}},"categories":[209],"tags":[2757],"class_list":["post-44676","post","type-post","status-publish","format-standard","has-post-thumbnail","hentry","category-educacao","tag-educacao"],"jetpack_publicize_connections":[],"jetpack_featured_media_url":"https:\/\/blogopara.com.br\/wp-content\/uploads\/2022\/09\/educacao.jpg","uagb_featured_image_src":{"full":["https:\/\/blogopara.com.br\/wp-content\/uploads\/2022\/09\/educacao.jpg",500,317,false],"thumbnail":["https:\/\/blogopara.com.br\/wp-content\/uploads\/2022\/09\/educacao-150x150.jpg",150,150,true],"medium":["https:\/\/blogopara.com.br\/wp-content\/uploads\/2022\/09\/educacao-300x190.jpg",300,190,true],"medium_large":["https:\/\/blogopara.com.br\/wp-content\/uploads\/2022\/09\/educacao.jpg",500,317,false],"large":["https:\/\/blogopara.com.br\/wp-content\/uploads\/2022\/09\/educacao.jpg",500,317,false],"1536x1536":["https:\/\/blogopara.com.br\/wp-content\/uploads\/2022\/09\/educacao.jpg",500,317,false],"2048x2048":["https:\/\/blogopara.com.br\/wp-content\/uploads\/2022\/09\/educacao.jpg",500,317,false],"mantranews-slider-large":["https:\/\/blogopara.com.br\/wp-content\/uploads\/2022\/09\/educacao.jpg",500,317,false],"mantranews-featured-medium":["https:\/\/blogopara.com.br\/wp-content\/uploads\/2022\/09\/educacao-420x307.jpg",420,307,true],"mantranews-featured-long":["https:\/\/blogopara.com.br\/wp-content\/uploads\/2022\/09\/educacao-300x317.jpg",300,317,true],"mantranews-block-medium":["https:\/\/blogopara.com.br\/wp-content\/uploads\/2022\/09\/educacao-464x290.jpg",464,290,true],"mantranews-carousel-image":["https:\/\/blogopara.com.br\/wp-content\/uploads\/2022\/09\/educacao.jpg",500,317,false],"mantranews-block-thumb":["https:\/\/blogopara.com.br\/wp-content\/uploads\/2022\/09\/educacao-322x230.jpg",322,230,true],"mantranews-single-large":["https:\/\/blogopara.com.br\/wp-content\/uploads\/2022\/09\/educacao.jpg",500,317,false]},"uagb_author_info":{"display_name":"Reda\u00e7\u00e3o geral","author_link":"https:\/\/blogopara.com.br\/index.php\/author\/blogopara"},"uagb_comment_info":0,"uagb_excerpt":"Ser\u00e1 pago nesta sexta-feira, 28, o precat\u00f3rio do Fundo de Desenvolvimento da Educa\u00e7\u00e3o Fundamental (Fundef) a 10.247 educadores da rede b\u00e1sica de educa\u00e7\u00e3o que n\u00e3o possuem mais v\u00ednculo com o Estado. O governo anunciou nesta quinta-feira, 27, o repasse de R$ 69,8 milh\u00f5es \u00e0 categoria na Bahia. O pagamento corresponde a 90% do total a&hellip;","jetpack_sharing_enabled":true,"jetpack_likes_enabled":true,"_links":{"self":[{"href":"https:\/\/blogopara.com.br\/index.php\/wp-json\/wp\/v2\/posts\/44676","targetHints":{"allow":["GET"]}}],"collection":[{"href":"https:\/\/blogopara.com.br\/index.php\/wp-json\/wp\/v2\/posts"}],"about":[{"href":"https:\/\/blogopara.com.br\/index.php\/wp-json\/wp\/v2\/types\/post"}],"author":[{"embeddable":true,"href":"https:\/\/blogopara.com.br\/index.php\/wp-json\/wp\/v2\/users\/1"}],"replies":[{"embeddable":true,"href":"https:\/\/blogopara.com.br\/index.php\/wp-json\/wp\/v2\/comments?post=44676"}],"version-history":[{"count":1,"href":"https:\/\/blogopara.com.br\/index.php\/wp-json\/wp\/v2\/posts\/44676\/revisions"}],"predecessor-version":[{"id":44677,"href":"https:\/\/blogopara.com.br\/index.php\/wp-json\/wp\/v2\/posts\/44676\/revisions\/44677"}],"wp:featuredmedia":[{"embeddable":true,"href":"https:\/\/blogopara.com.br\/index.php\/wp-json\/wp\/v2\/media\/41806"}],"wp:attachment":[{"href":"https:\/\/blogopara.com.br\/index.php\/wp-json\/wp\/v2\/media?parent=44676"}],"wp:term":[{"taxonomy":"category","embeddable":true,"href":"https:\/\/blogopara.com.br\/index.php\/wp-json\/wp\/v2\/categories?post=44676"},{"taxonomy":"post_tag","embeddable":true,"href":"https:\/\/blogopara.com.br\/index.php\/wp-json\/wp\/v2\/tags?post=44676"}],"curies":[{"name":"wp","href":"https:\/\/api.w.org\/{rel}","templated":true}]}}