{"id":44695,"date":"2022-10-28T15:45:00","date_gmt":"2022-10-28T18:45:00","guid":{"rendered":"https:\/\/blogopara.com.br\/?p=44695"},"modified":"2022-10-28T13:18:23","modified_gmt":"2022-10-28T16:18:23","slug":"palestra-sobre-clima-e-safras-agricolas-movimenta-produtores-rurais-em-petrolina-pe","status":"publish","type":"post","link":"https:\/\/blogopara.com.br\/index.php\/2022\/10\/28\/palestra-sobre-clima-e-safras-agricolas-movimenta-produtores-rurais-em-petrolina-pe","title":{"rendered":"Palestra sobre clima e safras agr\u00edcolas movimenta produtores rurais em Petrolina &#8211; PE"},"content":{"rendered":"<p style=\"text-align: justify;\">As perspectivas do clima para as safras agr\u00edcolas de 2022 e 2023 e as tend\u00eancias para os pr\u00f3ximos 15 anos, foram o tema da palestra apresentada em Petrolina &#8211; PE, na noite desta quarta -feira (26), pelo professor, meteorologista e pesquisador da Universidade Federal de Alagoas, Luiz Carlos Molion.<\/p>\n<p style=\"text-align: justify;\">Falando para um audit\u00f3rio formado por produtores rurais, profissionais e estudantes das \u00e1reas agron\u00f4micas, na Funda\u00e7\u00e3o Nilo Coelho, o professor que tamb\u00e9m \u00e9 PhD em Meteorologia e p\u00f3s Doc em Hidrologia de Florestas, come\u00e7ou chamando a aten\u00e7\u00e3o para a utiliza\u00e7\u00e3o do clima a favor do agroneg\u00f3cio, suas janelas de comercializa\u00e7\u00e3o e tomadas de decis\u00e3o durante o preparo do solo para o plantio at\u00e9 a colheita.<\/p>\n<p style=\"text-align: justify;\">Depois, mostrando slides e detalhando aspectos relevantes, Molion teceu coment\u00e1rios sobre o resfriamento clim\u00e1tico, os fen\u00f4menos El Ni\u00f1o e La Ni\u00f1a e surpreendeu a plateia com uma an\u00e1lise do regime de chuvas no Vale do S\u00e3o Francisco nos pr\u00f3ximos 15 anos, que v\u00e3o causar preju\u00edzos na agricultura irrigada, al\u00e9m de alertar para um problema futuro com a gera\u00e7\u00e3o hidrel\u00e9trica. Ao final, o professor detalhou algumas pr\u00e1ticas agron\u00f4micas para aumentar a produtividade dos pomares e deu dicas visando a conserva\u00e7\u00e3o da \u00e1gua e dos solos.<\/p>\n<p style=\"text-align: justify;\">O encontro foi promovido pelo Sindicato dos Produtores Rurais de Petrolina (SPR), em parceria com o Sebrae e a Ubyfol (multinacional brasileira especialista em nutri\u00e7\u00e3o vegetal). Para o produtor e diretor do Sindicato dos Produtores Rurais de Petrolina (SPR), Josival Amorim, a palestra foi bastante esclarecedora. &#8220;Conferimos uma s\u00e9rie de previs\u00f5es de grande utilidade para que os produtores rurais se planejem, objetivando a melhoria na produ\u00e7\u00e3o e comercializa\u00e7\u00e3o das pr\u00f3ximas safras&#8221;, ressaltou.<\/p>\n<p style=\"text-align: justify;\">Para o representante regional da Ubyfol, Cleber Uzumaki o encontro tamb\u00e9m foi importante por permitir ao produtor do Vale se antecipar aos problemas gerados com as chuvas, minimizando as perdas com a\u00e7\u00f5es preventivas e de controle de doen\u00e7as e pragas nos pomares. No encerramento do encontro, a gerente da Unidade do Sebrae do Sert\u00e3o do S\u00e3o Francisco, Josiana Ferreira, agradeceu a presen\u00e7a de todos e lembrou uma s\u00e9rie de atividades que vem sendo realizadas em conjunto com o Sindicato dos Produtores Rurais de Petrolina (SPR), visando a transfer\u00eancia de conhecimento e tecnologias para o homem do campo.<\/p>\n","protected":false},"excerpt":{"rendered":"<p>As perspectivas do clima para as safras agr\u00edcolas de 2022 e 2023 e as tend\u00eancias para os pr\u00f3ximos 15 anos, foram o tema da palestra apresentada em Petrolina &#8211; PE, na noite desta quarta -feira (26), pelo professor, meteorologista e pesquisador da Universidade Federal de Alagoas, Luiz Carlos Molion. Falando para um audit\u00f3rio formado por [&hellip;]<\/p>\n","protected":false},"author":1,"featured_media":44696,"comment_status":"closed","ping_status":"open","sticky":false,"template":"","format":"standard","meta":{"_uag_custom_page_level_css":"","_monsterinsights_skip_tracking":false,"_monsterinsights_sitenote_active":false,"_monsterinsights_sitenote_note":"","_monsterinsights_sitenote_category":0,"jetpack_post_was_ever_published":false,"_jetpack_newsletter_access":"","_jetpack_dont_email_post_to_subs":false,"_jetpack_newsletter_tier_id":0,"_jetpack_memberships_contains_paywalled_content":false,"_jetpack_memberships_contains_paid_content":false,"footnotes":"","jetpack_publicize_message":"","jetpack_publicize_feature_enabled":true,"jetpack_social_post_already_shared":true,"jetpack_social_options":{"image_generator_settings":{"template":"highway","default_image_id":0,"font":"","enabled":false},"version":2}},"categories":[10088],"tags":[],"class_list":["post-44695","post","type-post","status-publish","format-standard","has-post-thumbnail","hentry","category-agricultura"],"jetpack_publicize_connections":[],"jetpack_featured_media_url":"https:\/\/blogopara.com.br\/wp-content\/uploads\/2022\/10\/IMG_0019.jpg","uagb_featured_image_src":{"full":["https:\/\/blogopara.com.br\/wp-content\/uploads\/2022\/10\/IMG_0019.jpg",500,333,false],"thumbnail":["https:\/\/blogopara.com.br\/wp-content\/uploads\/2022\/10\/IMG_0019-150x150.jpg",150,150,true],"medium":["https:\/\/blogopara.com.br\/wp-content\/uploads\/2022\/10\/IMG_0019-300x200.jpg",300,200,true],"medium_large":["https:\/\/blogopara.com.br\/wp-content\/uploads\/2022\/10\/IMG_0019.jpg",500,333,false],"large":["https:\/\/blogopara.com.br\/wp-content\/uploads\/2022\/10\/IMG_0019.jpg",500,333,false],"1536x1536":["https:\/\/blogopara.com.br\/wp-content\/uploads\/2022\/10\/IMG_0019.jpg",500,333,false],"2048x2048":["https:\/\/blogopara.com.br\/wp-content\/uploads\/2022\/10\/IMG_0019.jpg",500,333,false],"mantranews-slider-large":["https:\/\/blogopara.com.br\/wp-content\/uploads\/2022\/10\/IMG_0019.jpg",500,333,false],"mantranews-featured-medium":["https:\/\/blogopara.com.br\/wp-content\/uploads\/2022\/10\/IMG_0019-420x307.jpg",420,307,true],"mantranews-featured-long":["https:\/\/blogopara.com.br\/wp-content\/uploads\/2022\/10\/IMG_0019-300x333.jpg",300,333,true],"mantranews-block-medium":["https:\/\/blogopara.com.br\/wp-content\/uploads\/2022\/10\/IMG_0019-464x290.jpg",464,290,true],"mantranews-carousel-image":["https:\/\/blogopara.com.br\/wp-content\/uploads\/2022\/10\/IMG_0019.jpg",500,333,false],"mantranews-block-thumb":["https:\/\/blogopara.com.br\/wp-content\/uploads\/2022\/10\/IMG_0019-322x230.jpg",322,230,true],"mantranews-single-large":["https:\/\/blogopara.com.br\/wp-content\/uploads\/2022\/10\/IMG_0019.jpg",500,333,false]},"uagb_author_info":{"display_name":"Reda\u00e7\u00e3o geral","author_link":"https:\/\/blogopara.com.br\/index.php\/author\/blogopara"},"uagb_comment_info":0,"uagb_excerpt":"As perspectivas do clima para as safras agr\u00edcolas de 2022 e 2023 e as tend\u00eancias para os pr\u00f3ximos 15 anos, foram o tema da palestra apresentada em Petrolina &#8211; PE, na noite desta quarta -feira (26), pelo professor, meteorologista e pesquisador da Universidade Federal de Alagoas, Luiz Carlos Molion. Falando para um audit\u00f3rio formado por&hellip;","jetpack_sharing_enabled":true,"jetpack_likes_enabled":true,"_links":{"self":[{"href":"https:\/\/blogopara.com.br\/index.php\/wp-json\/wp\/v2\/posts\/44695","targetHints":{"allow":["GET"]}}],"collection":[{"href":"https:\/\/blogopara.com.br\/index.php\/wp-json\/wp\/v2\/posts"}],"about":[{"href":"https:\/\/blogopara.com.br\/index.php\/wp-json\/wp\/v2\/types\/post"}],"author":[{"embeddable":true,"href":"https:\/\/blogopara.com.br\/index.php\/wp-json\/wp\/v2\/users\/1"}],"replies":[{"embeddable":true,"href":"https:\/\/blogopara.com.br\/index.php\/wp-json\/wp\/v2\/comments?post=44695"}],"version-history":[{"count":1,"href":"https:\/\/blogopara.com.br\/index.php\/wp-json\/wp\/v2\/posts\/44695\/revisions"}],"predecessor-version":[{"id":44697,"href":"https:\/\/blogopara.com.br\/index.php\/wp-json\/wp\/v2\/posts\/44695\/revisions\/44697"}],"wp:featuredmedia":[{"embeddable":true,"href":"https:\/\/blogopara.com.br\/index.php\/wp-json\/wp\/v2\/media\/44696"}],"wp:attachment":[{"href":"https:\/\/blogopara.com.br\/index.php\/wp-json\/wp\/v2\/media?parent=44695"}],"wp:term":[{"taxonomy":"category","embeddable":true,"href":"https:\/\/blogopara.com.br\/index.php\/wp-json\/wp\/v2\/categories?post=44695"},{"taxonomy":"post_tag","embeddable":true,"href":"https:\/\/blogopara.com.br\/index.php\/wp-json\/wp\/v2\/tags?post=44695"}],"curies":[{"name":"wp","href":"https:\/\/api.w.org\/{rel}","templated":true}]}}