{"id":44707,"date":"2022-10-28T20:35:00","date_gmt":"2022-10-28T23:35:00","guid":{"rendered":"https:\/\/blogopara.com.br\/?p=44707"},"modified":"2022-10-28T13:47:27","modified_gmt":"2022-10-28T16:47:27","slug":"cancer-as-diferencas-entre-o-tratamento-no-sus-e-na-rede-privada","status":"publish","type":"post","link":"https:\/\/blogopara.com.br\/index.php\/2022\/10\/28\/cancer-as-diferencas-entre-o-tratamento-no-sus-e-na-rede-privada","title":{"rendered":"C\u00e2ncer: As diferen\u00e7as entre o tratamento no SUS e na Rede Privada"},"content":{"rendered":"<div class=\"bbc-19j92fr ebmt73l0\" dir=\"ltr\">\n<p class=\"bbc-hhl7in e17g058b0\" dir=\"ltr\" style=\"text-align: justify;\">O engenheiro Thiago Brasileiro, de 43 anos, e a influenciadora digital Lucilene de Lima, de 41, possuem hist\u00f3rias de vida que s\u00e3o, ao mesmo tempo, parecidas e diferentes.<\/p>\n<\/div>\n<div class=\"bbc-19j92fr ebmt73l0\" dir=\"ltr\" style=\"text-align: justify;\">\n<p class=\"bbc-hhl7in e17g058b0\" dir=\"ltr\">Ambos foram diagnosticados com leucemia mieloide cr\u00f4nica, um tipo de c\u00e2ncer que afeta a medula \u00f3ssea \u2014 aquele &#8220;tutano&#8221; que temos no interior dos ossos e \u00e9 respons\u00e1vel por fabricar as c\u00e9lulas do sangue, como as hem\u00e1cias e os leuc\u00f3citos.<\/p>\n<\/div>\n<div class=\"bbc-19j92fr ebmt73l0\" dir=\"ltr\" style=\"text-align: justify;\">\n<p class=\"bbc-hhl7in e17g058b0\" dir=\"ltr\">Em 2017, Brasileiro come\u00e7ou a sentir uma dor no abd\u00f4men e um cansa\u00e7o muito grande. Ele foi ent\u00e3o a um hospital em Belo Horizonte, cidade onde mora. L\u00e1, rapidamente recebeu o diagn\u00f3stico e o tratamento.<\/p>\n<\/div>\n<div class=\"bbc-19j92fr ebmt73l0\" dir=\"ltr\" style=\"text-align: justify;\">\n<p class=\"bbc-hhl7in e17g058b0\" dir=\"ltr\">&#8220;Assim que a bi\u00f3psia definiu o tipo de tumor, os m\u00e9dicos prescreveram uma das tr\u00eas quimioterapias orais dispon\u00edveis e, em cerca de 10 dias, eu j\u00e1 estava com o rem\u00e9dio em m\u00e3os&#8221;, relata.<\/p>\n<div class=\"bbc-19j92fr ebmt73l0\" dir=\"ltr\">\n<p class=\"bbc-hhl7in e17g058b0\" dir=\"ltr\">Lima, por outro lado, demorou quase um m\u00eas para buscar o pronto-socorro desde o in\u00edcio dos sintomas que experimentou, como o aparecimento de manchas na pele e um emagrecimento r\u00e1pido.<\/p>\n<\/div>\n<div class=\"bbc-19j92fr ebmt73l0\" dir=\"ltr\">\n<p class=\"bbc-hhl7in e17g058b0\" dir=\"ltr\">Quando finalmente marcou uma consulta, a moradora de Diadema, na Grande S\u00e3o Paulo, passou por tr\u00eas unidades de sa\u00fade diferentes antes de saber qual era a verdadeira origem daqueles inc\u00f4modos.<\/p>\n<\/div>\n<div class=\"bbc-19j92fr ebmt73l0\" dir=\"ltr\">\n<p class=\"bbc-hhl7in e17g058b0\" dir=\"ltr\">&#8220;A investiga\u00e7\u00e3o m\u00e9dica come\u00e7ou em dezembro de 2012 e s\u00f3 fui iniciar o tratamento em abril de 2013. Foram quatro meses de espera&#8221;, lembra.<\/p>\n<\/div>\n<div class=\"bbc-19j92fr ebmt73l0\" dir=\"ltr\">\n<p class=\"bbc-hhl7in e17g058b0\" dir=\"ltr\">Mas qual a diferen\u00e7a fundamental entre os dois? Brasileiro tem conv\u00eanio m\u00e9dico e realiza todo o acompanhamento em cl\u00ednicas e hospitais privados. Lima n\u00e3o possui esse tipo de seguro e depende do Sistema \u00danico de Sa\u00fade (SUS) para lidar com a enfermidade.<\/p>\n<\/div>\n<div class=\"bbc-19j92fr ebmt73l0\" dir=\"ltr\">\n<p class=\"bbc-hhl7in e17g058b0\" dir=\"ltr\">Al\u00e9m da demora para ter o primeiro acesso aos f\u00e1rmacos, Lima aponta a dificuldade de receb\u00ea-los todo m\u00eas \u2014 o tratamento da leucemia mieloide cr\u00f4nica costuma ser feito com um entre tr\u00eas quimioter\u00e1picos dispon\u00edveis (imatinibe, dasatinibe e nilotinibe), administrados por meio da ingest\u00e3o di\u00e1ria de comprimidos.<\/p>\n<\/div>\n<div class=\"bbc-19j92fr ebmt73l0\" dir=\"ltr\">\n<p class=\"bbc-hhl7in e17g058b0\" dir=\"ltr\">&#8220;Com o passar do tempo, voc\u00ea cria la\u00e7os com outros pacientes. Recentemente, me contaram que os rem\u00e9dios estavam faltando na Bahia, no Rio de Janeiro, em Minas Gerais, no Par\u00e1, no Rio Grande do Norte\u2026&#8221;, lista.<\/p>\n<\/div>\n<div class=\"bbc-19j92fr ebmt73l0\" dir=\"ltr\">\n<p class=\"bbc-hhl7in e17g058b0\" dir=\"ltr\">&#8220;S\u00f3 no ano passado, eu mesma fiquei sem receber a dose certa em julho, agosto, setembro, outubro e dezembro&#8221;, complementa.<\/p>\n<\/div>\n<div class=\"bbc-19j92fr ebmt73l0\" dir=\"ltr\">\n<p class=\"bbc-hhl7in e17g058b0\" dir=\"ltr\">Lima afirma n\u00e3o ter condi\u00e7\u00f5es de custear o tratamento, cujo pre\u00e7o varia entre R$ 12 mil e R$ 18 mil por m\u00eas. &#8220;Uma vez ou outra, at\u00e9 d\u00e1 pra se virar e pedir ajuda financeira para algu\u00e9m pr\u00f3ximo&#8221;, diz.<\/p>\n<\/div>\n<div class=\"bbc-19j92fr ebmt73l0\" dir=\"ltr\">\n<p class=\"bbc-hhl7in e17g058b0\" dir=\"ltr\">&#8220;Mas, \u00e0s vezes, precisamos recorrer aos familiares de um paciente que acabou de morrer para que eles doem a medica\u00e7\u00e3o que sobrou.&#8221;<\/p>\n<\/div>\n<div class=\"bbc-19j92fr ebmt73l0\" dir=\"ltr\">\n<p class=\"bbc-hhl7in e17g058b0\" dir=\"ltr\">Brasileiro, que coordena grupos de pacientes na Associa\u00e7\u00e3o Brasileira de Linfoma e Leucemia (Abrale), tamb\u00e9m afirma lidar com relatos do tipo com mais frequ\u00eancia do que gostaria.<\/p>\n<\/div>\n<div class=\"bbc-19j92fr ebmt73l0\" dir=\"ltr\">\n<p class=\"bbc-hhl7in e17g058b0\" dir=\"ltr\">&#8220;N\u00e3o existe c\u00e2ncer p\u00fablico e c\u00e2ncer privado. Por que o tratamento \u00e9 t\u00e3o diferente no SUS?&#8221;, questiona.<\/p>\n<\/div>\n<\/div>\n<section class=\"e1j2237y8 bbc-sswtix e8sa160\" role=\"region\" aria-label=\"Publicidade 2\" aria-hidden=\"true\" data-e2e=\"advertisement\">\n<div id=\"dotcom-mpu\" class=\"dotcom-ad active\" aria-hidden=\"true\">\n<div class=\"dotcom-ad-inner\">\n<div class=\"dotcom-ad-text-wrapper\" style=\"text-align: justify;\"><\/div>\n<\/div>\n<\/div>\n<\/section>\n","protected":false},"excerpt":{"rendered":"<p>O engenheiro Thiago Brasileiro, de 43 anos, e a influenciadora digital Lucilene de Lima, de 41, possuem hist\u00f3rias de vida que s\u00e3o, ao mesmo tempo, parecidas e diferentes. Ambos foram diagnosticados com leucemia mieloide cr\u00f4nica, um tipo de c\u00e2ncer que afeta a medula \u00f3ssea \u2014 aquele &#8220;tutano&#8221; que temos no interior dos ossos e \u00e9 [&hellip;]<\/p>\n","protected":false},"author":1,"featured_media":44708,"comment_status":"closed","ping_status":"open","sticky":false,"template":"","format":"standard","meta":{"_uag_custom_page_level_css":"","_monsterinsights_skip_tracking":false,"_monsterinsights_sitenote_active":false,"_monsterinsights_sitenote_note":"","_monsterinsights_sitenote_category":0,"jetpack_post_was_ever_published":false,"_jetpack_newsletter_access":"","_jetpack_dont_email_post_to_subs":false,"_jetpack_newsletter_tier_id":0,"_jetpack_memberships_contains_paywalled_content":false,"_jetpack_memberships_contains_paid_content":false,"footnotes":"","jetpack_publicize_message":"","jetpack_publicize_feature_enabled":true,"jetpack_social_post_already_shared":true,"jetpack_social_options":{"image_generator_settings":{"template":"highway","default_image_id":0,"font":"","enabled":false},"version":2}},"categories":[1535],"tags":[698,6741,20],"class_list":["post-44707","post","type-post","status-publish","format-standard","has-post-thumbnail","hentry","category-artigo","tag-cancer","tag-rede-privada","tag-sus"],"jetpack_publicize_connections":[],"jetpack_featured_media_url":"https:\/\/blogopara.com.br\/wp-content\/uploads\/2022\/10\/WhatsApp-Image-2022-10-28-at-13.45.19.jpg","uagb_featured_image_src":{"full":["https:\/\/blogopara.com.br\/wp-content\/uploads\/2022\/10\/WhatsApp-Image-2022-10-28-at-13.45.19.jpg",500,247,false],"thumbnail":["https:\/\/blogopara.com.br\/wp-content\/uploads\/2022\/10\/WhatsApp-Image-2022-10-28-at-13.45.19-150x150.jpg",150,150,true],"medium":["https:\/\/blogopara.com.br\/wp-content\/uploads\/2022\/10\/WhatsApp-Image-2022-10-28-at-13.45.19-300x148.jpg",300,148,true],"medium_large":["https:\/\/blogopara.com.br\/wp-content\/uploads\/2022\/10\/WhatsApp-Image-2022-10-28-at-13.45.19.jpg",500,247,false],"large":["https:\/\/blogopara.com.br\/wp-content\/uploads\/2022\/10\/WhatsApp-Image-2022-10-28-at-13.45.19.jpg",500,247,false],"1536x1536":["https:\/\/blogopara.com.br\/wp-content\/uploads\/2022\/10\/WhatsApp-Image-2022-10-28-at-13.45.19.jpg",500,247,false],"2048x2048":["https:\/\/blogopara.com.br\/wp-content\/uploads\/2022\/10\/WhatsApp-Image-2022-10-28-at-13.45.19.jpg",500,247,false],"mantranews-slider-large":["https:\/\/blogopara.com.br\/wp-content\/uploads\/2022\/10\/WhatsApp-Image-2022-10-28-at-13.45.19.jpg",500,247,false],"mantranews-featured-medium":["https:\/\/blogopara.com.br\/wp-content\/uploads\/2022\/10\/WhatsApp-Image-2022-10-28-at-13.45.19-420x247.jpg",420,247,true],"mantranews-featured-long":["https:\/\/blogopara.com.br\/wp-content\/uploads\/2022\/10\/WhatsApp-Image-2022-10-28-at-13.45.19-300x247.jpg",300,247,true],"mantranews-block-medium":["https:\/\/blogopara.com.br\/wp-content\/uploads\/2022\/10\/WhatsApp-Image-2022-10-28-at-13.45.19-464x247.jpg",464,247,true],"mantranews-carousel-image":["https:\/\/blogopara.com.br\/wp-content\/uploads\/2022\/10\/WhatsApp-Image-2022-10-28-at-13.45.19.jpg",500,247,false],"mantranews-block-thumb":["https:\/\/blogopara.com.br\/wp-content\/uploads\/2022\/10\/WhatsApp-Image-2022-10-28-at-13.45.19-322x230.jpg",322,230,true],"mantranews-single-large":["https:\/\/blogopara.com.br\/wp-content\/uploads\/2022\/10\/WhatsApp-Image-2022-10-28-at-13.45.19.jpg",500,247,false]},"uagb_author_info":{"display_name":"Reda\u00e7\u00e3o geral","author_link":"https:\/\/blogopara.com.br\/index.php\/author\/blogopara"},"uagb_comment_info":0,"uagb_excerpt":"O engenheiro Thiago Brasileiro, de 43 anos, e a influenciadora digital Lucilene de Lima, de 41, possuem hist\u00f3rias de vida que s\u00e3o, ao mesmo tempo, parecidas e diferentes. Ambos foram diagnosticados com leucemia mieloide cr\u00f4nica, um tipo de c\u00e2ncer que afeta a medula \u00f3ssea \u2014 aquele &#8220;tutano&#8221; que temos no interior dos ossos e \u00e9&hellip;","jetpack_sharing_enabled":true,"jetpack_likes_enabled":true,"_links":{"self":[{"href":"https:\/\/blogopara.com.br\/index.php\/wp-json\/wp\/v2\/posts\/44707","targetHints":{"allow":["GET"]}}],"collection":[{"href":"https:\/\/blogopara.com.br\/index.php\/wp-json\/wp\/v2\/posts"}],"about":[{"href":"https:\/\/blogopara.com.br\/index.php\/wp-json\/wp\/v2\/types\/post"}],"author":[{"embeddable":true,"href":"https:\/\/blogopara.com.br\/index.php\/wp-json\/wp\/v2\/users\/1"}],"replies":[{"embeddable":true,"href":"https:\/\/blogopara.com.br\/index.php\/wp-json\/wp\/v2\/comments?post=44707"}],"version-history":[{"count":1,"href":"https:\/\/blogopara.com.br\/index.php\/wp-json\/wp\/v2\/posts\/44707\/revisions"}],"predecessor-version":[{"id":44709,"href":"https:\/\/blogopara.com.br\/index.php\/wp-json\/wp\/v2\/posts\/44707\/revisions\/44709"}],"wp:featuredmedia":[{"embeddable":true,"href":"https:\/\/blogopara.com.br\/index.php\/wp-json\/wp\/v2\/media\/44708"}],"wp:attachment":[{"href":"https:\/\/blogopara.com.br\/index.php\/wp-json\/wp\/v2\/media?parent=44707"}],"wp:term":[{"taxonomy":"category","embeddable":true,"href":"https:\/\/blogopara.com.br\/index.php\/wp-json\/wp\/v2\/categories?post=44707"},{"taxonomy":"post_tag","embeddable":true,"href":"https:\/\/blogopara.com.br\/index.php\/wp-json\/wp\/v2\/tags?post=44707"}],"curies":[{"name":"wp","href":"https:\/\/api.w.org\/{rel}","templated":true}]}}