{"id":44761,"date":"2022-10-30T07:35:00","date_gmt":"2022-10-30T10:35:00","guid":{"rendered":"https:\/\/blogopara.com.br\/?p=44761"},"modified":"2022-10-29T22:58:17","modified_gmt":"2022-10-30T01:58:17","slug":"acm-neto-encerra-ultimo-dia-de-campanha-com-64-km-de-carreatas-e-visita-a-igreja-do-bonfim","status":"publish","type":"post","link":"https:\/\/blogopara.com.br\/index.php\/2022\/10\/30\/acm-neto-encerra-ultimo-dia-de-campanha-com-64-km-de-carreatas-e-visita-a-igreja-do-bonfim","title":{"rendered":"ACM Neto encerra \u00faltimo dia de campanha com 64 km de carreatas e visita \u00e0 Igreja do Bonfim"},"content":{"rendered":"<p style=\"text-align: justify;\">No \u00faltimo dia de campanha do segundo turno, o candidato a governador ACM Neto (Uni\u00e3o Brasil) realizou neste s\u00e1bado (29) carreatas em 26 bairros de Salvador. A agenda come\u00e7ou \u00e0s 9h em S\u00e3o Caetano e s\u00f3 terminou \u00e0s 19h30 na Igreja do Bonfim. Durante o percurso, que rodou mais de 64 km, o ex-prefeito da capital baiana teve a oportunidade de encontrar apoiadores e receber o carinho da popula\u00e7\u00e3o.<\/p>\n<p style=\"text-align: justify;\">Ao chegar \u00e0 Colina Sagrada, Neto orou. \u201cClaro que eu n\u00e3o poderia terminar essa campanha em outro lugar que n\u00e3o fosse aqui, aos p\u00e9s da Igreja do Nosso Senhor do Bonfim, para agradecer a Deus por tudo o que ele nos deu ao longo dessa campanha. Pela oportunidade de ser candidato a governador, pela presen\u00e7a dele em minha vida, iluminando o meu caminho. Permitindo esse contato t\u00e3o forte com as pessoas e a confian\u00e7a do povo baiano. Espero amanh\u00e3 poder confirmar a vit\u00f3ria da mudan\u00e7a e da esperan\u00e7a da Bahia. Tenham certeza voc\u00eas: n\u00f3s vamos trabalhar muito, mas muito mesmo, para transformar o futuro do nosso estado. Sempre com a prote\u00e7\u00e3o do Nosso Senhor do Bonfim\u201d, disse.<\/p>\n<p style=\"text-align: justify;\">O candidato destacou que a sua campanha vem tomando espa\u00e7o ao longo deste segundo turno. \u201cEstamos muito otimistas. Vimos, ao longo deste segundo turno, a nossa campanha crescer em todo o estado da Bahia. Muita gente que nunca tinha participado da pol\u00edtica resolveu se envolver, exatamente porque entende que a Bahia precisa de mudan\u00e7a. E a gente percebeu nesses \u00faltimos dias que as pessoas que ainda n\u00e3o tinham decidido o seu voto, agora est\u00e3o conosco. Est\u00e3o com o 44\u201d, disse Neto em entrevista aos ve\u00edculos de imprensa que acompanharam a agenda.<\/p>\n<p style=\"text-align: justify;\">A primeira carreata percorreu S\u00e3o Caetano e partiu para Lobato e Alto do Cabrito, no Sub\u00farbio Ferrovi\u00e1rio. Depois, passou pela Pra\u00e7a da Aroeira, em Val\u00e9ria e foi at\u00e9 Paripe. Em seguida, a comitiva de Neto foi ao Calabet\u00e3o, de onde saiu uma nova carreata que seguiu por Jardim Santo In\u00e1cio, Tancredo Neves, Doron, Narandiba, Cabula, Pernambu\u00e9s e outras localidades. O trecho final percorreu a Fazenda Grande do Retiro, passou pelo Uruguai, Massaranduba, Ribeira e Bonfim.<\/p>\n<p style=\"text-align: justify;\">\u201cFinalizei a campanha em Salvador, que \u00e9 o ber\u00e7o do meu trabalho. Aqui, durante oito anos como prefeito, transformei a realidade da capital. Salvador pode dar o seu testemunho do que n\u00f3s fizemos durante oito anos nessa cidade. Eu tenho certeza que Salvador vai ter um papel muito importante nesta elei\u00e7\u00e3o amanh\u00e3 e ela vai se somar aos outros 416 munic\u00edpios da Bahia para consagrar a vit\u00f3ria do 44\u201d, disse Neto.<\/p>\n<p style=\"text-align: justify;\">Ao longo deste segundo turno, ACM Neto visitou 31 cidades em menos de um m\u00eas. Desde o in\u00edcio da campanha, foram quase 320 munic\u00edpios percorridos em mais de 400 viagens a todas as regi\u00f5es da Bahia. \u201cA gente ficou noites sem dormir, muitos dias sem almo\u00e7ar, \u00e0s vezes ficando s\u00f3 com uma refei\u00e7\u00e3o o dia todo, n\u00e9? Mas todo sacrif\u00edcio valeu a pena porque o apoio das pessoas \u00e9 algo que realmente fez toda a diferen\u00e7a e a gente chega aqui com esse sentimento do dever cumprido com a confian\u00e7a na vit\u00f3ria de amanh\u00e3\u201d, afirmou.<\/p>\n<p style=\"text-align: justify;\">Neto ponderou ainda que, apesar de todos os desafios que a campanha e as viagens impuseram, construiu durante os \u00faltimos anos um caminho de conhecimento e entendimento da realidade vivida pelos baianos de cada canto do estado.<\/p>\n<p style=\"text-align: justify;\">\u201cChegamos a fazer oito munic\u00edpios em um s\u00f3 dia. Foi um per\u00edodo em que fiquei com o cora\u00e7\u00e3o apertado pela saudade das filhas, da esposa, dos amigos. Mas todos compreendem, porque para voc\u00ea fazer uma campanha estadual, para ter uma vis\u00e3o completa de todo o estado, voc\u00ea tem que estar presente. Eu sempre fui assim, sempre fiz pol\u00edtica na rua, ao lado das pessoas, e isso me fez aprender muito. Me fez ter uma vis\u00e3o bem\u2026<\/p>\n","protected":false},"excerpt":{"rendered":"<p>No \u00faltimo dia de campanha do segundo turno, o candidato a governador ACM Neto (Uni\u00e3o Brasil) realizou neste s\u00e1bado (29) carreatas em 26 bairros de Salvador. A agenda come\u00e7ou \u00e0s 9h em S\u00e3o Caetano e s\u00f3 terminou \u00e0s 19h30 na Igreja do Bonfim. Durante o percurso, que rodou mais de 64 km, o ex-prefeito da [&hellip;]<\/p>\n","protected":false},"author":1,"featured_media":44762,"comment_status":"closed","ping_status":"open","sticky":false,"template":"","format":"standard","meta":{"_uag_custom_page_level_css":"","_monsterinsights_skip_tracking":false,"_monsterinsights_sitenote_active":false,"_monsterinsights_sitenote_note":"","_monsterinsights_sitenote_category":0,"jetpack_post_was_ever_published":false,"_jetpack_newsletter_access":"","_jetpack_dont_email_post_to_subs":false,"_jetpack_newsletter_tier_id":0,"_jetpack_memberships_contains_paywalled_content":false,"_jetpack_memberships_contains_paid_content":false,"footnotes":"","jetpack_publicize_message":"","jetpack_publicize_feature_enabled":true,"jetpack_social_post_already_shared":true,"jetpack_social_options":{"image_generator_settings":{"template":"highway","default_image_id":0,"font":"","enabled":false},"version":2}},"categories":[10109],"tags":[1705],"class_list":["post-44761","post","type-post","status-publish","format-standard","has-post-thumbnail","hentry","category-eleicoes-2022","tag-acm-neto"],"jetpack_publicize_connections":[],"jetpack_featured_media_url":"https:\/\/blogopara.com.br\/wp-content\/uploads\/2022\/10\/WhatsApp-Image-2022-10-29-at-21.28.20.jpg","uagb_featured_image_src":{"full":["https:\/\/blogopara.com.br\/wp-content\/uploads\/2022\/10\/WhatsApp-Image-2022-10-29-at-21.28.20.jpg",500,345,false],"thumbnail":["https:\/\/blogopara.com.br\/wp-content\/uploads\/2022\/10\/WhatsApp-Image-2022-10-29-at-21.28.20-150x150.jpg",150,150,true],"medium":["https:\/\/blogopara.com.br\/wp-content\/uploads\/2022\/10\/WhatsApp-Image-2022-10-29-at-21.28.20-300x207.jpg",300,207,true],"medium_large":["https:\/\/blogopara.com.br\/wp-content\/uploads\/2022\/10\/WhatsApp-Image-2022-10-29-at-21.28.20.jpg",500,345,false],"large":["https:\/\/blogopara.com.br\/wp-content\/uploads\/2022\/10\/WhatsApp-Image-2022-10-29-at-21.28.20.jpg",500,345,false],"1536x1536":["https:\/\/blogopara.com.br\/wp-content\/uploads\/2022\/10\/WhatsApp-Image-2022-10-29-at-21.28.20.jpg",500,345,false],"2048x2048":["https:\/\/blogopara.com.br\/wp-content\/uploads\/2022\/10\/WhatsApp-Image-2022-10-29-at-21.28.20.jpg",500,345,false],"mantranews-slider-large":["https:\/\/blogopara.com.br\/wp-content\/uploads\/2022\/10\/WhatsApp-Image-2022-10-29-at-21.28.20.jpg",500,345,false],"mantranews-featured-medium":["https:\/\/blogopara.com.br\/wp-content\/uploads\/2022\/10\/WhatsApp-Image-2022-10-29-at-21.28.20-420x307.jpg",420,307,true],"mantranews-featured-long":["https:\/\/blogopara.com.br\/wp-content\/uploads\/2022\/10\/WhatsApp-Image-2022-10-29-at-21.28.20-300x345.jpg",300,345,true],"mantranews-block-medium":["https:\/\/blogopara.com.br\/wp-content\/uploads\/2022\/10\/WhatsApp-Image-2022-10-29-at-21.28.20-464x290.jpg",464,290,true],"mantranews-carousel-image":["https:\/\/blogopara.com.br\/wp-content\/uploads\/2022\/10\/WhatsApp-Image-2022-10-29-at-21.28.20.jpg",500,345,false],"mantranews-block-thumb":["https:\/\/blogopara.com.br\/wp-content\/uploads\/2022\/10\/WhatsApp-Image-2022-10-29-at-21.28.20-322x230.jpg",322,230,true],"mantranews-single-large":["https:\/\/blogopara.com.br\/wp-content\/uploads\/2022\/10\/WhatsApp-Image-2022-10-29-at-21.28.20.jpg",500,345,false]},"uagb_author_info":{"display_name":"Reda\u00e7\u00e3o geral","author_link":"https:\/\/blogopara.com.br\/index.php\/author\/blogopara"},"uagb_comment_info":0,"uagb_excerpt":"No \u00faltimo dia de campanha do segundo turno, o candidato a governador ACM Neto (Uni\u00e3o Brasil) realizou neste s\u00e1bado (29) carreatas em 26 bairros de Salvador. A agenda come\u00e7ou \u00e0s 9h em S\u00e3o Caetano e s\u00f3 terminou \u00e0s 19h30 na Igreja do Bonfim. Durante o percurso, que rodou mais de 64 km, o ex-prefeito da&hellip;","jetpack_sharing_enabled":true,"jetpack_likes_enabled":true,"_links":{"self":[{"href":"https:\/\/blogopara.com.br\/index.php\/wp-json\/wp\/v2\/posts\/44761","targetHints":{"allow":["GET"]}}],"collection":[{"href":"https:\/\/blogopara.com.br\/index.php\/wp-json\/wp\/v2\/posts"}],"about":[{"href":"https:\/\/blogopara.com.br\/index.php\/wp-json\/wp\/v2\/types\/post"}],"author":[{"embeddable":true,"href":"https:\/\/blogopara.com.br\/index.php\/wp-json\/wp\/v2\/users\/1"}],"replies":[{"embeddable":true,"href":"https:\/\/blogopara.com.br\/index.php\/wp-json\/wp\/v2\/comments?post=44761"}],"version-history":[{"count":1,"href":"https:\/\/blogopara.com.br\/index.php\/wp-json\/wp\/v2\/posts\/44761\/revisions"}],"predecessor-version":[{"id":44763,"href":"https:\/\/blogopara.com.br\/index.php\/wp-json\/wp\/v2\/posts\/44761\/revisions\/44763"}],"wp:featuredmedia":[{"embeddable":true,"href":"https:\/\/blogopara.com.br\/index.php\/wp-json\/wp\/v2\/media\/44762"}],"wp:attachment":[{"href":"https:\/\/blogopara.com.br\/index.php\/wp-json\/wp\/v2\/media?parent=44761"}],"wp:term":[{"taxonomy":"category","embeddable":true,"href":"https:\/\/blogopara.com.br\/index.php\/wp-json\/wp\/v2\/categories?post=44761"},{"taxonomy":"post_tag","embeddable":true,"href":"https:\/\/blogopara.com.br\/index.php\/wp-json\/wp\/v2\/tags?post=44761"}],"curies":[{"name":"wp","href":"https:\/\/api.w.org\/{rel}","templated":true}]}}