{"id":44782,"date":"2022-10-30T11:42:00","date_gmt":"2022-10-30T14:42:00","guid":{"rendered":"https:\/\/blogopara.com.br\/?p=44782"},"modified":"2022-10-30T09:55:44","modified_gmt":"2022-10-30T12:55:44","slug":"eleicoes-e-saude-mental-o-adoecimento-psiquico-da-populacao-durante-o-periodo-eleitoral","status":"publish","type":"post","link":"https:\/\/blogopara.com.br\/index.php\/2022\/10\/30\/eleicoes-e-saude-mental-o-adoecimento-psiquico-da-populacao-durante-o-periodo-eleitoral","title":{"rendered":"Elei\u00e7\u00f5es e sa\u00fade mental: o adoecimento ps\u00edquico da popula\u00e7\u00e3o durante o per\u00edodo eleitoral"},"content":{"rendered":"<p style=\"text-align: justify;\">Com o segundo turno das elei\u00e7\u00f5es, e a polariza\u00e7\u00e3o incidente na sociedade contempor\u00e2nea, principalmente no cen\u00e1rio de disputa presidencial entre o ex-presidente Lula e o atual chefe do Executivo Jair Bolsonaro, os relatos de ansiedade, medo, irritabilidade e falta de sono, entre outros sintomas, tornaram-se ainda mais evidentes e presentes entre a popula\u00e7\u00e3o brasileira.<\/p>\n<p style=\"text-align: justify;\">Com o pa\u00eds dividido, as discuss\u00f5es acaloradas atingem n\u00e3o s\u00f3 desconhecidos e amigos, mas tamb\u00e9m as fam\u00edlias brasileiras. Relatos de pais e filhos brigados, netos e av\u00f3s que deixaram de se falar devido \u00e0s diverg\u00eancias pol\u00edticas est\u00e3o mais presentes.<\/p>\n<p style=\"text-align: justify;\">Com a internet e o imediatismo das informa\u00e7\u00f5es, nem sempre ver\u00eddicas, esse desconforto e esses confrontos tomaram conta da corrida presidencial.<\/p>\n<p style=\"text-align: justify;\">De acordo com a cientista pol\u00edtica Priscila Lapa, a falta de consenso entre a popula\u00e7\u00e3o \u00e9 latente sobre diversos temas como sistema eleitoral, pandemia da Covid-19, universidade p\u00fablica e vacinas, o que divide a sociedade.<\/p>\n<p style=\"text-align: justify;\">Cientista pol\u00edtica Priscila Lapa. Foto: Melissa Fernandes\/ Folha de Pernambuco<\/p>\n<p style=\"text-align: justify;\">&#8220;Como voc\u00ea reforma, como voc\u00ea muda um pa\u00eds politicamente se a gente n\u00e3o sabe para onde vai? Uma metade quer caminhar para um lado, a outra quer ir para o outro e quem \u00e9 que vai construir esse consenso? Eu acho que isso n\u00e3o vai mudar no curto prazo, porque falta esse empenho de construir o consenso, ningu\u00e9m est\u00e1 empenhado nisso, est\u00e1 todo mundo empenhado em fazer valer a sua opini\u00e3o, a sua vontade, o desejo do seu grupo pol\u00edtico e ningu\u00e9m est\u00e1 olhando para o caminho do meio\u201d, afirma Priscila.<\/p>\n<p style=\"text-align: justify;\">O psic\u00f3logo cl\u00ednico e professor do curso de psicologia do Centro Universit\u00e1rio Maur\u00edcio de Nassau (Uninassau), Cleyson Monteiro, relata que as fam\u00edlias est\u00e3o sendo destitu\u00eddas pela incapacidade de escutar o outro e de compreender a din\u00e2mica daquilo que \u00e9 defendido.<\/p>\n<p style=\"text-align: justify;\">\u201cA gente sabe que no mundo precisamos de ret\u00f3ricas e nem sempre na vida voc\u00ea vai encontrar situa\u00e7\u00f5es de concilia\u00e7\u00e3o, \u00e9 assim no casamento, entre irm\u00e3os, e entre pais e filhos. Quantos pais e filhos n\u00e3o entram em discuss\u00e3o por causa de uma s\u00e9rie de fatores como religi\u00e3o, pol\u00edtica, quest\u00f5es sociais, e isso faz parte da vida humana, o ser humano precisa aprender a lidar com isso. Essas rupturas, esses desrespeitos, isso sim \u00e9 uma transgress\u00e3o da conviv\u00eancia comum. A gente pode lidar com os contrapontos, somos pessoas distintas\u201d, declara Cleyson.<\/p>\n","protected":false},"excerpt":{"rendered":"<p>Com o segundo turno das elei\u00e7\u00f5es, e a polariza\u00e7\u00e3o incidente na sociedade contempor\u00e2nea, principalmente no cen\u00e1rio de disputa presidencial entre o ex-presidente Lula e o atual chefe do Executivo Jair Bolsonaro, os relatos de ansiedade, medo, irritabilidade e falta de sono, entre outros sintomas, tornaram-se ainda mais evidentes e presentes entre a popula\u00e7\u00e3o brasileira. Com [&hellip;]<\/p>\n","protected":false},"author":1,"featured_media":44783,"comment_status":"closed","ping_status":"open","sticky":false,"template":"","format":"standard","meta":{"_uag_custom_page_level_css":"","_monsterinsights_skip_tracking":false,"_monsterinsights_sitenote_active":false,"_monsterinsights_sitenote_note":"","_monsterinsights_sitenote_category":0,"jetpack_post_was_ever_published":false,"_jetpack_newsletter_access":"","_jetpack_dont_email_post_to_subs":false,"_jetpack_newsletter_tier_id":0,"_jetpack_memberships_contains_paywalled_content":false,"_jetpack_memberships_contains_paid_content":false,"footnotes":"","jetpack_publicize_message":"","jetpack_publicize_feature_enabled":true,"jetpack_social_post_already_shared":true,"jetpack_social_options":{"image_generator_settings":{"template":"highway","default_image_id":0,"font":"","enabled":false},"version":2}},"categories":[10109],"tags":[],"class_list":["post-44782","post","type-post","status-publish","format-standard","has-post-thumbnail","hentry","category-eleicoes-2022"],"jetpack_publicize_connections":[],"jetpack_featured_media_url":"https:\/\/blogopara.com.br\/wp-content\/uploads\/2022\/10\/depressao2.jpg","uagb_featured_image_src":{"full":["https:\/\/blogopara.com.br\/wp-content\/uploads\/2022\/10\/depressao2.jpg",500,299,false],"thumbnail":["https:\/\/blogopara.com.br\/wp-content\/uploads\/2022\/10\/depressao2-150x150.jpg",150,150,true],"medium":["https:\/\/blogopara.com.br\/wp-content\/uploads\/2022\/10\/depressao2-300x179.jpg",300,179,true],"medium_large":["https:\/\/blogopara.com.br\/wp-content\/uploads\/2022\/10\/depressao2.jpg",500,299,false],"large":["https:\/\/blogopara.com.br\/wp-content\/uploads\/2022\/10\/depressao2.jpg",500,299,false],"1536x1536":["https:\/\/blogopara.com.br\/wp-content\/uploads\/2022\/10\/depressao2.jpg",500,299,false],"2048x2048":["https:\/\/blogopara.com.br\/wp-content\/uploads\/2022\/10\/depressao2.jpg",500,299,false],"mantranews-slider-large":["https:\/\/blogopara.com.br\/wp-content\/uploads\/2022\/10\/depressao2.jpg",500,299,false],"mantranews-featured-medium":["https:\/\/blogopara.com.br\/wp-content\/uploads\/2022\/10\/depressao2-420x299.jpg",420,299,true],"mantranews-featured-long":["https:\/\/blogopara.com.br\/wp-content\/uploads\/2022\/10\/depressao2-300x299.jpg",300,299,true],"mantranews-block-medium":["https:\/\/blogopara.com.br\/wp-content\/uploads\/2022\/10\/depressao2-464x290.jpg",464,290,true],"mantranews-carousel-image":["https:\/\/blogopara.com.br\/wp-content\/uploads\/2022\/10\/depressao2.jpg",500,299,false],"mantranews-block-thumb":["https:\/\/blogopara.com.br\/wp-content\/uploads\/2022\/10\/depressao2-322x230.jpg",322,230,true],"mantranews-single-large":["https:\/\/blogopara.com.br\/wp-content\/uploads\/2022\/10\/depressao2.jpg",500,299,false]},"uagb_author_info":{"display_name":"Reda\u00e7\u00e3o geral","author_link":"https:\/\/blogopara.com.br\/index.php\/author\/blogopara"},"uagb_comment_info":0,"uagb_excerpt":"Com o segundo turno das elei\u00e7\u00f5es, e a polariza\u00e7\u00e3o incidente na sociedade contempor\u00e2nea, principalmente no cen\u00e1rio de disputa presidencial entre o ex-presidente Lula e o atual chefe do Executivo Jair Bolsonaro, os relatos de ansiedade, medo, irritabilidade e falta de sono, entre outros sintomas, tornaram-se ainda mais evidentes e presentes entre a popula\u00e7\u00e3o brasileira. Com&hellip;","jetpack_sharing_enabled":true,"jetpack_likes_enabled":true,"_links":{"self":[{"href":"https:\/\/blogopara.com.br\/index.php\/wp-json\/wp\/v2\/posts\/44782","targetHints":{"allow":["GET"]}}],"collection":[{"href":"https:\/\/blogopara.com.br\/index.php\/wp-json\/wp\/v2\/posts"}],"about":[{"href":"https:\/\/blogopara.com.br\/index.php\/wp-json\/wp\/v2\/types\/post"}],"author":[{"embeddable":true,"href":"https:\/\/blogopara.com.br\/index.php\/wp-json\/wp\/v2\/users\/1"}],"replies":[{"embeddable":true,"href":"https:\/\/blogopara.com.br\/index.php\/wp-json\/wp\/v2\/comments?post=44782"}],"version-history":[{"count":1,"href":"https:\/\/blogopara.com.br\/index.php\/wp-json\/wp\/v2\/posts\/44782\/revisions"}],"predecessor-version":[{"id":44784,"href":"https:\/\/blogopara.com.br\/index.php\/wp-json\/wp\/v2\/posts\/44782\/revisions\/44784"}],"wp:featuredmedia":[{"embeddable":true,"href":"https:\/\/blogopara.com.br\/index.php\/wp-json\/wp\/v2\/media\/44783"}],"wp:attachment":[{"href":"https:\/\/blogopara.com.br\/index.php\/wp-json\/wp\/v2\/media?parent=44782"}],"wp:term":[{"taxonomy":"category","embeddable":true,"href":"https:\/\/blogopara.com.br\/index.php\/wp-json\/wp\/v2\/categories?post=44782"},{"taxonomy":"post_tag","embeddable":true,"href":"https:\/\/blogopara.com.br\/index.php\/wp-json\/wp\/v2\/tags?post=44782"}],"curies":[{"name":"wp","href":"https:\/\/api.w.org\/{rel}","templated":true}]}}