{"id":44810,"date":"2022-10-31T13:45:00","date_gmt":"2022-10-31T16:45:00","guid":{"rendered":"https:\/\/blogopara.com.br\/?p=44810"},"modified":"2022-10-30T23:24:14","modified_gmt":"2022-10-31T02:24:14","slug":"silas-malafaia-ora-por-presidente-eleito-e-pede-a-deus-bencao-sobre-lula","status":"publish","type":"post","link":"https:\/\/blogopara.com.br\/index.php\/2022\/10\/31\/silas-malafaia-ora-por-presidente-eleito-e-pede-a-deus-bencao-sobre-lula","title":{"rendered":"Silas Malafaia ora por presidente eleito e pede a Deus &#8220;b\u00ean\u00e7\u00e3o sobre Lula&#8221;"},"content":{"rendered":"<p style=\"text-align: justify;\">Principal apoiador do candidato \u00e0 presid\u00eancia da Rep\u00fablica Jair Bolsonaro entre os l\u00edderes evang\u00e9licos, o pastor Silas Malafaia, da Assembleia de Deus Vit\u00f3ria em Cristo, orou pelo presidente eleito Luiz In\u00e1cio Lula da Silva no culto desta noite na sede da igreja, no bairro da Penha, Rio de Janeiro.<\/p>\n<p class=\"texto\" style=\"text-align: justify;\">No fim da reuni\u00e3o, o pastor afirmou: &#8220;Vamos fazer uma ora\u00e7\u00e3o. Vamos orar. Esse \u00e9 o papel da igreja. Se a b\u00edlbia manda orar antes de tudo pelas autoridades, ent\u00e3o vamos orar pelo novo governo que vem a\u00ed, \u00e9 agora que n\u00f3s vamos fazer isso&#8221;, introduziu.<\/p>\n<p class=\"texto\" style=\"text-align: justify;\">Na ora\u00e7\u00e3o, Silas Malafaia colocou que a elei\u00e7\u00e3o \u00e9 a vontade permissiva de Deus. &#8220;Deus permite o homem escrever a hist\u00f3ria, e n\u00f3s queremos pedir, Senhor, pelo novo governo. N\u00f3s queremos pedir em favor de governadores, do presidente que foi eleito, dos senadores, dos deputados federais e estaduais&#8221;.<\/p>\n<p class=\"texto\" style=\"text-align: justify;\">Na sequ\u00eacia, Silas Malafaia pediu que &#8220;Deus tenha miseric\u00f3rdia da na\u00e7\u00e3o&#8221;, suplicou por &#8220;dias de prosperidade e b\u00ean\u00e7\u00e3o para a na\u00e7\u00e3o brasileira e sabedoria aos governantes para que possamos ter dias melhores&#8221;.<\/p>\n<p class=\"texto\" style=\"text-align: justify;\">O pastor tamb\u00e9m pediu na ora\u00e7\u00e3o que Deus livre o Brasil do &#8220;caos politico, social e econ\u00f4mico&#8221; e pediu &#8220;b\u00ean\u00e7\u00e3o sobre Lula, senadores, deputados e que a m\u00e3o de Deus esteja sobre a na\u00e7\u00e3o&#8221;, encerrou.<\/p>\n","protected":false},"excerpt":{"rendered":"<p>Principal apoiador do candidato \u00e0 presid\u00eancia da Rep\u00fablica Jair Bolsonaro entre os l\u00edderes evang\u00e9licos, o pastor Silas Malafaia, da Assembleia de Deus Vit\u00f3ria em Cristo, orou pelo presidente eleito Luiz In\u00e1cio Lula da Silva no culto desta noite na sede da igreja, no bairro da Penha, Rio de Janeiro. No fim da reuni\u00e3o, o pastor [&hellip;]<\/p>\n","protected":false},"author":1,"featured_media":44811,"comment_status":"closed","ping_status":"open","sticky":false,"template":"","format":"standard","meta":{"_uag_custom_page_level_css":"","_monsterinsights_skip_tracking":false,"_monsterinsights_sitenote_active":false,"_monsterinsights_sitenote_note":"","_monsterinsights_sitenote_category":0,"jetpack_post_was_ever_published":false,"_jetpack_newsletter_access":"","_jetpack_dont_email_post_to_subs":false,"_jetpack_newsletter_tier_id":0,"_jetpack_memberships_contains_paywalled_content":false,"_jetpack_memberships_contains_paid_content":false,"footnotes":"","jetpack_publicize_message":"","jetpack_publicize_feature_enabled":true,"jetpack_social_post_already_shared":true,"jetpack_social_options":{"image_generator_settings":{"template":"highway","default_image_id":0,"font":"","enabled":false},"version":2}},"categories":[10109],"tags":[1559,255],"class_list":["post-44810","post","type-post","status-publish","format-standard","has-post-thumbnail","hentry","category-eleicoes-2022","tag-politica-2","tag-religiao"],"jetpack_publicize_connections":[],"jetpack_featured_media_url":"https:\/\/blogopara.com.br\/wp-content\/uploads\/2022\/10\/1_33710441328_b5e50a7273_o-26222965.jpg","uagb_featured_image_src":{"full":["https:\/\/blogopara.com.br\/wp-content\/uploads\/2022\/10\/1_33710441328_b5e50a7273_o-26222965.jpg",500,333,false],"thumbnail":["https:\/\/blogopara.com.br\/wp-content\/uploads\/2022\/10\/1_33710441328_b5e50a7273_o-26222965-150x150.jpg",150,150,true],"medium":["https:\/\/blogopara.com.br\/wp-content\/uploads\/2022\/10\/1_33710441328_b5e50a7273_o-26222965-300x200.jpg",300,200,true],"medium_large":["https:\/\/blogopara.com.br\/wp-content\/uploads\/2022\/10\/1_33710441328_b5e50a7273_o-26222965.jpg",500,333,false],"large":["https:\/\/blogopara.com.br\/wp-content\/uploads\/2022\/10\/1_33710441328_b5e50a7273_o-26222965.jpg",500,333,false],"1536x1536":["https:\/\/blogopara.com.br\/wp-content\/uploads\/2022\/10\/1_33710441328_b5e50a7273_o-26222965.jpg",500,333,false],"2048x2048":["https:\/\/blogopara.com.br\/wp-content\/uploads\/2022\/10\/1_33710441328_b5e50a7273_o-26222965.jpg",500,333,false],"mantranews-slider-large":["https:\/\/blogopara.com.br\/wp-content\/uploads\/2022\/10\/1_33710441328_b5e50a7273_o-26222965.jpg",500,333,false],"mantranews-featured-medium":["https:\/\/blogopara.com.br\/wp-content\/uploads\/2022\/10\/1_33710441328_b5e50a7273_o-26222965-420x307.jpg",420,307,true],"mantranews-featured-long":["https:\/\/blogopara.com.br\/wp-content\/uploads\/2022\/10\/1_33710441328_b5e50a7273_o-26222965-300x333.jpg",300,333,true],"mantranews-block-medium":["https:\/\/blogopara.com.br\/wp-content\/uploads\/2022\/10\/1_33710441328_b5e50a7273_o-26222965-464x290.jpg",464,290,true],"mantranews-carousel-image":["https:\/\/blogopara.com.br\/wp-content\/uploads\/2022\/10\/1_33710441328_b5e50a7273_o-26222965.jpg",500,333,false],"mantranews-block-thumb":["https:\/\/blogopara.com.br\/wp-content\/uploads\/2022\/10\/1_33710441328_b5e50a7273_o-26222965-322x230.jpg",322,230,true],"mantranews-single-large":["https:\/\/blogopara.com.br\/wp-content\/uploads\/2022\/10\/1_33710441328_b5e50a7273_o-26222965.jpg",500,333,false]},"uagb_author_info":{"display_name":"Reda\u00e7\u00e3o geral","author_link":"https:\/\/blogopara.com.br\/index.php\/author\/blogopara"},"uagb_comment_info":0,"uagb_excerpt":"Principal apoiador do candidato \u00e0 presid\u00eancia da Rep\u00fablica Jair Bolsonaro entre os l\u00edderes evang\u00e9licos, o pastor Silas Malafaia, da Assembleia de Deus Vit\u00f3ria em Cristo, orou pelo presidente eleito Luiz In\u00e1cio Lula da Silva no culto desta noite na sede da igreja, no bairro da Penha, Rio de Janeiro. No fim da reuni\u00e3o, o pastor&hellip;","jetpack_sharing_enabled":true,"jetpack_likes_enabled":true,"_links":{"self":[{"href":"https:\/\/blogopara.com.br\/index.php\/wp-json\/wp\/v2\/posts\/44810","targetHints":{"allow":["GET"]}}],"collection":[{"href":"https:\/\/blogopara.com.br\/index.php\/wp-json\/wp\/v2\/posts"}],"about":[{"href":"https:\/\/blogopara.com.br\/index.php\/wp-json\/wp\/v2\/types\/post"}],"author":[{"embeddable":true,"href":"https:\/\/blogopara.com.br\/index.php\/wp-json\/wp\/v2\/users\/1"}],"replies":[{"embeddable":true,"href":"https:\/\/blogopara.com.br\/index.php\/wp-json\/wp\/v2\/comments?post=44810"}],"version-history":[{"count":1,"href":"https:\/\/blogopara.com.br\/index.php\/wp-json\/wp\/v2\/posts\/44810\/revisions"}],"predecessor-version":[{"id":44812,"href":"https:\/\/blogopara.com.br\/index.php\/wp-json\/wp\/v2\/posts\/44810\/revisions\/44812"}],"wp:featuredmedia":[{"embeddable":true,"href":"https:\/\/blogopara.com.br\/index.php\/wp-json\/wp\/v2\/media\/44811"}],"wp:attachment":[{"href":"https:\/\/blogopara.com.br\/index.php\/wp-json\/wp\/v2\/media?parent=44810"}],"wp:term":[{"taxonomy":"category","embeddable":true,"href":"https:\/\/blogopara.com.br\/index.php\/wp-json\/wp\/v2\/categories?post=44810"},{"taxonomy":"post_tag","embeddable":true,"href":"https:\/\/blogopara.com.br\/index.php\/wp-json\/wp\/v2\/tags?post=44810"}],"curies":[{"name":"wp","href":"https:\/\/api.w.org\/{rel}","templated":true}]}}