{"id":44849,"date":"2022-11-01T11:42:00","date_gmt":"2022-11-01T14:42:00","guid":{"rendered":"https:\/\/blogopara.com.br\/?p=44849"},"modified":"2022-10-31T22:30:23","modified_gmt":"2022-11-01T01:30:23","slug":"escola-municipal-de-juazeiro-e-finalista-em-concurso-estadual-que-incentiva-a-valorizacao-e-o-cuidado-com-o-meio-ambiente","status":"publish","type":"post","link":"https:\/\/blogopara.com.br\/index.php\/2022\/11\/01\/escola-municipal-de-juazeiro-e-finalista-em-concurso-estadual-que-incentiva-a-valorizacao-e-o-cuidado-com-o-meio-ambiente","title":{"rendered":"Escola municipal de Juazeiro \u00e9 finalista em concurso estadual que incentiva a valoriza\u00e7\u00e3o e o cuidado com o meio ambiente"},"content":{"rendered":"<p style=\"text-align: justify;\">A rede municipal de ensino de Juazeiro ser\u00e1 representada na cerim\u00f4nia de premia\u00e7\u00e3o do programa Despertar 2022, que acontecer\u00e1 no pr\u00f3ximo dia 03 de novembro, em Salvador. A Escola Municipal Paulo Freire, localizada no distrito de Junco, est\u00e1 entre as finalistas na categoria \u201cProdu\u00e7\u00e3o de V\u00eddeo\u201d, no concurso cultural abra\u00e7ado pela &nbsp;Prefeitura de Juazeiro e idealizado pelo Servi\u00e7o Nacional de Aprendizagem Rural (Senar\/BA), a Federa\u00e7\u00e3o da Agricultura e Pecu\u00e1ria da Bahia (FAEB) e o Sindicato dos Produtores Rurais de Juazeiro.<\/p>\n<p>A iniciativa ir\u00e1 premiar as melhores produ\u00e7\u00f5es nas categorias Desenho, Produ\u00e7\u00e3o Textual, Produ\u00e7\u00e3o de V\u00eddeo (Agente Despertar), Experi\u00eancia Pedag\u00f3gica e Portf\u00f3lio do Coordenador Municipal. Este ano, o programa trabalhou nas escolas o tema: \u201cEduca\u00e7\u00e3o empreendedora e cooperativismo: pr\u00e1ticas sociais para a vida em comunidade\u201d, e no total, 69 escolas municipais participaram da iniciativa, &nbsp;envolvendo mais de 10 mil estudantes, 120 gestores e coordenadores pedag\u00f3gicos, 100 alunos agentes, 70 professores e mais de 50 produ\u00e7\u00f5es.<\/p>\n<p>Professora na Escola Municipal Paulo Freire e incentivadora da participa\u00e7\u00e3o dos alunos na iniciativa, Leidiane Gomes, falou sobre a expectativa para o resultado do concurso cultural. \u201c\u00c9 muito gratificante para mim, enquanto professora, saber que minha escola foi selecionada para representar o nosso munic\u00edpio na cerim\u00f4nia de premia\u00e7\u00e3o do Programa Despertar. As expectativas s\u00e3o enormes, por\u00e9m com uma grande certeza que desenvolvemos um bom trabalho\u201d, ressaltou a professora, que tamb\u00e9m contou que as atividades desenvolvidas na escola &nbsp;geraram impacto tamb\u00e9m na comunidade.<\/p>\n<p><b><br \/>\nO programa<\/b><\/p>\n<p>O Programa Despertar \u00e9 uma iniciativa do Senar, foi abra\u00e7ado pela Prefeitura de Juazeiro e fomenta nas escolas municipais a valoriza\u00e7\u00e3o do meio ambiente, de forma contextualizada com as unidades de ensino que desenvolvem projetos interdisciplinares na rede municipal de Juazeiro.<\/p>\n<div>\n<div dir=\"ltr\" data-smartmail=\"gmail_signature\"><\/div>\n<\/div>\n","protected":false},"excerpt":{"rendered":"<p>A rede municipal de ensino de Juazeiro ser\u00e1 representada na cerim\u00f4nia de premia\u00e7\u00e3o do programa Despertar 2022, que acontecer\u00e1 no pr\u00f3ximo dia 03 de novembro, em Salvador. A Escola Municipal Paulo Freire, localizada no distrito de Junco, est\u00e1 entre as finalistas na categoria \u201cProdu\u00e7\u00e3o de V\u00eddeo\u201d, no concurso cultural abra\u00e7ado pela &nbsp;Prefeitura de Juazeiro e [&hellip;]<\/p>\n","protected":false},"author":1,"featured_media":44850,"comment_status":"closed","ping_status":"open","sticky":false,"template":"","format":"standard","meta":{"_uag_custom_page_level_css":"","_monsterinsights_skip_tracking":false,"_monsterinsights_sitenote_active":false,"_monsterinsights_sitenote_note":"","_monsterinsights_sitenote_category":0,"jetpack_post_was_ever_published":false,"_jetpack_newsletter_access":"","_jetpack_dont_email_post_to_subs":false,"_jetpack_newsletter_tier_id":0,"_jetpack_memberships_contains_paywalled_content":false,"_jetpack_memberships_contains_paid_content":false,"footnotes":"","jetpack_publicize_message":"","jetpack_publicize_feature_enabled":true,"jetpack_social_post_already_shared":true,"jetpack_social_options":{"image_generator_settings":{"template":"highway","default_image_id":0,"font":"","enabled":false},"version":2}},"categories":[209],"tags":[2757,340],"class_list":["post-44849","post","type-post","status-publish","format-standard","has-post-thumbnail","hentry","category-educacao","tag-educacao","tag-prefeitura-de-juazeiro"],"jetpack_publicize_connections":[],"jetpack_featured_media_url":"https:\/\/blogopara.com.br\/wp-content\/uploads\/2022\/10\/DESPERTAR.jpg","uagb_featured_image_src":{"full":["https:\/\/blogopara.com.br\/wp-content\/uploads\/2022\/10\/DESPERTAR.jpg",500,333,false],"thumbnail":["https:\/\/blogopara.com.br\/wp-content\/uploads\/2022\/10\/DESPERTAR-150x150.jpg",150,150,true],"medium":["https:\/\/blogopara.com.br\/wp-content\/uploads\/2022\/10\/DESPERTAR-300x200.jpg",300,200,true],"medium_large":["https:\/\/blogopara.com.br\/wp-content\/uploads\/2022\/10\/DESPERTAR.jpg",500,333,false],"large":["https:\/\/blogopara.com.br\/wp-content\/uploads\/2022\/10\/DESPERTAR.jpg",500,333,false],"1536x1536":["https:\/\/blogopara.com.br\/wp-content\/uploads\/2022\/10\/DESPERTAR.jpg",500,333,false],"2048x2048":["https:\/\/blogopara.com.br\/wp-content\/uploads\/2022\/10\/DESPERTAR.jpg",500,333,false],"mantranews-slider-large":["https:\/\/blogopara.com.br\/wp-content\/uploads\/2022\/10\/DESPERTAR.jpg",500,333,false],"mantranews-featured-medium":["https:\/\/blogopara.com.br\/wp-content\/uploads\/2022\/10\/DESPERTAR-420x307.jpg",420,307,true],"mantranews-featured-long":["https:\/\/blogopara.com.br\/wp-content\/uploads\/2022\/10\/DESPERTAR-300x333.jpg",300,333,true],"mantranews-block-medium":["https:\/\/blogopara.com.br\/wp-content\/uploads\/2022\/10\/DESPERTAR-464x290.jpg",464,290,true],"mantranews-carousel-image":["https:\/\/blogopara.com.br\/wp-content\/uploads\/2022\/10\/DESPERTAR.jpg",500,333,false],"mantranews-block-thumb":["https:\/\/blogopara.com.br\/wp-content\/uploads\/2022\/10\/DESPERTAR-322x230.jpg",322,230,true],"mantranews-single-large":["https:\/\/blogopara.com.br\/wp-content\/uploads\/2022\/10\/DESPERTAR.jpg",500,333,false]},"uagb_author_info":{"display_name":"Reda\u00e7\u00e3o geral","author_link":"https:\/\/blogopara.com.br\/index.php\/author\/blogopara"},"uagb_comment_info":0,"uagb_excerpt":"A rede municipal de ensino de Juazeiro ser\u00e1 representada na cerim\u00f4nia de premia\u00e7\u00e3o do programa Despertar 2022, que acontecer\u00e1 no pr\u00f3ximo dia 03 de novembro, em Salvador. A Escola Municipal Paulo Freire, localizada no distrito de Junco, est\u00e1 entre as finalistas na categoria \u201cProdu\u00e7\u00e3o de V\u00eddeo\u201d, no concurso cultural abra\u00e7ado pela &nbsp;Prefeitura de Juazeiro e&hellip;","jetpack_sharing_enabled":true,"jetpack_likes_enabled":true,"_links":{"self":[{"href":"https:\/\/blogopara.com.br\/index.php\/wp-json\/wp\/v2\/posts\/44849","targetHints":{"allow":["GET"]}}],"collection":[{"href":"https:\/\/blogopara.com.br\/index.php\/wp-json\/wp\/v2\/posts"}],"about":[{"href":"https:\/\/blogopara.com.br\/index.php\/wp-json\/wp\/v2\/types\/post"}],"author":[{"embeddable":true,"href":"https:\/\/blogopara.com.br\/index.php\/wp-json\/wp\/v2\/users\/1"}],"replies":[{"embeddable":true,"href":"https:\/\/blogopara.com.br\/index.php\/wp-json\/wp\/v2\/comments?post=44849"}],"version-history":[{"count":2,"href":"https:\/\/blogopara.com.br\/index.php\/wp-json\/wp\/v2\/posts\/44849\/revisions"}],"predecessor-version":[{"id":44858,"href":"https:\/\/blogopara.com.br\/index.php\/wp-json\/wp\/v2\/posts\/44849\/revisions\/44858"}],"wp:featuredmedia":[{"embeddable":true,"href":"https:\/\/blogopara.com.br\/index.php\/wp-json\/wp\/v2\/media\/44850"}],"wp:attachment":[{"href":"https:\/\/blogopara.com.br\/index.php\/wp-json\/wp\/v2\/media?parent=44849"}],"wp:term":[{"taxonomy":"category","embeddable":true,"href":"https:\/\/blogopara.com.br\/index.php\/wp-json\/wp\/v2\/categories?post=44849"},{"taxonomy":"post_tag","embeddable":true,"href":"https:\/\/blogopara.com.br\/index.php\/wp-json\/wp\/v2\/tags?post=44849"}],"curies":[{"name":"wp","href":"https:\/\/api.w.org\/{rel}","templated":true}]}}