{"id":44859,"date":"2022-11-01T07:35:00","date_gmt":"2022-11-01T10:35:00","guid":{"rendered":"https:\/\/blogopara.com.br\/?p=44859"},"modified":"2022-10-31T22:26:19","modified_gmt":"2022-11-01T01:26:19","slug":"mpe-pede-ao-tse-providencias-para-desbloqueio-de-rodovias-pelo-pais","status":"publish","type":"post","link":"https:\/\/blogopara.com.br\/index.php\/2022\/11\/01\/mpe-pede-ao-tse-providencias-para-desbloqueio-de-rodovias-pelo-pais","title":{"rendered":"MPE pede ao TSE provid\u00eancias para desbloqueio de rodovias pelo pa\u00eds"},"content":{"rendered":"<p class=\"texto\" style=\"text-align: justify;\">O Minist\u00e9rio P\u00fablico Eleitoral (MPE) pediu ao Tribunal Superior Eleitoral (TSE), nesta segunda-feira (31\/10), a ado\u00e7\u00e3o de provid\u00eancias para<a href=\"https:\/\/www.correiobraziliense.com.br\/politica\/2022\/10\/5048403-prf-atualiza-numeros-da-paralisacao-dos-caminhoneiros-sc-tem-37-bloqueios.html\" target=\"_blank\" rel=\"noopener noreferrer\">\u00a0restaurar a normalidade das rodovias do pa\u00eds<\/a>. No documento, assinado pelo vice-procurador-geral Eleitoral, Paulo Gonet, e enviado ao presidente da Corte, ministro Alexandre de Moraes, s\u00e3o solicitadas medidas para evitar o agravamento da situa\u00e7\u00e3o e garantir o livre tr\u00e2nsito de ve\u00edculos, bens e pessoas.<\/p>\n<div id=\"cb-publicidade-retangulo-interna\" class=\"pub-ret\" data-google-query-id=\"CPOT__boi_sCFVgRuQYdFYsGZA\">\n<p class=\"texto\" style=\"text-align: justify;\">&#8220;Desafios dessa esp\u00e9cie atingem o processo eleitoral, no que tange \u00e0 sua legitimidade e efic\u00e1cia como forma de express\u00e3o da vontade popular\u201d, escreveu o vice-PGE no documento.<\/p>\n<p class=\"texto\" style=\"text-align: justify;\">A a\u00e7\u00e3o do \u00f3rg\u00e3o \u00e9 por causa dos bloqueios dos caminhoneiros bolsonaristas pelo pa\u00eds.\u00a0<a href=\"https:\/\/www.correiobraziliense.com.br\/politica\/2022\/10\/5048446-caminhoneiros-bolsonaristas-fecham-outras-duas-vias-no-entorno-do-df.html\" target=\"_blank\" rel=\"noopener noreferrer\">Parte da categoria protesta em demonstra\u00e7\u00e3o de apoio ao atual presidente Jair Bolsonaro (PL) \u2014<\/a>\u00a0derrotado nas urnas na noite de domingo (30\/10) contra Luiz In\u00e1cio Lula da Silva (PT). No entanto, o movimento n\u00e3o \u00e9 reconhecido pelas principais lideran\u00e7as da classe.<\/p>\n<p class=\"texto\" style=\"text-align: justify;\">Ainda nesta segunda-feira, o Minist\u00e9rio P\u00fablico Federal (MPF) cobrou explica\u00e7\u00f5es da Pol\u00edcia Rodovi\u00e1ria Federal (PRF), em at\u00e9 24 horas, em rela\u00e7\u00e3o \u00e0s provid\u00eancias tomadas para garantir a manuten\u00e7\u00e3o do fluxo nas rodovias federais.<\/p>\n<\/div>\n","protected":false},"excerpt":{"rendered":"<p>O Minist\u00e9rio P\u00fablico Eleitoral (MPE) pediu ao Tribunal Superior Eleitoral (TSE), nesta segunda-feira (31\/10), a ado\u00e7\u00e3o de provid\u00eancias para\u00a0restaurar a normalidade das rodovias do pa\u00eds. No documento, assinado pelo vice-procurador-geral Eleitoral, Paulo Gonet, e enviado ao presidente da Corte, ministro Alexandre de Moraes, s\u00e3o solicitadas medidas para evitar o agravamento da situa\u00e7\u00e3o e garantir o [&hellip;]<\/p>\n","protected":false},"author":1,"featured_media":44836,"comment_status":"closed","ping_status":"open","sticky":false,"template":"","format":"standard","meta":{"_uag_custom_page_level_css":"","_monsterinsights_skip_tracking":false,"_monsterinsights_sitenote_active":false,"_monsterinsights_sitenote_note":"","_monsterinsights_sitenote_category":0,"jetpack_post_was_ever_published":false,"_jetpack_newsletter_access":"","_jetpack_dont_email_post_to_subs":false,"_jetpack_newsletter_tier_id":0,"_jetpack_memberships_contains_paywalled_content":false,"_jetpack_memberships_contains_paid_content":false,"footnotes":"","jetpack_publicize_message":"","jetpack_publicize_feature_enabled":true,"jetpack_social_post_already_shared":true,"jetpack_social_options":{"image_generator_settings":{"template":"highway","default_image_id":0,"font":"","enabled":false},"version":2}},"categories":[10109],"tags":[],"class_list":["post-44859","post","type-post","status-publish","format-standard","has-post-thumbnail","hentry","category-eleicoes-2022"],"jetpack_publicize_connections":[],"jetpack_featured_media_url":"https:\/\/blogopara.com.br\/wp-content\/uploads\/2022\/10\/Artigo-Destaque_01210473_00.png","uagb_featured_image_src":{"full":["https:\/\/blogopara.com.br\/wp-content\/uploads\/2022\/10\/Artigo-Destaque_01210473_00.png",500,332,false],"thumbnail":["https:\/\/blogopara.com.br\/wp-content\/uploads\/2022\/10\/Artigo-Destaque_01210473_00-150x150.png",150,150,true],"medium":["https:\/\/blogopara.com.br\/wp-content\/uploads\/2022\/10\/Artigo-Destaque_01210473_00-300x199.png",300,199,true],"medium_large":["https:\/\/blogopara.com.br\/wp-content\/uploads\/2022\/10\/Artigo-Destaque_01210473_00.png",500,332,false],"large":["https:\/\/blogopara.com.br\/wp-content\/uploads\/2022\/10\/Artigo-Destaque_01210473_00.png",500,332,false],"1536x1536":["https:\/\/blogopara.com.br\/wp-content\/uploads\/2022\/10\/Artigo-Destaque_01210473_00.png",500,332,false],"2048x2048":["https:\/\/blogopara.com.br\/wp-content\/uploads\/2022\/10\/Artigo-Destaque_01210473_00.png",500,332,false],"mantranews-slider-large":["https:\/\/blogopara.com.br\/wp-content\/uploads\/2022\/10\/Artigo-Destaque_01210473_00.png",500,332,false],"mantranews-featured-medium":["https:\/\/blogopara.com.br\/wp-content\/uploads\/2022\/10\/Artigo-Destaque_01210473_00-420x307.png",420,307,true],"mantranews-featured-long":["https:\/\/blogopara.com.br\/wp-content\/uploads\/2022\/10\/Artigo-Destaque_01210473_00-300x332.png",300,332,true],"mantranews-block-medium":["https:\/\/blogopara.com.br\/wp-content\/uploads\/2022\/10\/Artigo-Destaque_01210473_00-464x290.png",464,290,true],"mantranews-carousel-image":["https:\/\/blogopara.com.br\/wp-content\/uploads\/2022\/10\/Artigo-Destaque_01210473_00.png",500,332,false],"mantranews-block-thumb":["https:\/\/blogopara.com.br\/wp-content\/uploads\/2022\/10\/Artigo-Destaque_01210473_00-322x230.png",322,230,true],"mantranews-single-large":["https:\/\/blogopara.com.br\/wp-content\/uploads\/2022\/10\/Artigo-Destaque_01210473_00.png",500,332,false]},"uagb_author_info":{"display_name":"Reda\u00e7\u00e3o geral","author_link":"https:\/\/blogopara.com.br\/index.php\/author\/blogopara"},"uagb_comment_info":0,"uagb_excerpt":"O Minist\u00e9rio P\u00fablico Eleitoral (MPE) pediu ao Tribunal Superior Eleitoral (TSE), nesta segunda-feira (31\/10), a ado\u00e7\u00e3o de provid\u00eancias para\u00a0restaurar a normalidade das rodovias do pa\u00eds. No documento, assinado pelo vice-procurador-geral Eleitoral, Paulo Gonet, e enviado ao presidente da Corte, ministro Alexandre de Moraes, s\u00e3o solicitadas medidas para evitar o agravamento da situa\u00e7\u00e3o e garantir o&hellip;","jetpack_sharing_enabled":true,"jetpack_likes_enabled":true,"_links":{"self":[{"href":"https:\/\/blogopara.com.br\/index.php\/wp-json\/wp\/v2\/posts\/44859","targetHints":{"allow":["GET"]}}],"collection":[{"href":"https:\/\/blogopara.com.br\/index.php\/wp-json\/wp\/v2\/posts"}],"about":[{"href":"https:\/\/blogopara.com.br\/index.php\/wp-json\/wp\/v2\/types\/post"}],"author":[{"embeddable":true,"href":"https:\/\/blogopara.com.br\/index.php\/wp-json\/wp\/v2\/users\/1"}],"replies":[{"embeddable":true,"href":"https:\/\/blogopara.com.br\/index.php\/wp-json\/wp\/v2\/comments?post=44859"}],"version-history":[{"count":1,"href":"https:\/\/blogopara.com.br\/index.php\/wp-json\/wp\/v2\/posts\/44859\/revisions"}],"predecessor-version":[{"id":44860,"href":"https:\/\/blogopara.com.br\/index.php\/wp-json\/wp\/v2\/posts\/44859\/revisions\/44860"}],"wp:featuredmedia":[{"embeddable":true,"href":"https:\/\/blogopara.com.br\/index.php\/wp-json\/wp\/v2\/media\/44836"}],"wp:attachment":[{"href":"https:\/\/blogopara.com.br\/index.php\/wp-json\/wp\/v2\/media?parent=44859"}],"wp:term":[{"taxonomy":"category","embeddable":true,"href":"https:\/\/blogopara.com.br\/index.php\/wp-json\/wp\/v2\/categories?post=44859"},{"taxonomy":"post_tag","embeddable":true,"href":"https:\/\/blogopara.com.br\/index.php\/wp-json\/wp\/v2\/tags?post=44859"}],"curies":[{"name":"wp","href":"https:\/\/api.w.org\/{rel}","templated":true}]}}