{"id":4491,"date":"2019-11-05T14:27:27","date_gmt":"2019-11-05T16:27:27","guid":{"rendered":"http:\/\/blogopara.com.br\/?p=4491"},"modified":"2019-11-08T14:30:37","modified_gmt":"2019-11-08T16:30:37","slug":"xiii-festival-esportivo-lagoa-acontece","status":"publish","type":"post","link":"https:\/\/blogopara.com.br\/index.php\/2019\/11\/05\/xiii-festival-esportivo-lagoa-acontece","title":{"rendered":"XIII FESTIVAL ESPORTIVO LAGOA ACONTECE"},"content":{"rendered":"<p style=\"line-height: 150%; background: white; vertical-align: baseline; text-align: justify;\"><span style=\"font-family: 'Arial',sans-serif; color: #333333;\">As escolas municipais Jos\u00e9 de Amorim, Maria Monteiro Bacelar, Guiomar Lustosa e os col\u00e9gios estaduais Modelo, Pedro Rego e Jutahy Magalh\u00e3es realizaram no \u00faltimo final de semana, o \u2018XIII Festival Esportivo Lagoa 2019\u2019, na comunidade da Lagoa do Salitre, zona rural de Juazeiro.<\/span><\/p>\n<p style=\"text-align: justify; line-height: 150%; background: white; vertical-align: baseline; box-sizing: border-box; font-variant-ligatures: normal; font-variant-caps: normal; orphans: 2; widows: 2; -webkit-text-stroke-width: 0px; text-decoration-style: initial; text-decoration-color: initial; word-spacing: 0px;\"><span style=\"font-family: 'Arial',sans-serif; color: #333333;\">Em sua d\u00e9cima terceira edi\u00e7\u00e3o, o Festival que acontece anualmente, re\u00fane escolas da sede e do interior do munic\u00edpio com o objetivo de estimular a pr\u00e1tica do esporte, como ferramenta de educa\u00e7\u00e3o no espa\u00e7o escolar. Os alunos ir\u00e3o competir nas modalidades de atletismo, futebol society, handebol e bale\u00f4, feminino e masculino.<\/span><\/p>\n<p><img loading=\"lazy\" decoding=\"async\" class=\"alignnone size-medium wp-image-4614\" src=\"https:\/\/blogopara.com.br\/wp-content\/uploads\/2019\/11\/la-253x300.jpeg\" alt=\"\" width=\"253\" height=\"300\" srcset=\"https:\/\/blogopara.com.br\/wp-content\/uploads\/2019\/11\/la-253x300.jpeg 253w, https:\/\/blogopara.com.br\/wp-content\/uploads\/2019\/11\/la-768x912.jpeg 768w, https:\/\/blogopara.com.br\/wp-content\/uploads\/2019\/11\/la-862x1024.jpeg 862w, https:\/\/blogopara.com.br\/wp-content\/uploads\/2019\/11\/la.jpeg 955w\" sizes=\"auto, (max-width: 253px) 100vw, 253px\" \/><\/p>\n<pre style=\"line-height: 150%; background: white; vertical-align: baseline; text-align: justify;\"><span style=\"font-family: 'Arial',sans-serif; color: #333333;\">Ascom\/Pastorzinho<\/span><\/pre>\n","protected":false},"excerpt":{"rendered":"<p>As escolas municipais Jos\u00e9 de Amorim, Maria Monteiro Bacelar, Guiomar Lustosa e os col\u00e9gios estaduais Modelo, Pedro Rego e Jutahy Magalh\u00e3es realizaram no \u00faltimo final de semana, o \u2018XIII Festival Esportivo Lagoa 2019\u2019, na comunidade da Lagoa do Salitre, zona rural de Juazeiro. Em sua d\u00e9cima terceira edi\u00e7\u00e3o, o Festival que acontece anualmente, re\u00fane escolas [&hellip;]<\/p>\n","protected":false},"author":1,"featured_media":4492,"comment_status":"open","ping_status":"open","sticky":false,"template":"","format":"standard","meta":{"_uag_custom_page_level_css":"","_monsterinsights_skip_tracking":false,"_monsterinsights_sitenote_active":false,"_monsterinsights_sitenote_note":"","_monsterinsights_sitenote_category":0,"jetpack_post_was_ever_published":false,"_jetpack_newsletter_access":"","_jetpack_dont_email_post_to_subs":false,"_jetpack_newsletter_tier_id":0,"_jetpack_memberships_contains_paywalled_content":false,"_jetpack_memberships_contains_paid_content":false,"footnotes":"","jetpack_publicize_message":"","jetpack_publicize_feature_enabled":true,"jetpack_social_post_already_shared":true,"jetpack_social_options":{"image_generator_settings":{"template":"highway","default_image_id":0,"font":"","enabled":false},"version":2}},"categories":[203],"tags":[1123,348,742],"class_list":["post-4491","post","type-post","status-publish","format-standard","has-post-thumbnail","hentry","category-juazeiro","tag-escola-jose-amorim","tag-esporte","tag-salitre"],"jetpack_publicize_connections":[],"jetpack_featured_media_url":"https:\/\/blogopara.com.br\/wp-content\/uploads\/2019\/11\/pas.jpeg","uagb_featured_image_src":{"full":["https:\/\/blogopara.com.br\/wp-content\/uploads\/2019\/11\/pas.jpeg",558,709,false],"thumbnail":["https:\/\/blogopara.com.br\/wp-content\/uploads\/2019\/11\/pas-150x150.jpeg",150,150,true],"medium":["https:\/\/blogopara.com.br\/wp-content\/uploads\/2019\/11\/pas-236x300.jpeg",236,300,true],"medium_large":["https:\/\/blogopara.com.br\/wp-content\/uploads\/2019\/11\/pas.jpeg",558,709,false],"large":["https:\/\/blogopara.com.br\/wp-content\/uploads\/2019\/11\/pas.jpeg",558,709,false],"1536x1536":["https:\/\/blogopara.com.br\/wp-content\/uploads\/2019\/11\/pas.jpeg",558,709,false],"2048x2048":["https:\/\/blogopara.com.br\/wp-content\/uploads\/2019\/11\/pas.jpeg",558,709,false],"mantranews-slider-large":["https:\/\/blogopara.com.br\/wp-content\/uploads\/2019\/11\/pas.jpeg",558,709,false],"mantranews-featured-medium":["https:\/\/blogopara.com.br\/wp-content\/uploads\/2019\/11\/pas.jpeg",242,307,false],"mantranews-featured-long":["https:\/\/blogopara.com.br\/wp-content\/uploads\/2019\/11\/pas.jpeg",300,381,false],"mantranews-block-medium":["https:\/\/blogopara.com.br\/wp-content\/uploads\/2019\/11\/pas.jpeg",228,290,false],"mantranews-carousel-image":["https:\/\/blogopara.com.br\/wp-content\/uploads\/2019\/11\/pas.jpeg",394,500,false],"mantranews-block-thumb":["https:\/\/blogopara.com.br\/wp-content\/uploads\/2019\/11\/pas.jpeg",181,230,false],"mantranews-single-large":["https:\/\/blogopara.com.br\/wp-content\/uploads\/2019\/11\/pas.jpeg",505,642,false]},"uagb_author_info":{"display_name":"Reda\u00e7\u00e3o geral","author_link":"https:\/\/blogopara.com.br\/index.php\/author\/blogopara"},"uagb_comment_info":0,"uagb_excerpt":"As escolas municipais Jos\u00e9 de Amorim, Maria Monteiro Bacelar, Guiomar Lustosa e os col\u00e9gios estaduais Modelo, Pedro Rego e Jutahy Magalh\u00e3es realizaram no \u00faltimo final de semana, o \u2018XIII Festival Esportivo Lagoa 2019\u2019, na comunidade da Lagoa do Salitre, zona rural de Juazeiro. Em sua d\u00e9cima terceira edi\u00e7\u00e3o, o Festival que acontece anualmente, re\u00fane escolas&hellip;","jetpack_sharing_enabled":true,"jetpack_likes_enabled":true,"_links":{"self":[{"href":"https:\/\/blogopara.com.br\/index.php\/wp-json\/wp\/v2\/posts\/4491","targetHints":{"allow":["GET"]}}],"collection":[{"href":"https:\/\/blogopara.com.br\/index.php\/wp-json\/wp\/v2\/posts"}],"about":[{"href":"https:\/\/blogopara.com.br\/index.php\/wp-json\/wp\/v2\/types\/post"}],"author":[{"embeddable":true,"href":"https:\/\/blogopara.com.br\/index.php\/wp-json\/wp\/v2\/users\/1"}],"replies":[{"embeddable":true,"href":"https:\/\/blogopara.com.br\/index.php\/wp-json\/wp\/v2\/comments?post=4491"}],"version-history":[{"count":3,"href":"https:\/\/blogopara.com.br\/index.php\/wp-json\/wp\/v2\/posts\/4491\/revisions"}],"predecessor-version":[{"id":4615,"href":"https:\/\/blogopara.com.br\/index.php\/wp-json\/wp\/v2\/posts\/4491\/revisions\/4615"}],"wp:featuredmedia":[{"embeddable":true,"href":"https:\/\/blogopara.com.br\/index.php\/wp-json\/wp\/v2\/media\/4492"}],"wp:attachment":[{"href":"https:\/\/blogopara.com.br\/index.php\/wp-json\/wp\/v2\/media?parent=4491"}],"wp:term":[{"taxonomy":"category","embeddable":true,"href":"https:\/\/blogopara.com.br\/index.php\/wp-json\/wp\/v2\/categories?post=4491"},{"taxonomy":"post_tag","embeddable":true,"href":"https:\/\/blogopara.com.br\/index.php\/wp-json\/wp\/v2\/tags?post=4491"}],"curies":[{"name":"wp","href":"https:\/\/api.w.org\/{rel}","templated":true}]}}